{"id":21303,"date":"2024-03-27T12:35:34","date_gmt":"2024-03-27T17:35:34","guid":{"rendered":"https:\/\/podernacional.com\/?p=21303"},"modified":"2024-03-27T12:35:34","modified_gmt":"2024-03-27T17:35:34","slug":"queretaro-la-unica-entidad-con-todos-sus-municipios-en-los-mayores-niveles-de-sequia","status":"publish","type":"post","link":"https:\/\/elestataldemexico.com\/index.php\/2024\/03\/27\/queretaro-la-unica-entidad-con-todos-sus-municipios-en-los-mayores-niveles-de-sequia\/","title":{"rendered":"Quer\u00e9taro, la \u00fanica entidad con todos sus municipios en los mayores niveles de sequ\u00eda"},"content":{"rendered":"<p>Quer\u00e9taro, Qro. Quer\u00e9taro es la \u00fanica entidad del pa\u00eds con 100% de sus municipios en alguno de los dos niveles m\u00e1s altos de sequ\u00eda, que son la extrema y la excepcional, con base en informaci\u00f3n de la Secretar\u00eda de Desarrollo Agropecuario (Sedea).<\/p>\n<p>Por tanto, autoridades de los tres \u00f3rdenes de gobierno firmaron un convenio de colaboraci\u00f3n para atender la situaci\u00f3n h\u00eddrica, inform\u00f3 el gobierno estatal en un comunicado de prensa.<\/p>\n<p>El convenio tiene el prop\u00f3sito de prevenir y extinguir estos fen\u00f3menos, as\u00ed como mitigar los da\u00f1os que generen en el ecosistema, de acuerdo con la Coordinaci\u00f3n Estatal de Protecci\u00f3n Civil.<\/p>\n<p>La misiva hace referencia al impacto que la sequ\u00eda excepcional, afectando principalmente a la zona serrana.<\/p>\n<p>Quer\u00e9taro -expone el comunicado- vive un per\u00edodo complicado por la disminuci\u00f3n considerable de agua en los manantiales, que son v\u00eda de suministro para diversas localidades.<\/p>\n<p>\u201cEsto ante un per\u00edodo complicado que prevalece en la entidad, por la disminuci\u00f3n considerable del aforo de los manantiales, los cuales son fuentes de abastecimiento primario de muchas comunidades\u201d, se lee en el documento.<\/p>\n<p>Tambi\u00e9n se precis\u00f3 que la Comisi\u00f3n Estatal de Aguas (CEA) tienen identificadas las condiciones de cada regi\u00f3n, para planificar las estrategias a emplear en la temporada de estiaje.<\/p>\n<p>En su intervenci\u00f3n, el gobernador de Quer\u00e9taro inst\u00f3 a la poblaci\u00f3n a cuidar y hacer un uso racional del agua, debido a que cada acci\u00f3n impactar\u00e1 en el ahorro del recurso.<\/p>\n<p>Durante la segunda quincena de febrero y la primera de marzo, los 18 municipios de Quer\u00e9taro se mantuvieron en sequ\u00eda extrema y excepcional, los dos mayores grados de afectaci\u00f3n entre las cuatro categor\u00edas (sequ\u00eda moderada, severa, extrema y excepcional), expone el Monitor de Sequ\u00eda de la Comisi\u00f3n Nacional del Agua (Conagua), con informaci\u00f3n al 15 de marzo.<\/p>\n<p>En sequ\u00eda extrema se encuentran 11 municipios, principalmente de las zonas metropolitana, del semidesierto y del sur del estado: Amealco de Bonfil, Col\u00f3n, Corregidora, Ezequiel Montes, Huimilpan, El Marqu\u00e9s, Pedro Escobedo, Quer\u00e9taro, San Juan del R\u00edo, Tequisquiapan y Tolim\u00e1n.<\/p>\n<p>Los siete municipios restantes est\u00e1n en sequ\u00eda excepcional, se localizan principalmente en las regiones serrana y semides\u00e9rtica: Pinal de Amoles, Arroyo Seco, Cadereyta de Montes, Jalpan de Serra, Landa de Matamoros, Pe\u00f1amiller y San Joaqu\u00edn.<\/p>\n<p>&nbsp;<\/p>\n","protected":false},"excerpt":{"rendered":"<p>Quer\u00e9taro, Qro. Quer\u00e9taro es la \u00fanica entidad del pa\u00eds con 100% de sus municipios en alguno de los<\/p>\n","protected":false},"author":1,"featured_media":21305,"comment_status":"open","ping_status":"closed","sticky":false,"template":"","format":"standard","meta":{"footnotes":""},"categories":[7],"tags":[],"class_list":["post-21303","post","type-post","status-publish","format-standard","has-post-thumbnail","hentry","category-nacional"],"yoast_head":"<!-- This site is optimized with the Yoast SEO plugin v27.5 - https:\/\/yoast.com\/product\/yoast-seo-wordpress\/ -->\n<title>Quer\u00e9taro, la \u00fanica entidad con todos sus municipios en los mayores niveles de sequ\u00eda - El Estatal de M\u00e9xico<\/title>\n<meta name=\"robots\" content=\"index, follow, max-snippet:-1, max-image-preview:large, max-video-preview:-1\" \/>\n<link rel=\"canonical\" href=\"https:\/\/elestataldemexico.com\/index.php\/2024\/03\/27\/queretaro-la-unica-entidad-con-todos-sus-municipios-en-los-mayores-niveles-de-sequia\/\" \/>\n<meta property=\"og:locale\" content=\"es_ES\" \/>\n<meta property=\"og:type\" content=\"article\" \/>\n<meta property=\"og:title\" content=\"Quer\u00e9taro, la \u00fanica entidad con todos sus municipios en los mayores niveles de sequ\u00eda - El Estatal de M\u00e9xico\" \/>\n<meta property=\"og:description\" content=\"Quer\u00e9taro, Qro. Quer\u00e9taro es la \u00fanica entidad del pa\u00eds con 100% de sus municipios en alguno de los\" \/>\n<meta property=\"og:url\" content=\"https:\/\/elestataldemexico.com\/index.php\/2024\/03\/27\/queretaro-la-unica-entidad-con-todos-sus-municipios-en-los-mayores-niveles-de-sequia\/\" \/>\n<meta property=\"og:site_name\" content=\"El Estatal de M\u00e9xico\" \/>\n<meta property=\"article:published_time\" content=\"2024-03-27T17:35:34+00:00\" \/>\n<meta property=\"og:image\" content=\"https:\/\/elestataldemexico.com\/wp-content\/uploads\/2024\/03\/sequxa_presas_querxtaro_x5x.jpg_554688468.jpg\" \/>\n\t<meta property=\"og:image:width\" content=\"1200\" \/>\n\t<meta property=\"og:image:height\" content=\"675\" \/>\n\t<meta property=\"og:image:type\" content=\"image\/jpeg\" \/>\n<meta name=\"author\" content=\"admin\" \/>\n<meta name=\"twitter:card\" content=\"summary_large_image\" \/>\n<meta name=\"twitter:label1\" content=\"Escrito por\" \/>\n\t<meta name=\"twitter:data1\" content=\"admin\" \/>\n\t<meta name=\"twitter:label2\" content=\"Tiempo de lectura\" \/>\n\t<meta name=\"twitter:data2\" content=\"2 minutos\" \/>\n<script type=\"application\/ld+json\" class=\"yoast-schema-graph\">{\"@context\":\"https:\\\/\\\/schema.org\",\"@graph\":[{\"@type\":\"Article\",\"@id\":\"https:\\\/\\\/elestataldemexico.com\\\/index.php\\\/2024\\\/03\\\/27\\\/queretaro-la-unica-entidad-con-todos-sus-municipios-en-los-mayores-niveles-de-sequia\\\/#article\",\"isPartOf\":{\"@id\":\"https:\\\/\\\/elestataldemexico.com\\\/index.php\\\/2024\\\/03\\\/27\\\/queretaro-la-unica-entidad-con-todos-sus-municipios-en-los-mayores-niveles-de-sequia\\\/\"},\"author\":{\"name\":\"admin\",\"@id\":\"https:\\\/\\\/elestataldemexico.com\\\/#\\\/schema\\\/person\\\/6c7813c13d2c1571771f592f0fe866bb\"},\"headline\":\"Quer\u00e9taro, la \u00fanica entidad con todos sus municipios en los mayores niveles de sequ\u00eda\",\"datePublished\":\"2024-03-27T17:35:34+00:00\",\"mainEntityOfPage\":{\"@id\":\"https:\\\/\\\/elestataldemexico.com\\\/index.php\\\/2024\\\/03\\\/27\\\/queretaro-la-unica-entidad-con-todos-sus-municipios-en-los-mayores-niveles-de-sequia\\\/\"},\"wordCount\":426,\"commentCount\":0,\"publisher\":{\"@id\":\"https:\\\/\\\/elestataldemexico.com\\\/#organization\"},\"image\":{\"@id\":\"https:\\\/\\\/elestataldemexico.com\\\/index.php\\\/2024\\\/03\\\/27\\\/queretaro-la-unica-entidad-con-todos-sus-municipios-en-los-mayores-niveles-de-sequia\\\/#primaryimage\"},\"thumbnailUrl\":\"https:\\\/\\\/elestataldemexico.com\\\/wp-content\\\/uploads\\\/2024\\\/03\\\/sequxa_presas_querxtaro_x5x.jpg_554688468.jpg\",\"articleSection\":[\"Nacional\"],\"inLanguage\":\"es\",\"potentialAction\":[{\"@type\":\"CommentAction\",\"name\":\"Comment\",\"target\":[\"https:\\\/\\\/elestataldemexico.com\\\/index.php\\\/2024\\\/03\\\/27\\\/queretaro-la-unica-entidad-con-todos-sus-municipios-en-los-mayores-niveles-de-sequia\\\/#respond\"]}]},{\"@type\":\"WebPage\",\"@id\":\"https:\\\/\\\/elestataldemexico.com\\\/index.php\\\/2024\\\/03\\\/27\\\/queretaro-la-unica-entidad-con-todos-sus-municipios-en-los-mayores-niveles-de-sequia\\\/\",\"url\":\"https:\\\/\\\/elestataldemexico.com\\\/index.php\\\/2024\\\/03\\\/27\\\/queretaro-la-unica-entidad-con-todos-sus-municipios-en-los-mayores-niveles-de-sequia\\\/\",\"name\":\"Quer\u00e9taro, la \u00fanica entidad con todos sus municipios en los mayores niveles de sequ\u00eda - El Estatal de M\u00e9xico\",\"isPartOf\":{\"@id\":\"https:\\\/\\\/elestataldemexico.com\\\/#website\"},\"primaryImageOfPage\":{\"@id\":\"https:\\\/\\\/elestataldemexico.com\\\/index.php\\\/2024\\\/03\\\/27\\\/queretaro-la-unica-entidad-con-todos-sus-municipios-en-los-mayores-niveles-de-sequia\\\/#primaryimage\"},\"image\":{\"@id\":\"https:\\\/\\\/elestataldemexico.com\\\/index.php\\\/2024\\\/03\\\/27\\\/queretaro-la-unica-entidad-con-todos-sus-municipios-en-los-mayores-niveles-de-sequia\\\/#primaryimage\"},\"thumbnailUrl\":\"https:\\\/\\\/elestataldemexico.com\\\/wp-content\\\/uploads\\\/2024\\\/03\\\/sequxa_presas_querxtaro_x5x.jpg_554688468.jpg\",\"datePublished\":\"2024-03-27T17:35:34+00:00\",\"breadcrumb\":{\"@id\":\"https:\\\/\\\/elestataldemexico.com\\\/index.php\\\/2024\\\/03\\\/27\\\/queretaro-la-unica-entidad-con-todos-sus-municipios-en-los-mayores-niveles-de-sequia\\\/#breadcrumb\"},\"inLanguage\":\"es\",\"potentialAction\":[{\"@type\":\"ReadAction\",\"target\":[\"https:\\\/\\\/elestataldemexico.com\\\/index.php\\\/2024\\\/03\\\/27\\\/queretaro-la-unica-entidad-con-todos-sus-municipios-en-los-mayores-niveles-de-sequia\\\/\"]}]},{\"@type\":\"ImageObject\",\"inLanguage\":\"es\",\"@id\":\"https:\\\/\\\/elestataldemexico.com\\\/index.php\\\/2024\\\/03\\\/27\\\/queretaro-la-unica-entidad-con-todos-sus-municipios-en-los-mayores-niveles-de-sequia\\\/#primaryimage\",\"url\":\"https:\\\/\\\/elestataldemexico.com\\\/wp-content\\\/uploads\\\/2024\\\/03\\\/sequxa_presas_querxtaro_x5x.jpg_554688468.jpg\",\"contentUrl\":\"https:\\\/\\\/elestataldemexico.com\\\/wp-content\\\/uploads\\\/2024\\\/03\\\/sequxa_presas_querxtaro_x5x.jpg_554688468.jpg\",\"width\":1200,\"height\":675},{\"@type\":\"BreadcrumbList\",\"@id\":\"https:\\\/\\\/elestataldemexico.com\\\/index.php\\\/2024\\\/03\\\/27\\\/queretaro-la-unica-entidad-con-todos-sus-municipios-en-los-mayores-niveles-de-sequia\\\/#breadcrumb\",\"itemListElement\":[{\"@type\":\"ListItem\",\"position\":1,\"name\":\"Portada\",\"item\":\"https:\\\/\\\/elestataldemexico.com\\\/\"},{\"@type\":\"ListItem\",\"position\":2,\"name\":\"Quer\u00e9taro, la \u00fanica entidad con todos sus municipios en los mayores niveles de sequ\u00eda\"}]},{\"@type\":\"WebSite\",\"@id\":\"https:\\\/\\\/elestataldemexico.com\\\/#website\",\"url\":\"https:\\\/\\\/elestataldemexico.com\\\/\",\"name\":\"El Estatal de M\u00e9xico\",\"description\":\"\",\"publisher\":{\"@id\":\"https:\\\/\\\/elestataldemexico.com\\\/#organization\"},\"potentialAction\":[{\"@type\":\"SearchAction\",\"target\":{\"@type\":\"EntryPoint\",\"urlTemplate\":\"https:\\\/\\\/elestataldemexico.com\\\/?s={search_term_string}\"},\"query-input\":{\"@type\":\"PropertyValueSpecification\",\"valueRequired\":true,\"valueName\":\"search_term_string\"}}],\"inLanguage\":\"es\"},{\"@type\":\"Organization\",\"@id\":\"https:\\\/\\\/elestataldemexico.com\\\/#organization\",\"name\":\"El Estatal de M\u00e9xico\",\"url\":\"https:\\\/\\\/elestataldemexico.com\\\/\",\"logo\":{\"@type\":\"ImageObject\",\"inLanguage\":\"es\",\"@id\":\"https:\\\/\\\/elestataldemexico.com\\\/#\\\/schema\\\/logo\\\/image\\\/\",\"url\":\"https:\\\/\\\/elestataldemexico.com\\\/wp-content\\\/uploads\\\/2025\\\/05\\\/cropped-elestatal.png\",\"contentUrl\":\"https:\\\/\\\/elestataldemexico.com\\\/wp-content\\\/uploads\\\/2025\\\/05\\\/cropped-elestatal.png\",\"width\":504,\"height\":97,\"caption\":\"El Estatal de M\u00e9xico\"},\"image\":{\"@id\":\"https:\\\/\\\/elestataldemexico.com\\\/#\\\/schema\\\/logo\\\/image\\\/\"}},{\"@type\":\"Person\",\"@id\":\"https:\\\/\\\/elestataldemexico.com\\\/#\\\/schema\\\/person\\\/6c7813c13d2c1571771f592f0fe866bb\",\"name\":\"admin\",\"image\":{\"@type\":\"ImageObject\",\"inLanguage\":\"es\",\"@id\":\"https:\\\/\\\/secure.gravatar.com\\\/avatar\\\/d5ed2db9923a3ad3c0a47f6b3aec7abcb43924b9322251ade16472fc06f7bb5b?s=96&d=mm&r=g\",\"url\":\"https:\\\/\\\/secure.gravatar.com\\\/avatar\\\/d5ed2db9923a3ad3c0a47f6b3aec7abcb43924b9322251ade16472fc06f7bb5b?s=96&d=mm&r=g\",\"contentUrl\":\"https:\\\/\\\/secure.gravatar.com\\\/avatar\\\/d5ed2db9923a3ad3c0a47f6b3aec7abcb43924b9322251ade16472fc06f7bb5b?s=96&d=mm&r=g\",\"caption\":\"admin\"},\"sameAs\":[\"https:\\\/\\\/elestataldemexico.com\"],\"url\":\"https:\\\/\\\/elestataldemexico.com\\\/index.php\\\/author\\\/info_qk62m3p3\\\/\"}]}<\/script>\n<!-- \/ Yoast SEO plugin. -->","yoast_head_json":{"title":"Quer\u00e9taro, la \u00fanica entidad con todos sus municipios en los mayores niveles de sequ\u00eda - El Estatal de M\u00e9xico","robots":{"index":"index","follow":"follow","max-snippet":"max-snippet:-1","max-image-preview":"max-image-preview:large","max-video-preview":"max-video-preview:-1"},"canonical":"https:\/\/elestataldemexico.com\/index.php\/2024\/03\/27\/queretaro-la-unica-entidad-con-todos-sus-municipios-en-los-mayores-niveles-de-sequia\/","og_locale":"es_ES","og_type":"article","og_title":"Quer\u00e9taro, la \u00fanica entidad con todos sus municipios en los mayores niveles de sequ\u00eda - El Estatal de M\u00e9xico","og_description":"Quer\u00e9taro, Qro. Quer\u00e9taro es la \u00fanica entidad del pa\u00eds con 100% de sus municipios en alguno de los","og_url":"https:\/\/elestataldemexico.com\/index.php\/2024\/03\/27\/queretaro-la-unica-entidad-con-todos-sus-municipios-en-los-mayores-niveles-de-sequia\/","og_site_name":"El Estatal de M\u00e9xico","article_published_time":"2024-03-27T17:35:34+00:00","og_image":[{"width":1200,"height":675,"url":"https:\/\/elestataldemexico.com\/wp-content\/uploads\/2024\/03\/sequxa_presas_querxtaro_x5x.jpg_554688468.jpg","type":"image\/jpeg"}],"author":"admin","twitter_card":"summary_large_image","twitter_misc":{"Escrito por":"admin","Tiempo de lectura":"2 minutos"},"schema":{"@context":"https:\/\/schema.org","@graph":[{"@type":"Article","@id":"https:\/\/elestataldemexico.com\/index.php\/2024\/03\/27\/queretaro-la-unica-entidad-con-todos-sus-municipios-en-los-mayores-niveles-de-sequia\/#article","isPartOf":{"@id":"https:\/\/elestataldemexico.com\/index.php\/2024\/03\/27\/queretaro-la-unica-entidad-con-todos-sus-municipios-en-los-mayores-niveles-de-sequia\/"},"author":{"name":"admin","@id":"https:\/\/elestataldemexico.com\/#\/schema\/person\/6c7813c13d2c1571771f592f0fe866bb"},"headline":"Quer\u00e9taro, la \u00fanica entidad con todos sus municipios en los mayores niveles de sequ\u00eda","datePublished":"2024-03-27T17:35:34+00:00","mainEntityOfPage":{"@id":"https:\/\/elestataldemexico.com\/index.php\/2024\/03\/27\/queretaro-la-unica-entidad-con-todos-sus-municipios-en-los-mayores-niveles-de-sequia\/"},"wordCount":426,"commentCount":0,"publisher":{"@id":"https:\/\/elestataldemexico.com\/#organization"},"image":{"@id":"https:\/\/elestataldemexico.com\/index.php\/2024\/03\/27\/queretaro-la-unica-entidad-con-todos-sus-municipios-en-los-mayores-niveles-de-sequia\/#primaryimage"},"thumbnailUrl":"https:\/\/elestataldemexico.com\/wp-content\/uploads\/2024\/03\/sequxa_presas_querxtaro_x5x.jpg_554688468.jpg","articleSection":["Nacional"],"inLanguage":"es","potentialAction":[{"@type":"CommentAction","name":"Comment","target":["https:\/\/elestataldemexico.com\/index.php\/2024\/03\/27\/queretaro-la-unica-entidad-con-todos-sus-municipios-en-los-mayores-niveles-de-sequia\/#respond"]}]},{"@type":"WebPage","@id":"https:\/\/elestataldemexico.com\/index.php\/2024\/03\/27\/queretaro-la-unica-entidad-con-todos-sus-municipios-en-los-mayores-niveles-de-sequia\/","url":"https:\/\/elestataldemexico.com\/index.php\/2024\/03\/27\/queretaro-la-unica-entidad-con-todos-sus-municipios-en-los-mayores-niveles-de-sequia\/","name":"Quer\u00e9taro, la \u00fanica entidad con todos sus municipios en los mayores niveles de sequ\u00eda - El Estatal de M\u00e9xico","isPartOf":{"@id":"https:\/\/elestataldemexico.com\/#website"},"primaryImageOfPage":{"@id":"https:\/\/elestataldemexico.com\/index.php\/2024\/03\/27\/queretaro-la-unica-entidad-con-todos-sus-municipios-en-los-mayores-niveles-de-sequia\/#primaryimage"},"image":{"@id":"https:\/\/elestataldemexico.com\/index.php\/2024\/03\/27\/queretaro-la-unica-entidad-con-todos-sus-municipios-en-los-mayores-niveles-de-sequia\/#primaryimage"},"thumbnailUrl":"https:\/\/elestataldemexico.com\/wp-content\/uploads\/2024\/03\/sequxa_presas_querxtaro_x5x.jpg_554688468.jpg","datePublished":"2024-03-27T17:35:34+00:00","breadcrumb":{"@id":"https:\/\/elestataldemexico.com\/index.php\/2024\/03\/27\/queretaro-la-unica-entidad-con-todos-sus-municipios-en-los-mayores-niveles-de-sequia\/#breadcrumb"},"inLanguage":"es","potentialAction":[{"@type":"ReadAction","target":["https:\/\/elestataldemexico.com\/index.php\/2024\/03\/27\/queretaro-la-unica-entidad-con-todos-sus-municipios-en-los-mayores-niveles-de-sequia\/"]}]},{"@type":"ImageObject","inLanguage":"es","@id":"https:\/\/elestataldemexico.com\/index.php\/2024\/03\/27\/queretaro-la-unica-entidad-con-todos-sus-municipios-en-los-mayores-niveles-de-sequia\/#primaryimage","url":"https:\/\/elestataldemexico.com\/wp-content\/uploads\/2024\/03\/sequxa_presas_querxtaro_x5x.jpg_554688468.jpg","contentUrl":"https:\/\/elestataldemexico.com\/wp-content\/uploads\/2024\/03\/sequxa_presas_querxtaro_x5x.jpg_554688468.jpg","width":1200,"height":675},{"@type":"BreadcrumbList","@id":"https:\/\/elestataldemexico.com\/index.php\/2024\/03\/27\/queretaro-la-unica-entidad-con-todos-sus-municipios-en-los-mayores-niveles-de-sequia\/#breadcrumb","itemListElement":[{"@type":"ListItem","position":1,"name":"Portada","item":"https:\/\/elestataldemexico.com\/"},{"@type":"ListItem","position":2,"name":"Quer\u00e9taro, la \u00fanica entidad con todos sus municipios en los mayores niveles de sequ\u00eda"}]},{"@type":"WebSite","@id":"https:\/\/elestataldemexico.com\/#website","url":"https:\/\/elestataldemexico.com\/","name":"El Estatal de M\u00e9xico","description":"","publisher":{"@id":"https:\/\/elestataldemexico.com\/#organization"},"potentialAction":[{"@type":"SearchAction","target":{"@type":"EntryPoint","urlTemplate":"https:\/\/elestataldemexico.com\/?s={search_term_string}"},"query-input":{"@type":"PropertyValueSpecification","valueRequired":true,"valueName":"search_term_string"}}],"inLanguage":"es"},{"@type":"Organization","@id":"https:\/\/elestataldemexico.com\/#organization","name":"El Estatal de M\u00e9xico","url":"https:\/\/elestataldemexico.com\/","logo":{"@type":"ImageObject","inLanguage":"es","@id":"https:\/\/elestataldemexico.com\/#\/schema\/logo\/image\/","url":"https:\/\/elestataldemexico.com\/wp-content\/uploads\/2025\/05\/cropped-elestatal.png","contentUrl":"https:\/\/elestataldemexico.com\/wp-content\/uploads\/2025\/05\/cropped-elestatal.png","width":504,"height":97,"caption":"El Estatal de M\u00e9xico"},"image":{"@id":"https:\/\/elestataldemexico.com\/#\/schema\/logo\/image\/"}},{"@type":"Person","@id":"https:\/\/elestataldemexico.com\/#\/schema\/person\/6c7813c13d2c1571771f592f0fe866bb","name":"admin","image":{"@type":"ImageObject","inLanguage":"es","@id":"https:\/\/secure.gravatar.com\/avatar\/d5ed2db9923a3ad3c0a47f6b3aec7abcb43924b9322251ade16472fc06f7bb5b?s=96&d=mm&r=g","url":"https:\/\/secure.gravatar.com\/avatar\/d5ed2db9923a3ad3c0a47f6b3aec7abcb43924b9322251ade16472fc06f7bb5b?s=96&d=mm&r=g","contentUrl":"https:\/\/secure.gravatar.com\/avatar\/d5ed2db9923a3ad3c0a47f6b3aec7abcb43924b9322251ade16472fc06f7bb5b?s=96&d=mm&r=g","caption":"admin"},"sameAs":["https:\/\/elestataldemexico.com"],"url":"https:\/\/elestataldemexico.com\/index.php\/author\/info_qk62m3p3\/"}]}},"_links":{"self":[{"href":"https:\/\/elestataldemexico.com\/index.php\/wp-json\/wp\/v2\/posts\/21303","targetHints":{"allow":["GET"]}}],"collection":[{"href":"https:\/\/elestataldemexico.com\/index.php\/wp-json\/wp\/v2\/posts"}],"about":[{"href":"https:\/\/elestataldemexico.com\/index.php\/wp-json\/wp\/v2\/types\/post"}],"author":[{"embeddable":true,"href":"https:\/\/elestataldemexico.com\/index.php\/wp-json\/wp\/v2\/users\/1"}],"replies":[{"embeddable":true,"href":"https:\/\/elestataldemexico.com\/index.php\/wp-json\/wp\/v2\/comments?post=21303"}],"version-history":[{"count":0,"href":"https:\/\/elestataldemexico.com\/index.php\/wp-json\/wp\/v2\/posts\/21303\/revisions"}],"wp:featuredmedia":[{"embeddable":true,"href":"https:\/\/elestataldemexico.com\/index.php\/wp-json\/wp\/v2\/media\/21305"}],"wp:attachment":[{"href":"https:\/\/elestataldemexico.com\/index.php\/wp-json\/wp\/v2\/media?parent=21303"}],"wp:term":[{"taxonomy":"category","embeddable":true,"href":"https:\/\/elestataldemexico.com\/index.php\/wp-json\/wp\/v2\/categories?post=21303"},{"taxonomy":"post_tag","embeddable":true,"href":"https:\/\/elestataldemexico.com\/index.php\/wp-json\/wp\/v2\/tags?post=21303"}],"curies":[{"name":"wp","href":"https:\/\/api.w.org\/{rel}","templated":true}]}}