{"id":21282,"date":"2024-03-26T10:20:08","date_gmt":"2024-03-26T15:20:08","guid":{"rendered":"https:\/\/podernacional.com\/?p=21282"},"modified":"2024-03-26T10:20:08","modified_gmt":"2024-03-26T15:20:08","slug":"bombazo-rio-ferndinand-representara-a-inglaterra-en-la-kings-league-world-cup","status":"publish","type":"post","link":"https:\/\/elestataldemexico.com\/index.php\/2024\/03\/26\/bombazo-rio-ferndinand-representara-a-inglaterra-en-la-kings-league-world-cup\/","title":{"rendered":"\u00a1Bombazo! Rio Ferndinand representar\u00e1 a Inglaterra en la Kings League World Cup"},"content":{"rendered":"<p>No se detienen. En un bombazo m\u00e1s de la Kings League, hoy, han anunciado la llegada una de las leyendas vivientes del Manchester United.<\/p>\n<p>Rio Ferdinand, exjugador ingl\u00e9s, ser\u00e1 quien comparta presidencia de Inglaterra en la Kings League World Cup junto al freestyler Jeremy Lynch.<\/p>\n<p>Ferdinand se une a una ya selecta lista de figuras del futbol que est\u00e1n en el mundo de la Kings League, un ejemplo es el del alem\u00e1n Mario G\u00f6tze, quien tambi\u00e9n ser\u00e1 presidente de un equipo en el mundial del torneo de futbol 7.<\/p>\n<p>Asimismo, quien tambi\u00e9n fue anunciado como nuevo presidente del Deptostra FC es Eden Hazard, el exfutbolista de Chelsea y del Real Madrid, el belga ser\u00e1 uno de los dos presidentes que est\u00e9 a cargo del equipo, ya que tambi\u00e9n contar\u00e1n con la youtuber C\u00e9line Dept.<\/p>\n","protected":false},"excerpt":{"rendered":"<p>No se detienen. En un bombazo m\u00e1s de la Kings League, hoy, han anunciado la llegada una de<\/p>\n","protected":false},"author":1,"featured_media":21284,"comment_status":"open","ping_status":"closed","sticky":false,"template":"","format":"standard","meta":{"footnotes":""},"categories":[12],"tags":[],"class_list":["post-21282","post","type-post","status-publish","format-standard","has-post-thumbnail","hentry","category-deportes"],"yoast_head":"<!-- This site is optimized with the Yoast SEO plugin v27.5 - https:\/\/yoast.com\/product\/yoast-seo-wordpress\/ -->\n<title>\u00a1Bombazo! Rio Ferndinand representar\u00e1 a Inglaterra en la Kings League World Cup - El Estatal de M\u00e9xico<\/title>\n<meta name=\"robots\" content=\"index, follow, max-snippet:-1, max-image-preview:large, max-video-preview:-1\" \/>\n<link rel=\"canonical\" href=\"https:\/\/elestataldemexico.com\/index.php\/2024\/03\/26\/bombazo-rio-ferndinand-representara-a-inglaterra-en-la-kings-league-world-cup\/\" \/>\n<meta property=\"og:locale\" content=\"es_ES\" \/>\n<meta property=\"og:type\" content=\"article\" \/>\n<meta property=\"og:title\" content=\"\u00a1Bombazo! Rio Ferndinand representar\u00e1 a Inglaterra en la Kings League World Cup - El Estatal de M\u00e9xico\" \/>\n<meta property=\"og:description\" content=\"No se detienen. En un bombazo m\u00e1s de la Kings League, hoy, han anunciado la llegada una de\" \/>\n<meta property=\"og:url\" content=\"https:\/\/elestataldemexico.com\/index.php\/2024\/03\/26\/bombazo-rio-ferndinand-representara-a-inglaterra-en-la-kings-league-world-cup\/\" \/>\n<meta property=\"og:site_name\" content=\"El Estatal de M\u00e9xico\" \/>\n<meta property=\"article:published_time\" content=\"2024-03-26T15:20:08+00:00\" \/>\n<meta property=\"og:image\" content=\"https:\/\/elestataldemexico.com\/wp-content\/uploads\/2024\/03\/Nota1Ferdinand.jpg\" \/>\n\t<meta property=\"og:image:width\" content=\"768\" \/>\n\t<meta property=\"og:image:height\" content=\"433\" \/>\n\t<meta property=\"og:image:type\" content=\"image\/jpeg\" \/>\n<meta name=\"author\" content=\"admin\" \/>\n<meta name=\"twitter:card\" content=\"summary_large_image\" \/>\n<meta name=\"twitter:label1\" content=\"Escrito por\" \/>\n\t<meta name=\"twitter:data1\" content=\"admin\" \/>\n\t<meta name=\"twitter:label2\" content=\"Tiempo de lectura\" \/>\n\t<meta name=\"twitter:data2\" content=\"1 minuto\" \/>\n<script type=\"application\/ld+json\" class=\"yoast-schema-graph\">{\"@context\":\"https:\\\/\\\/schema.org\",\"@graph\":[{\"@type\":\"Article\",\"@id\":\"https:\\\/\\\/elestataldemexico.com\\\/index.php\\\/2024\\\/03\\\/26\\\/bombazo-rio-ferndinand-representara-a-inglaterra-en-la-kings-league-world-cup\\\/#article\",\"isPartOf\":{\"@id\":\"https:\\\/\\\/elestataldemexico.com\\\/index.php\\\/2024\\\/03\\\/26\\\/bombazo-rio-ferndinand-representara-a-inglaterra-en-la-kings-league-world-cup\\\/\"},\"author\":{\"name\":\"admin\",\"@id\":\"https:\\\/\\\/elestataldemexico.com\\\/#\\\/schema\\\/person\\\/6c7813c13d2c1571771f592f0fe866bb\"},\"headline\":\"\u00a1Bombazo! Rio Ferndinand representar\u00e1 a Inglaterra en la Kings League World Cup\",\"datePublished\":\"2024-03-26T15:20:08+00:00\",\"mainEntityOfPage\":{\"@id\":\"https:\\\/\\\/elestataldemexico.com\\\/index.php\\\/2024\\\/03\\\/26\\\/bombazo-rio-ferndinand-representara-a-inglaterra-en-la-kings-league-world-cup\\\/\"},\"wordCount\":155,\"commentCount\":0,\"publisher\":{\"@id\":\"https:\\\/\\\/elestataldemexico.com\\\/#organization\"},\"image\":{\"@id\":\"https:\\\/\\\/elestataldemexico.com\\\/index.php\\\/2024\\\/03\\\/26\\\/bombazo-rio-ferndinand-representara-a-inglaterra-en-la-kings-league-world-cup\\\/#primaryimage\"},\"thumbnailUrl\":\"https:\\\/\\\/elestataldemexico.com\\\/wp-content\\\/uploads\\\/2024\\\/03\\\/Nota1Ferdinand.jpg\",\"articleSection\":[\"Deportes\"],\"inLanguage\":\"es\",\"potentialAction\":[{\"@type\":\"CommentAction\",\"name\":\"Comment\",\"target\":[\"https:\\\/\\\/elestataldemexico.com\\\/index.php\\\/2024\\\/03\\\/26\\\/bombazo-rio-ferndinand-representara-a-inglaterra-en-la-kings-league-world-cup\\\/#respond\"]}]},{\"@type\":\"WebPage\",\"@id\":\"https:\\\/\\\/elestataldemexico.com\\\/index.php\\\/2024\\\/03\\\/26\\\/bombazo-rio-ferndinand-representara-a-inglaterra-en-la-kings-league-world-cup\\\/\",\"url\":\"https:\\\/\\\/elestataldemexico.com\\\/index.php\\\/2024\\\/03\\\/26\\\/bombazo-rio-ferndinand-representara-a-inglaterra-en-la-kings-league-world-cup\\\/\",\"name\":\"\u00a1Bombazo! Rio Ferndinand representar\u00e1 a Inglaterra en la Kings League World Cup - El Estatal de M\u00e9xico\",\"isPartOf\":{\"@id\":\"https:\\\/\\\/elestataldemexico.com\\\/#website\"},\"primaryImageOfPage\":{\"@id\":\"https:\\\/\\\/elestataldemexico.com\\\/index.php\\\/2024\\\/03\\\/26\\\/bombazo-rio-ferndinand-representara-a-inglaterra-en-la-kings-league-world-cup\\\/#primaryimage\"},\"image\":{\"@id\":\"https:\\\/\\\/elestataldemexico.com\\\/index.php\\\/2024\\\/03\\\/26\\\/bombazo-rio-ferndinand-representara-a-inglaterra-en-la-kings-league-world-cup\\\/#primaryimage\"},\"thumbnailUrl\":\"https:\\\/\\\/elestataldemexico.com\\\/wp-content\\\/uploads\\\/2024\\\/03\\\/Nota1Ferdinand.jpg\",\"datePublished\":\"2024-03-26T15:20:08+00:00\",\"breadcrumb\":{\"@id\":\"https:\\\/\\\/elestataldemexico.com\\\/index.php\\\/2024\\\/03\\\/26\\\/bombazo-rio-ferndinand-representara-a-inglaterra-en-la-kings-league-world-cup\\\/#breadcrumb\"},\"inLanguage\":\"es\",\"potentialAction\":[{\"@type\":\"ReadAction\",\"target\":[\"https:\\\/\\\/elestataldemexico.com\\\/index.php\\\/2024\\\/03\\\/26\\\/bombazo-rio-ferndinand-representara-a-inglaterra-en-la-kings-league-world-cup\\\/\"]}]},{\"@type\":\"ImageObject\",\"inLanguage\":\"es\",\"@id\":\"https:\\\/\\\/elestataldemexico.com\\\/index.php\\\/2024\\\/03\\\/26\\\/bombazo-rio-ferndinand-representara-a-inglaterra-en-la-kings-league-world-cup\\\/#primaryimage\",\"url\":\"https:\\\/\\\/elestataldemexico.com\\\/wp-content\\\/uploads\\\/2024\\\/03\\\/Nota1Ferdinand.jpg\",\"contentUrl\":\"https:\\\/\\\/elestataldemexico.com\\\/wp-content\\\/uploads\\\/2024\\\/03\\\/Nota1Ferdinand.jpg\",\"width\":768,\"height\":433},{\"@type\":\"BreadcrumbList\",\"@id\":\"https:\\\/\\\/elestataldemexico.com\\\/index.php\\\/2024\\\/03\\\/26\\\/bombazo-rio-ferndinand-representara-a-inglaterra-en-la-kings-league-world-cup\\\/#breadcrumb\",\"itemListElement\":[{\"@type\":\"ListItem\",\"position\":1,\"name\":\"Portada\",\"item\":\"https:\\\/\\\/elestataldemexico.com\\\/\"},{\"@type\":\"ListItem\",\"position\":2,\"name\":\"\u00a1Bombazo! Rio Ferndinand representar\u00e1 a Inglaterra en la Kings League World Cup\"}]},{\"@type\":\"WebSite\",\"@id\":\"https:\\\/\\\/elestataldemexico.com\\\/#website\",\"url\":\"https:\\\/\\\/elestataldemexico.com\\\/\",\"name\":\"El Estatal de M\u00e9xico\",\"description\":\"\",\"publisher\":{\"@id\":\"https:\\\/\\\/elestataldemexico.com\\\/#organization\"},\"potentialAction\":[{\"@type\":\"SearchAction\",\"target\":{\"@type\":\"EntryPoint\",\"urlTemplate\":\"https:\\\/\\\/elestataldemexico.com\\\/?s={search_term_string}\"},\"query-input\":{\"@type\":\"PropertyValueSpecification\",\"valueRequired\":true,\"valueName\":\"search_term_string\"}}],\"inLanguage\":\"es\"},{\"@type\":\"Organization\",\"@id\":\"https:\\\/\\\/elestataldemexico.com\\\/#organization\",\"name\":\"El Estatal de M\u00e9xico\",\"url\":\"https:\\\/\\\/elestataldemexico.com\\\/\",\"logo\":{\"@type\":\"ImageObject\",\"inLanguage\":\"es\",\"@id\":\"https:\\\/\\\/elestataldemexico.com\\\/#\\\/schema\\\/logo\\\/image\\\/\",\"url\":\"https:\\\/\\\/elestataldemexico.com\\\/wp-content\\\/uploads\\\/2025\\\/05\\\/cropped-elestatal.png\",\"contentUrl\":\"https:\\\/\\\/elestataldemexico.com\\\/wp-content\\\/uploads\\\/2025\\\/05\\\/cropped-elestatal.png\",\"width\":504,\"height\":97,\"caption\":\"El Estatal de M\u00e9xico\"},\"image\":{\"@id\":\"https:\\\/\\\/elestataldemexico.com\\\/#\\\/schema\\\/logo\\\/image\\\/\"}},{\"@type\":\"Person\",\"@id\":\"https:\\\/\\\/elestataldemexico.com\\\/#\\\/schema\\\/person\\\/6c7813c13d2c1571771f592f0fe866bb\",\"name\":\"admin\",\"image\":{\"@type\":\"ImageObject\",\"inLanguage\":\"es\",\"@id\":\"https:\\\/\\\/secure.gravatar.com\\\/avatar\\\/d5ed2db9923a3ad3c0a47f6b3aec7abcb43924b9322251ade16472fc06f7bb5b?s=96&d=mm&r=g\",\"url\":\"https:\\\/\\\/secure.gravatar.com\\\/avatar\\\/d5ed2db9923a3ad3c0a47f6b3aec7abcb43924b9322251ade16472fc06f7bb5b?s=96&d=mm&r=g\",\"contentUrl\":\"https:\\\/\\\/secure.gravatar.com\\\/avatar\\\/d5ed2db9923a3ad3c0a47f6b3aec7abcb43924b9322251ade16472fc06f7bb5b?s=96&d=mm&r=g\",\"caption\":\"admin\"},\"sameAs\":[\"https:\\\/\\\/elestataldemexico.com\"],\"url\":\"https:\\\/\\\/elestataldemexico.com\\\/index.php\\\/author\\\/info_qk62m3p3\\\/\"}]}<\/script>\n<!-- \/ Yoast SEO plugin. -->","yoast_head_json":{"title":"\u00a1Bombazo! Rio Ferndinand representar\u00e1 a Inglaterra en la Kings League World Cup - El Estatal de M\u00e9xico","robots":{"index":"index","follow":"follow","max-snippet":"max-snippet:-1","max-image-preview":"max-image-preview:large","max-video-preview":"max-video-preview:-1"},"canonical":"https:\/\/elestataldemexico.com\/index.php\/2024\/03\/26\/bombazo-rio-ferndinand-representara-a-inglaterra-en-la-kings-league-world-cup\/","og_locale":"es_ES","og_type":"article","og_title":"\u00a1Bombazo! Rio Ferndinand representar\u00e1 a Inglaterra en la Kings League World Cup - El Estatal de M\u00e9xico","og_description":"No se detienen. En un bombazo m\u00e1s de la Kings League, hoy, han anunciado la llegada una de","og_url":"https:\/\/elestataldemexico.com\/index.php\/2024\/03\/26\/bombazo-rio-ferndinand-representara-a-inglaterra-en-la-kings-league-world-cup\/","og_site_name":"El Estatal de M\u00e9xico","article_published_time":"2024-03-26T15:20:08+00:00","og_image":[{"width":768,"height":433,"url":"https:\/\/elestataldemexico.com\/wp-content\/uploads\/2024\/03\/Nota1Ferdinand.jpg","type":"image\/jpeg"}],"author":"admin","twitter_card":"summary_large_image","twitter_misc":{"Escrito por":"admin","Tiempo de lectura":"1 minuto"},"schema":{"@context":"https:\/\/schema.org","@graph":[{"@type":"Article","@id":"https:\/\/elestataldemexico.com\/index.php\/2024\/03\/26\/bombazo-rio-ferndinand-representara-a-inglaterra-en-la-kings-league-world-cup\/#article","isPartOf":{"@id":"https:\/\/elestataldemexico.com\/index.php\/2024\/03\/26\/bombazo-rio-ferndinand-representara-a-inglaterra-en-la-kings-league-world-cup\/"},"author":{"name":"admin","@id":"https:\/\/elestataldemexico.com\/#\/schema\/person\/6c7813c13d2c1571771f592f0fe866bb"},"headline":"\u00a1Bombazo! Rio Ferndinand representar\u00e1 a Inglaterra en la Kings League World Cup","datePublished":"2024-03-26T15:20:08+00:00","mainEntityOfPage":{"@id":"https:\/\/elestataldemexico.com\/index.php\/2024\/03\/26\/bombazo-rio-ferndinand-representara-a-inglaterra-en-la-kings-league-world-cup\/"},"wordCount":155,"commentCount":0,"publisher":{"@id":"https:\/\/elestataldemexico.com\/#organization"},"image":{"@id":"https:\/\/elestataldemexico.com\/index.php\/2024\/03\/26\/bombazo-rio-ferndinand-representara-a-inglaterra-en-la-kings-league-world-cup\/#primaryimage"},"thumbnailUrl":"https:\/\/elestataldemexico.com\/wp-content\/uploads\/2024\/03\/Nota1Ferdinand.jpg","articleSection":["Deportes"],"inLanguage":"es","potentialAction":[{"@type":"CommentAction","name":"Comment","target":["https:\/\/elestataldemexico.com\/index.php\/2024\/03\/26\/bombazo-rio-ferndinand-representara-a-inglaterra-en-la-kings-league-world-cup\/#respond"]}]},{"@type":"WebPage","@id":"https:\/\/elestataldemexico.com\/index.php\/2024\/03\/26\/bombazo-rio-ferndinand-representara-a-inglaterra-en-la-kings-league-world-cup\/","url":"https:\/\/elestataldemexico.com\/index.php\/2024\/03\/26\/bombazo-rio-ferndinand-representara-a-inglaterra-en-la-kings-league-world-cup\/","name":"\u00a1Bombazo! Rio Ferndinand representar\u00e1 a Inglaterra en la Kings League World Cup - El Estatal de M\u00e9xico","isPartOf":{"@id":"https:\/\/elestataldemexico.com\/#website"},"primaryImageOfPage":{"@id":"https:\/\/elestataldemexico.com\/index.php\/2024\/03\/26\/bombazo-rio-ferndinand-representara-a-inglaterra-en-la-kings-league-world-cup\/#primaryimage"},"image":{"@id":"https:\/\/elestataldemexico.com\/index.php\/2024\/03\/26\/bombazo-rio-ferndinand-representara-a-inglaterra-en-la-kings-league-world-cup\/#primaryimage"},"thumbnailUrl":"https:\/\/elestataldemexico.com\/wp-content\/uploads\/2024\/03\/Nota1Ferdinand.jpg","datePublished":"2024-03-26T15:20:08+00:00","breadcrumb":{"@id":"https:\/\/elestataldemexico.com\/index.php\/2024\/03\/26\/bombazo-rio-ferndinand-representara-a-inglaterra-en-la-kings-league-world-cup\/#breadcrumb"},"inLanguage":"es","potentialAction":[{"@type":"ReadAction","target":["https:\/\/elestataldemexico.com\/index.php\/2024\/03\/26\/bombazo-rio-ferndinand-representara-a-inglaterra-en-la-kings-league-world-cup\/"]}]},{"@type":"ImageObject","inLanguage":"es","@id":"https:\/\/elestataldemexico.com\/index.php\/2024\/03\/26\/bombazo-rio-ferndinand-representara-a-inglaterra-en-la-kings-league-world-cup\/#primaryimage","url":"https:\/\/elestataldemexico.com\/wp-content\/uploads\/2024\/03\/Nota1Ferdinand.jpg","contentUrl":"https:\/\/elestataldemexico.com\/wp-content\/uploads\/2024\/03\/Nota1Ferdinand.jpg","width":768,"height":433},{"@type":"BreadcrumbList","@id":"https:\/\/elestataldemexico.com\/index.php\/2024\/03\/26\/bombazo-rio-ferndinand-representara-a-inglaterra-en-la-kings-league-world-cup\/#breadcrumb","itemListElement":[{"@type":"ListItem","position":1,"name":"Portada","item":"https:\/\/elestataldemexico.com\/"},{"@type":"ListItem","position":2,"name":"\u00a1Bombazo! Rio Ferndinand representar\u00e1 a Inglaterra en la Kings League World Cup"}]},{"@type":"WebSite","@id":"https:\/\/elestataldemexico.com\/#website","url":"https:\/\/elestataldemexico.com\/","name":"El Estatal de M\u00e9xico","description":"","publisher":{"@id":"https:\/\/elestataldemexico.com\/#organization"},"potentialAction":[{"@type":"SearchAction","target":{"@type":"EntryPoint","urlTemplate":"https:\/\/elestataldemexico.com\/?s={search_term_string}"},"query-input":{"@type":"PropertyValueSpecification","valueRequired":true,"valueName":"search_term_string"}}],"inLanguage":"es"},{"@type":"Organization","@id":"https:\/\/elestataldemexico.com\/#organization","name":"El Estatal de M\u00e9xico","url":"https:\/\/elestataldemexico.com\/","logo":{"@type":"ImageObject","inLanguage":"es","@id":"https:\/\/elestataldemexico.com\/#\/schema\/logo\/image\/","url":"https:\/\/elestataldemexico.com\/wp-content\/uploads\/2025\/05\/cropped-elestatal.png","contentUrl":"https:\/\/elestataldemexico.com\/wp-content\/uploads\/2025\/05\/cropped-elestatal.png","width":504,"height":97,"caption":"El Estatal de M\u00e9xico"},"image":{"@id":"https:\/\/elestataldemexico.com\/#\/schema\/logo\/image\/"}},{"@type":"Person","@id":"https:\/\/elestataldemexico.com\/#\/schema\/person\/6c7813c13d2c1571771f592f0fe866bb","name":"admin","image":{"@type":"ImageObject","inLanguage":"es","@id":"https:\/\/secure.gravatar.com\/avatar\/d5ed2db9923a3ad3c0a47f6b3aec7abcb43924b9322251ade16472fc06f7bb5b?s=96&d=mm&r=g","url":"https:\/\/secure.gravatar.com\/avatar\/d5ed2db9923a3ad3c0a47f6b3aec7abcb43924b9322251ade16472fc06f7bb5b?s=96&d=mm&r=g","contentUrl":"https:\/\/secure.gravatar.com\/avatar\/d5ed2db9923a3ad3c0a47f6b3aec7abcb43924b9322251ade16472fc06f7bb5b?s=96&d=mm&r=g","caption":"admin"},"sameAs":["https:\/\/elestataldemexico.com"],"url":"https:\/\/elestataldemexico.com\/index.php\/author\/info_qk62m3p3\/"}]}},"_links":{"self":[{"href":"https:\/\/elestataldemexico.com\/index.php\/wp-json\/wp\/v2\/posts\/21282","targetHints":{"allow":["GET"]}}],"collection":[{"href":"https:\/\/elestataldemexico.com\/index.php\/wp-json\/wp\/v2\/posts"}],"about":[{"href":"https:\/\/elestataldemexico.com\/index.php\/wp-json\/wp\/v2\/types\/post"}],"author":[{"embeddable":true,"href":"https:\/\/elestataldemexico.com\/index.php\/wp-json\/wp\/v2\/users\/1"}],"replies":[{"embeddable":true,"href":"https:\/\/elestataldemexico.com\/index.php\/wp-json\/wp\/v2\/comments?post=21282"}],"version-history":[{"count":0,"href":"https:\/\/elestataldemexico.com\/index.php\/wp-json\/wp\/v2\/posts\/21282\/revisions"}],"wp:featuredmedia":[{"embeddable":true,"href":"https:\/\/elestataldemexico.com\/index.php\/wp-json\/wp\/v2\/media\/21284"}],"wp:attachment":[{"href":"https:\/\/elestataldemexico.com\/index.php\/wp-json\/wp\/v2\/media?parent=21282"}],"wp:term":[{"taxonomy":"category","embeddable":true,"href":"https:\/\/elestataldemexico.com\/index.php\/wp-json\/wp\/v2\/categories?post=21282"},{"taxonomy":"post_tag","embeddable":true,"href":"https:\/\/elestataldemexico.com\/index.php\/wp-json\/wp\/v2\/tags?post=21282"}],"curies":[{"name":"wp","href":"https:\/\/api.w.org\/{rel}","templated":true}]}}