{"id":21261,"date":"2024-03-24T18:12:47","date_gmt":"2024-03-24T23:12:47","guid":{"rendered":"https:\/\/podernacional.com\/?p=21261"},"modified":"2024-03-24T18:12:47","modified_gmt":"2024-03-24T23:12:47","slug":"el-fenomeno-de-la-serpiente-lunar-ilumina-a-chichen-itza","status":"publish","type":"post","link":"https:\/\/elestataldemexico.com\/index.php\/2024\/03\/24\/el-fenomeno-de-la-serpiente-lunar-ilumina-a-chichen-itza\/","title":{"rendered":"El fen\u00f3meno de la serpiente lunar ilumina a Chich\u00e9n Itz\u00e1"},"content":{"rendered":"<p>El fen\u00f3meno de la serpiente lunar, que se registra dos veces al a\u00f1o, descendi\u00f3 e ilumin\u00f3 la zona arqueol\u00f3gica de Chich\u00e9n Itz\u00e1, confirmando as\u00ed la dualidad en la cosmovisi\u00f3n maya.<\/p>\n<p>\u201cLos mayas siempre resaltaron la dualidad entre el d\u00eda y la noche y se confirma con la llegada del Kukulc\u00e1n Solar por las tardes y la Serpiente Lunar en las madrugadas\u201d, explic\u00f3 a EFE, Jos\u00e9 Antonio Keb Cetina, custodio de la zona arqueol\u00f3gica de Chich\u00e9n Itz\u00e1, quien durante m\u00e1s de 30 a\u00f1os lleva registros del movimiento de los astros en el sitio.<\/p>\n<p>En la cosmovisi\u00f3n de los mayas prehisp\u00e1nicos, la dualidad proviene de dos fuerzas opuestas que al mismo tiempo se complementan.<\/p>\n<p>El fen\u00f3meno que se registr\u00f3 la madrugada de este 24 de marzo, comenz\u00f3 a las 3:40 h local y exactamente una hora despu\u00e9s, se form\u00f3 la Serpiente Lunar con siete tri\u00e1ngulos de luz que brillaban gracias a Uh, la diosa Luna de los mayas.<\/p>\n<p>\u201cA las 4:40 de la madrugada, confirmamos la dualidad de los mayas, es decir, vimos un fen\u00f3meno arqueo astron\u00f3mico en el Castillo de Chich\u00e9n Itz\u00e1 con Uh, que ocurre 12 horas antes con la luz del Kinich Ahau, el dios Sol de los antiguos habitantes de Mesoam\u00e9rica\u201d, reiter\u00f3 Keb Cetina.<\/p>\n<p>Explic\u00f3 que observar la manifestaci\u00f3n de lo sagrado \u201cque dejaron nuestros antepasados mayas\u201d llena de emociones, \u201csobre todo porque en esta ocasi\u00f3n el Castillo o Templo de Kukulc\u00e1n se vio coronado por la constelaci\u00f3n de Escorpi\u00f3n y otras estrellas del firmamento\u201d.<\/p>\n<p>Por otra parte, el astr\u00f3nomo y matem\u00e1tico mexicano Eddie Salazar Gamboa, quien junto con el arque\u00f3logo V\u00edctor Segovia Pinto descubri\u00f3 el fen\u00f3meno lunar en 1993, confirm\u00f3 a EFE que esto ocurre dos veces al a\u00f1o.<\/p>\n<p>\u201cEs un espect\u00e1culo bello que ofrece la majestuosidad del Castillo y los tri\u00e1ngulos de plata que regala la luz de la Luna, formando la Serpiente Lunar en ese edificio que es un Calendario perfecto\u201d, asever\u00f3.<\/p>\n<p>El matem\u00e1tico, autor de varios libros sobre la cosmovisi\u00f3n maya, tambi\u00e9n revel\u00f3 que Kukulc\u00e1n llega al Castillo de Chich\u00e9n Itz\u00e1 varios d\u00edas antes y despu\u00e9s de los equinoccios para anunciar las siembras y cosechas.<\/p>\n<p>La alfarda noroeste del Castillo, considerada una de las siete maravillas del mundo moderno, \u201dse ilumina con los rayos del Sol formando la majestuosa serpiente con cinco, seis, siete, ocho y nueve tri\u00e1ngulos Is\u00f3sceles\u201d.<\/p>\n<p>Se\u00f1al\u00f3 que a principios de marzo el fen\u00f3meno se observa con cinco tri\u00e1ngulos y a medida que se acerca la fecha de los equinoccios aumentan, \u201cpor lo que este a\u00f1o se podr\u00e1 ver a la Serpiente Emplumada con nueve tri\u00e1ngulos hasta principios de abril\u201d, coment\u00f3.<\/p>\n","protected":false},"excerpt":{"rendered":"<p>El fen\u00f3meno de la serpiente lunar, que se registra dos veces al a\u00f1o, descendi\u00f3 e ilumin\u00f3 la zona<\/p>\n","protected":false},"author":1,"featured_media":21263,"comment_status":"open","ping_status":"closed","sticky":false,"template":"","format":"standard","meta":{"footnotes":""},"categories":[7],"tags":[],"class_list":["post-21261","post","type-post","status-publish","format-standard","has-post-thumbnail","hentry","category-nacional"],"yoast_head":"<!-- This site is optimized with the Yoast SEO plugin v27.5 - https:\/\/yoast.com\/product\/yoast-seo-wordpress\/ -->\n<title>El fen\u00f3meno de la serpiente lunar ilumina a Chich\u00e9n Itz\u00e1 - El Estatal de M\u00e9xico<\/title>\n<meta name=\"robots\" content=\"index, follow, max-snippet:-1, max-image-preview:large, max-video-preview:-1\" \/>\n<link rel=\"canonical\" href=\"https:\/\/elestataldemexico.com\/index.php\/2024\/03\/24\/el-fenomeno-de-la-serpiente-lunar-ilumina-a-chichen-itza\/\" \/>\n<meta property=\"og:locale\" content=\"es_ES\" \/>\n<meta property=\"og:type\" content=\"article\" \/>\n<meta property=\"og:title\" content=\"El fen\u00f3meno de la serpiente lunar ilumina a Chich\u00e9n Itz\u00e1 - El Estatal de M\u00e9xico\" \/>\n<meta property=\"og:description\" content=\"El fen\u00f3meno de la serpiente lunar, que se registra dos veces al a\u00f1o, descendi\u00f3 e ilumin\u00f3 la zona\" \/>\n<meta property=\"og:url\" content=\"https:\/\/elestataldemexico.com\/index.php\/2024\/03\/24\/el-fenomeno-de-la-serpiente-lunar-ilumina-a-chichen-itza\/\" \/>\n<meta property=\"og:site_name\" content=\"El Estatal de M\u00e9xico\" \/>\n<meta property=\"article:published_time\" content=\"2024-03-24T23:12:47+00:00\" \/>\n<meta property=\"og:image\" content=\"https:\/\/elestataldemexico.com\/wp-content\/uploads\/2024\/03\/WhatsApp-Image-2024-03-24-at-18.10.48.jpeg\" \/>\n\t<meta property=\"og:image:width\" content=\"1600\" \/>\n\t<meta property=\"og:image:height\" content=\"817\" \/>\n\t<meta property=\"og:image:type\" content=\"image\/jpeg\" \/>\n<meta name=\"author\" content=\"admin\" \/>\n<meta name=\"twitter:card\" content=\"summary_large_image\" \/>\n<meta name=\"twitter:label1\" content=\"Escrito por\" \/>\n\t<meta name=\"twitter:data1\" content=\"admin\" \/>\n\t<meta name=\"twitter:label2\" content=\"Tiempo de lectura\" \/>\n\t<meta name=\"twitter:data2\" content=\"2 minutos\" \/>\n<script type=\"application\/ld+json\" class=\"yoast-schema-graph\">{\"@context\":\"https:\\\/\\\/schema.org\",\"@graph\":[{\"@type\":\"Article\",\"@id\":\"https:\\\/\\\/elestataldemexico.com\\\/index.php\\\/2024\\\/03\\\/24\\\/el-fenomeno-de-la-serpiente-lunar-ilumina-a-chichen-itza\\\/#article\",\"isPartOf\":{\"@id\":\"https:\\\/\\\/elestataldemexico.com\\\/index.php\\\/2024\\\/03\\\/24\\\/el-fenomeno-de-la-serpiente-lunar-ilumina-a-chichen-itza\\\/\"},\"author\":{\"name\":\"admin\",\"@id\":\"https:\\\/\\\/elestataldemexico.com\\\/#\\\/schema\\\/person\\\/6c7813c13d2c1571771f592f0fe866bb\"},\"headline\":\"El fen\u00f3meno de la serpiente lunar ilumina a Chich\u00e9n Itz\u00e1\",\"datePublished\":\"2024-03-24T23:12:47+00:00\",\"mainEntityOfPage\":{\"@id\":\"https:\\\/\\\/elestataldemexico.com\\\/index.php\\\/2024\\\/03\\\/24\\\/el-fenomeno-de-la-serpiente-lunar-ilumina-a-chichen-itza\\\/\"},\"wordCount\":483,\"commentCount\":0,\"publisher\":{\"@id\":\"https:\\\/\\\/elestataldemexico.com\\\/#organization\"},\"image\":{\"@id\":\"https:\\\/\\\/elestataldemexico.com\\\/index.php\\\/2024\\\/03\\\/24\\\/el-fenomeno-de-la-serpiente-lunar-ilumina-a-chichen-itza\\\/#primaryimage\"},\"thumbnailUrl\":\"https:\\\/\\\/elestataldemexico.com\\\/wp-content\\\/uploads\\\/2024\\\/03\\\/WhatsApp-Image-2024-03-24-at-18.10.48.jpeg\",\"articleSection\":[\"Nacional\"],\"inLanguage\":\"es\",\"potentialAction\":[{\"@type\":\"CommentAction\",\"name\":\"Comment\",\"target\":[\"https:\\\/\\\/elestataldemexico.com\\\/index.php\\\/2024\\\/03\\\/24\\\/el-fenomeno-de-la-serpiente-lunar-ilumina-a-chichen-itza\\\/#respond\"]}]},{\"@type\":\"WebPage\",\"@id\":\"https:\\\/\\\/elestataldemexico.com\\\/index.php\\\/2024\\\/03\\\/24\\\/el-fenomeno-de-la-serpiente-lunar-ilumina-a-chichen-itza\\\/\",\"url\":\"https:\\\/\\\/elestataldemexico.com\\\/index.php\\\/2024\\\/03\\\/24\\\/el-fenomeno-de-la-serpiente-lunar-ilumina-a-chichen-itza\\\/\",\"name\":\"El fen\u00f3meno de la serpiente lunar ilumina a Chich\u00e9n Itz\u00e1 - El Estatal de M\u00e9xico\",\"isPartOf\":{\"@id\":\"https:\\\/\\\/elestataldemexico.com\\\/#website\"},\"primaryImageOfPage\":{\"@id\":\"https:\\\/\\\/elestataldemexico.com\\\/index.php\\\/2024\\\/03\\\/24\\\/el-fenomeno-de-la-serpiente-lunar-ilumina-a-chichen-itza\\\/#primaryimage\"},\"image\":{\"@id\":\"https:\\\/\\\/elestataldemexico.com\\\/index.php\\\/2024\\\/03\\\/24\\\/el-fenomeno-de-la-serpiente-lunar-ilumina-a-chichen-itza\\\/#primaryimage\"},\"thumbnailUrl\":\"https:\\\/\\\/elestataldemexico.com\\\/wp-content\\\/uploads\\\/2024\\\/03\\\/WhatsApp-Image-2024-03-24-at-18.10.48.jpeg\",\"datePublished\":\"2024-03-24T23:12:47+00:00\",\"breadcrumb\":{\"@id\":\"https:\\\/\\\/elestataldemexico.com\\\/index.php\\\/2024\\\/03\\\/24\\\/el-fenomeno-de-la-serpiente-lunar-ilumina-a-chichen-itza\\\/#breadcrumb\"},\"inLanguage\":\"es\",\"potentialAction\":[{\"@type\":\"ReadAction\",\"target\":[\"https:\\\/\\\/elestataldemexico.com\\\/index.php\\\/2024\\\/03\\\/24\\\/el-fenomeno-de-la-serpiente-lunar-ilumina-a-chichen-itza\\\/\"]}]},{\"@type\":\"ImageObject\",\"inLanguage\":\"es\",\"@id\":\"https:\\\/\\\/elestataldemexico.com\\\/index.php\\\/2024\\\/03\\\/24\\\/el-fenomeno-de-la-serpiente-lunar-ilumina-a-chichen-itza\\\/#primaryimage\",\"url\":\"https:\\\/\\\/elestataldemexico.com\\\/wp-content\\\/uploads\\\/2024\\\/03\\\/WhatsApp-Image-2024-03-24-at-18.10.48.jpeg\",\"contentUrl\":\"https:\\\/\\\/elestataldemexico.com\\\/wp-content\\\/uploads\\\/2024\\\/03\\\/WhatsApp-Image-2024-03-24-at-18.10.48.jpeg\",\"width\":1600,\"height\":817},{\"@type\":\"BreadcrumbList\",\"@id\":\"https:\\\/\\\/elestataldemexico.com\\\/index.php\\\/2024\\\/03\\\/24\\\/el-fenomeno-de-la-serpiente-lunar-ilumina-a-chichen-itza\\\/#breadcrumb\",\"itemListElement\":[{\"@type\":\"ListItem\",\"position\":1,\"name\":\"Portada\",\"item\":\"https:\\\/\\\/elestataldemexico.com\\\/\"},{\"@type\":\"ListItem\",\"position\":2,\"name\":\"El fen\u00f3meno de la serpiente lunar ilumina a Chich\u00e9n Itz\u00e1\"}]},{\"@type\":\"WebSite\",\"@id\":\"https:\\\/\\\/elestataldemexico.com\\\/#website\",\"url\":\"https:\\\/\\\/elestataldemexico.com\\\/\",\"name\":\"El Estatal de M\u00e9xico\",\"description\":\"\",\"publisher\":{\"@id\":\"https:\\\/\\\/elestataldemexico.com\\\/#organization\"},\"potentialAction\":[{\"@type\":\"SearchAction\",\"target\":{\"@type\":\"EntryPoint\",\"urlTemplate\":\"https:\\\/\\\/elestataldemexico.com\\\/?s={search_term_string}\"},\"query-input\":{\"@type\":\"PropertyValueSpecification\",\"valueRequired\":true,\"valueName\":\"search_term_string\"}}],\"inLanguage\":\"es\"},{\"@type\":\"Organization\",\"@id\":\"https:\\\/\\\/elestataldemexico.com\\\/#organization\",\"name\":\"El Estatal de M\u00e9xico\",\"url\":\"https:\\\/\\\/elestataldemexico.com\\\/\",\"logo\":{\"@type\":\"ImageObject\",\"inLanguage\":\"es\",\"@id\":\"https:\\\/\\\/elestataldemexico.com\\\/#\\\/schema\\\/logo\\\/image\\\/\",\"url\":\"https:\\\/\\\/elestataldemexico.com\\\/wp-content\\\/uploads\\\/2025\\\/05\\\/cropped-elestatal.png\",\"contentUrl\":\"https:\\\/\\\/elestataldemexico.com\\\/wp-content\\\/uploads\\\/2025\\\/05\\\/cropped-elestatal.png\",\"width\":504,\"height\":97,\"caption\":\"El Estatal de M\u00e9xico\"},\"image\":{\"@id\":\"https:\\\/\\\/elestataldemexico.com\\\/#\\\/schema\\\/logo\\\/image\\\/\"}},{\"@type\":\"Person\",\"@id\":\"https:\\\/\\\/elestataldemexico.com\\\/#\\\/schema\\\/person\\\/6c7813c13d2c1571771f592f0fe866bb\",\"name\":\"admin\",\"image\":{\"@type\":\"ImageObject\",\"inLanguage\":\"es\",\"@id\":\"https:\\\/\\\/secure.gravatar.com\\\/avatar\\\/d5ed2db9923a3ad3c0a47f6b3aec7abcb43924b9322251ade16472fc06f7bb5b?s=96&d=mm&r=g\",\"url\":\"https:\\\/\\\/secure.gravatar.com\\\/avatar\\\/d5ed2db9923a3ad3c0a47f6b3aec7abcb43924b9322251ade16472fc06f7bb5b?s=96&d=mm&r=g\",\"contentUrl\":\"https:\\\/\\\/secure.gravatar.com\\\/avatar\\\/d5ed2db9923a3ad3c0a47f6b3aec7abcb43924b9322251ade16472fc06f7bb5b?s=96&d=mm&r=g\",\"caption\":\"admin\"},\"sameAs\":[\"https:\\\/\\\/elestataldemexico.com\"],\"url\":\"https:\\\/\\\/elestataldemexico.com\\\/index.php\\\/author\\\/info_qk62m3p3\\\/\"}]}<\/script>\n<!-- \/ Yoast SEO plugin. -->","yoast_head_json":{"title":"El fen\u00f3meno de la serpiente lunar ilumina a Chich\u00e9n Itz\u00e1 - El Estatal de M\u00e9xico","robots":{"index":"index","follow":"follow","max-snippet":"max-snippet:-1","max-image-preview":"max-image-preview:large","max-video-preview":"max-video-preview:-1"},"canonical":"https:\/\/elestataldemexico.com\/index.php\/2024\/03\/24\/el-fenomeno-de-la-serpiente-lunar-ilumina-a-chichen-itza\/","og_locale":"es_ES","og_type":"article","og_title":"El fen\u00f3meno de la serpiente lunar ilumina a Chich\u00e9n Itz\u00e1 - El Estatal de M\u00e9xico","og_description":"El fen\u00f3meno de la serpiente lunar, que se registra dos veces al a\u00f1o, descendi\u00f3 e ilumin\u00f3 la zona","og_url":"https:\/\/elestataldemexico.com\/index.php\/2024\/03\/24\/el-fenomeno-de-la-serpiente-lunar-ilumina-a-chichen-itza\/","og_site_name":"El Estatal de M\u00e9xico","article_published_time":"2024-03-24T23:12:47+00:00","og_image":[{"width":1600,"height":817,"url":"https:\/\/elestataldemexico.com\/wp-content\/uploads\/2024\/03\/WhatsApp-Image-2024-03-24-at-18.10.48.jpeg","type":"image\/jpeg"}],"author":"admin","twitter_card":"summary_large_image","twitter_misc":{"Escrito por":"admin","Tiempo de lectura":"2 minutos"},"schema":{"@context":"https:\/\/schema.org","@graph":[{"@type":"Article","@id":"https:\/\/elestataldemexico.com\/index.php\/2024\/03\/24\/el-fenomeno-de-la-serpiente-lunar-ilumina-a-chichen-itza\/#article","isPartOf":{"@id":"https:\/\/elestataldemexico.com\/index.php\/2024\/03\/24\/el-fenomeno-de-la-serpiente-lunar-ilumina-a-chichen-itza\/"},"author":{"name":"admin","@id":"https:\/\/elestataldemexico.com\/#\/schema\/person\/6c7813c13d2c1571771f592f0fe866bb"},"headline":"El fen\u00f3meno de la serpiente lunar ilumina a Chich\u00e9n Itz\u00e1","datePublished":"2024-03-24T23:12:47+00:00","mainEntityOfPage":{"@id":"https:\/\/elestataldemexico.com\/index.php\/2024\/03\/24\/el-fenomeno-de-la-serpiente-lunar-ilumina-a-chichen-itza\/"},"wordCount":483,"commentCount":0,"publisher":{"@id":"https:\/\/elestataldemexico.com\/#organization"},"image":{"@id":"https:\/\/elestataldemexico.com\/index.php\/2024\/03\/24\/el-fenomeno-de-la-serpiente-lunar-ilumina-a-chichen-itza\/#primaryimage"},"thumbnailUrl":"https:\/\/elestataldemexico.com\/wp-content\/uploads\/2024\/03\/WhatsApp-Image-2024-03-24-at-18.10.48.jpeg","articleSection":["Nacional"],"inLanguage":"es","potentialAction":[{"@type":"CommentAction","name":"Comment","target":["https:\/\/elestataldemexico.com\/index.php\/2024\/03\/24\/el-fenomeno-de-la-serpiente-lunar-ilumina-a-chichen-itza\/#respond"]}]},{"@type":"WebPage","@id":"https:\/\/elestataldemexico.com\/index.php\/2024\/03\/24\/el-fenomeno-de-la-serpiente-lunar-ilumina-a-chichen-itza\/","url":"https:\/\/elestataldemexico.com\/index.php\/2024\/03\/24\/el-fenomeno-de-la-serpiente-lunar-ilumina-a-chichen-itza\/","name":"El fen\u00f3meno de la serpiente lunar ilumina a Chich\u00e9n Itz\u00e1 - El Estatal de M\u00e9xico","isPartOf":{"@id":"https:\/\/elestataldemexico.com\/#website"},"primaryImageOfPage":{"@id":"https:\/\/elestataldemexico.com\/index.php\/2024\/03\/24\/el-fenomeno-de-la-serpiente-lunar-ilumina-a-chichen-itza\/#primaryimage"},"image":{"@id":"https:\/\/elestataldemexico.com\/index.php\/2024\/03\/24\/el-fenomeno-de-la-serpiente-lunar-ilumina-a-chichen-itza\/#primaryimage"},"thumbnailUrl":"https:\/\/elestataldemexico.com\/wp-content\/uploads\/2024\/03\/WhatsApp-Image-2024-03-24-at-18.10.48.jpeg","datePublished":"2024-03-24T23:12:47+00:00","breadcrumb":{"@id":"https:\/\/elestataldemexico.com\/index.php\/2024\/03\/24\/el-fenomeno-de-la-serpiente-lunar-ilumina-a-chichen-itza\/#breadcrumb"},"inLanguage":"es","potentialAction":[{"@type":"ReadAction","target":["https:\/\/elestataldemexico.com\/index.php\/2024\/03\/24\/el-fenomeno-de-la-serpiente-lunar-ilumina-a-chichen-itza\/"]}]},{"@type":"ImageObject","inLanguage":"es","@id":"https:\/\/elestataldemexico.com\/index.php\/2024\/03\/24\/el-fenomeno-de-la-serpiente-lunar-ilumina-a-chichen-itza\/#primaryimage","url":"https:\/\/elestataldemexico.com\/wp-content\/uploads\/2024\/03\/WhatsApp-Image-2024-03-24-at-18.10.48.jpeg","contentUrl":"https:\/\/elestataldemexico.com\/wp-content\/uploads\/2024\/03\/WhatsApp-Image-2024-03-24-at-18.10.48.jpeg","width":1600,"height":817},{"@type":"BreadcrumbList","@id":"https:\/\/elestataldemexico.com\/index.php\/2024\/03\/24\/el-fenomeno-de-la-serpiente-lunar-ilumina-a-chichen-itza\/#breadcrumb","itemListElement":[{"@type":"ListItem","position":1,"name":"Portada","item":"https:\/\/elestataldemexico.com\/"},{"@type":"ListItem","position":2,"name":"El fen\u00f3meno de la serpiente lunar ilumina a Chich\u00e9n Itz\u00e1"}]},{"@type":"WebSite","@id":"https:\/\/elestataldemexico.com\/#website","url":"https:\/\/elestataldemexico.com\/","name":"El Estatal de M\u00e9xico","description":"","publisher":{"@id":"https:\/\/elestataldemexico.com\/#organization"},"potentialAction":[{"@type":"SearchAction","target":{"@type":"EntryPoint","urlTemplate":"https:\/\/elestataldemexico.com\/?s={search_term_string}"},"query-input":{"@type":"PropertyValueSpecification","valueRequired":true,"valueName":"search_term_string"}}],"inLanguage":"es"},{"@type":"Organization","@id":"https:\/\/elestataldemexico.com\/#organization","name":"El Estatal de M\u00e9xico","url":"https:\/\/elestataldemexico.com\/","logo":{"@type":"ImageObject","inLanguage":"es","@id":"https:\/\/elestataldemexico.com\/#\/schema\/logo\/image\/","url":"https:\/\/elestataldemexico.com\/wp-content\/uploads\/2025\/05\/cropped-elestatal.png","contentUrl":"https:\/\/elestataldemexico.com\/wp-content\/uploads\/2025\/05\/cropped-elestatal.png","width":504,"height":97,"caption":"El Estatal de M\u00e9xico"},"image":{"@id":"https:\/\/elestataldemexico.com\/#\/schema\/logo\/image\/"}},{"@type":"Person","@id":"https:\/\/elestataldemexico.com\/#\/schema\/person\/6c7813c13d2c1571771f592f0fe866bb","name":"admin","image":{"@type":"ImageObject","inLanguage":"es","@id":"https:\/\/secure.gravatar.com\/avatar\/d5ed2db9923a3ad3c0a47f6b3aec7abcb43924b9322251ade16472fc06f7bb5b?s=96&d=mm&r=g","url":"https:\/\/secure.gravatar.com\/avatar\/d5ed2db9923a3ad3c0a47f6b3aec7abcb43924b9322251ade16472fc06f7bb5b?s=96&d=mm&r=g","contentUrl":"https:\/\/secure.gravatar.com\/avatar\/d5ed2db9923a3ad3c0a47f6b3aec7abcb43924b9322251ade16472fc06f7bb5b?s=96&d=mm&r=g","caption":"admin"},"sameAs":["https:\/\/elestataldemexico.com"],"url":"https:\/\/elestataldemexico.com\/index.php\/author\/info_qk62m3p3\/"}]}},"_links":{"self":[{"href":"https:\/\/elestataldemexico.com\/index.php\/wp-json\/wp\/v2\/posts\/21261","targetHints":{"allow":["GET"]}}],"collection":[{"href":"https:\/\/elestataldemexico.com\/index.php\/wp-json\/wp\/v2\/posts"}],"about":[{"href":"https:\/\/elestataldemexico.com\/index.php\/wp-json\/wp\/v2\/types\/post"}],"author":[{"embeddable":true,"href":"https:\/\/elestataldemexico.com\/index.php\/wp-json\/wp\/v2\/users\/1"}],"replies":[{"embeddable":true,"href":"https:\/\/elestataldemexico.com\/index.php\/wp-json\/wp\/v2\/comments?post=21261"}],"version-history":[{"count":0,"href":"https:\/\/elestataldemexico.com\/index.php\/wp-json\/wp\/v2\/posts\/21261\/revisions"}],"wp:featuredmedia":[{"embeddable":true,"href":"https:\/\/elestataldemexico.com\/index.php\/wp-json\/wp\/v2\/media\/21263"}],"wp:attachment":[{"href":"https:\/\/elestataldemexico.com\/index.php\/wp-json\/wp\/v2\/media?parent=21261"}],"wp:term":[{"taxonomy":"category","embeddable":true,"href":"https:\/\/elestataldemexico.com\/index.php\/wp-json\/wp\/v2\/categories?post=21261"},{"taxonomy":"post_tag","embeddable":true,"href":"https:\/\/elestataldemexico.com\/index.php\/wp-json\/wp\/v2\/tags?post=21261"}],"curies":[{"name":"wp","href":"https:\/\/api.w.org\/{rel}","templated":true}]}}