{"id":21118,"date":"2024-03-14T13:01:17","date_gmt":"2024-03-14T18:01:17","guid":{"rendered":"https:\/\/podernacional.com\/?p=21118"},"modified":"2024-03-14T13:01:17","modified_gmt":"2024-03-14T18:01:17","slug":"lider-de-corea-del-norte-presenta-y-maneja-un-nuevo-tanque-de-combate","status":"publish","type":"post","link":"https:\/\/elestataldemexico.com\/index.php\/2024\/03\/14\/lider-de-corea-del-norte-presenta-y-maneja-un-nuevo-tanque-de-combate\/","title":{"rendered":"L\u00edder de Corea del Norte presenta y maneja un nuevo tanque de combate"},"content":{"rendered":"<p>El l\u00edder de Corea del Norte, Kim Jong Un, manej\u00f3 un \u201cnuevo tipo de tanque de combate\u201d durante la supervisi\u00f3n de unos ejercicios militares, se\u00f1alaron el jueves los medios estatales del pa\u00eds.<\/p>\n<p>Con una chaqueta de cuero negro, Kim salud\u00f3 a soldados en uniforme de camuflaje y supervis\u00f3 unos ejercicios con fuego real desde un puesto de mando, flanqueado por altos generales, seg\u00fan las im\u00e1genes publicadas por la prensa estatal.<\/p>\n<p>Despu\u00e9s \u201cse mont\u00f3 en un nuevo tipo de tanque de combate, tom\u00f3 la palanca de mando y manej\u00f3 el tanque \u00e9l mismo\u201d, afirm\u00f3 la agencia de prensa oficial KCNA.<\/p>\n<p>El informe coincide con el \u00faltimo d\u00eda de unas maniobras conjuntas anuales entre Estados Unidos y Corea del Sur en las que sus tropas entrenaron la intercepci\u00f3n de misiles y los asaltos a\u00e9reos.<\/p>\n<p>Corea del Norte, armada con un arsenal nuclear, conden\u00f3 estos ejercicios que interpreta como ensayos para una invasi\u00f3n.<\/p>\n<p>Kim expres\u00f3 \u201cgran satisfacci\u00f3n\u201d por \u201cla excelente potencia de ataque\u201d del nuevo tanque y destac\u00f3 \u201cla importancia\u201d de estos veh\u00edculos \u201cen la guerra moderna\u201d y \u201cla necesidad de organizar ejercicios intensivos que simulen una guerra real\u201d.<\/p>\n<p>La tensi\u00f3n en la pen\u00ednsula de Corea aument\u00f3 en meses recientes, con la multiplicaci\u00f3n de ensayos armament\u00edsticos por parte del Norte y el refuerzo de la cooperaci\u00f3n con Estados Unidos y los ejercicios militares conjuntos del Sur.<\/p>\n<p>En lo que va de a\u00f1o, Corea del Norte intensific\u00f3 la ret\u00f3rica beligerante, declarando a Se\u00fal como su \u201cprincipal enemigo\u201d y amenazando con una guerra ante la m\u00ednima violaci\u00f3n de su territorio.<\/p>\n","protected":false},"excerpt":{"rendered":"<p>El l\u00edder de Corea del Norte, Kim Jong Un, manej\u00f3 un \u201cnuevo tipo de tanque de combate\u201d durante<\/p>\n","protected":false},"author":1,"featured_media":21120,"comment_status":"open","ping_status":"closed","sticky":false,"template":"","format":"standard","meta":{"footnotes":""},"categories":[10],"tags":[],"class_list":["post-21118","post","type-post","status-publish","format-standard","has-post-thumbnail","hentry","category-internacional"],"yoast_head":"<!-- This site is optimized with the Yoast SEO plugin v27.5 - https:\/\/yoast.com\/product\/yoast-seo-wordpress\/ -->\n<title>L\u00edder de Corea del Norte presenta y maneja un nuevo tanque de combate - El Estatal de M\u00e9xico<\/title>\n<meta name=\"robots\" content=\"index, follow, max-snippet:-1, max-image-preview:large, max-video-preview:-1\" \/>\n<link rel=\"canonical\" href=\"https:\/\/elestataldemexico.com\/index.php\/2024\/03\/14\/lider-de-corea-del-norte-presenta-y-maneja-un-nuevo-tanque-de-combate\/\" \/>\n<meta property=\"og:locale\" content=\"es_ES\" \/>\n<meta property=\"og:type\" content=\"article\" \/>\n<meta property=\"og:title\" content=\"L\u00edder de Corea del Norte presenta y maneja un nuevo tanque de combate - El Estatal de M\u00e9xico\" \/>\n<meta property=\"og:description\" content=\"El l\u00edder de Corea del Norte, Kim Jong Un, manej\u00f3 un \u201cnuevo tipo de tanque de combate\u201d durante\" \/>\n<meta property=\"og:url\" content=\"https:\/\/elestataldemexico.com\/index.php\/2024\/03\/14\/lider-de-corea-del-norte-presenta-y-maneja-un-nuevo-tanque-de-combate\/\" \/>\n<meta property=\"og:site_name\" content=\"El Estatal de M\u00e9xico\" \/>\n<meta property=\"article:published_time\" content=\"2024-03-14T18:01:17+00:00\" \/>\n<meta property=\"og:image\" content=\"https:\/\/elestataldemexico.com\/wp-content\/uploads\/2024\/03\/kim-jong-un-tanque-afp-5-093820.jpg\" \/>\n\t<meta property=\"og:image:width\" content=\"1200\" \/>\n\t<meta property=\"og:image:height\" content=\"675\" \/>\n\t<meta property=\"og:image:type\" content=\"image\/jpeg\" \/>\n<meta name=\"author\" content=\"admin\" \/>\n<meta name=\"twitter:card\" content=\"summary_large_image\" \/>\n<meta name=\"twitter:label1\" content=\"Escrito por\" \/>\n\t<meta name=\"twitter:data1\" content=\"admin\" \/>\n\t<meta name=\"twitter:label2\" content=\"Tiempo de lectura\" \/>\n\t<meta name=\"twitter:data2\" content=\"1 minuto\" \/>\n<script type=\"application\/ld+json\" class=\"yoast-schema-graph\">{\"@context\":\"https:\\\/\\\/schema.org\",\"@graph\":[{\"@type\":\"Article\",\"@id\":\"https:\\\/\\\/elestataldemexico.com\\\/index.php\\\/2024\\\/03\\\/14\\\/lider-de-corea-del-norte-presenta-y-maneja-un-nuevo-tanque-de-combate\\\/#article\",\"isPartOf\":{\"@id\":\"https:\\\/\\\/elestataldemexico.com\\\/index.php\\\/2024\\\/03\\\/14\\\/lider-de-corea-del-norte-presenta-y-maneja-un-nuevo-tanque-de-combate\\\/\"},\"author\":{\"name\":\"admin\",\"@id\":\"https:\\\/\\\/elestataldemexico.com\\\/#\\\/schema\\\/person\\\/6c7813c13d2c1571771f592f0fe866bb\"},\"headline\":\"L\u00edder de Corea del Norte presenta y maneja un nuevo tanque de combate\",\"datePublished\":\"2024-03-14T18:01:17+00:00\",\"mainEntityOfPage\":{\"@id\":\"https:\\\/\\\/elestataldemexico.com\\\/index.php\\\/2024\\\/03\\\/14\\\/lider-de-corea-del-norte-presenta-y-maneja-un-nuevo-tanque-de-combate\\\/\"},\"wordCount\":292,\"commentCount\":0,\"publisher\":{\"@id\":\"https:\\\/\\\/elestataldemexico.com\\\/#organization\"},\"image\":{\"@id\":\"https:\\\/\\\/elestataldemexico.com\\\/index.php\\\/2024\\\/03\\\/14\\\/lider-de-corea-del-norte-presenta-y-maneja-un-nuevo-tanque-de-combate\\\/#primaryimage\"},\"thumbnailUrl\":\"https:\\\/\\\/elestataldemexico.com\\\/wp-content\\\/uploads\\\/2024\\\/03\\\/kim-jong-un-tanque-afp-5-093820.jpg\",\"articleSection\":[\"Internacional\"],\"inLanguage\":\"es\",\"potentialAction\":[{\"@type\":\"CommentAction\",\"name\":\"Comment\",\"target\":[\"https:\\\/\\\/elestataldemexico.com\\\/index.php\\\/2024\\\/03\\\/14\\\/lider-de-corea-del-norte-presenta-y-maneja-un-nuevo-tanque-de-combate\\\/#respond\"]}]},{\"@type\":\"WebPage\",\"@id\":\"https:\\\/\\\/elestataldemexico.com\\\/index.php\\\/2024\\\/03\\\/14\\\/lider-de-corea-del-norte-presenta-y-maneja-un-nuevo-tanque-de-combate\\\/\",\"url\":\"https:\\\/\\\/elestataldemexico.com\\\/index.php\\\/2024\\\/03\\\/14\\\/lider-de-corea-del-norte-presenta-y-maneja-un-nuevo-tanque-de-combate\\\/\",\"name\":\"L\u00edder de Corea del Norte presenta y maneja un nuevo tanque de combate - El Estatal de M\u00e9xico\",\"isPartOf\":{\"@id\":\"https:\\\/\\\/elestataldemexico.com\\\/#website\"},\"primaryImageOfPage\":{\"@id\":\"https:\\\/\\\/elestataldemexico.com\\\/index.php\\\/2024\\\/03\\\/14\\\/lider-de-corea-del-norte-presenta-y-maneja-un-nuevo-tanque-de-combate\\\/#primaryimage\"},\"image\":{\"@id\":\"https:\\\/\\\/elestataldemexico.com\\\/index.php\\\/2024\\\/03\\\/14\\\/lider-de-corea-del-norte-presenta-y-maneja-un-nuevo-tanque-de-combate\\\/#primaryimage\"},\"thumbnailUrl\":\"https:\\\/\\\/elestataldemexico.com\\\/wp-content\\\/uploads\\\/2024\\\/03\\\/kim-jong-un-tanque-afp-5-093820.jpg\",\"datePublished\":\"2024-03-14T18:01:17+00:00\",\"breadcrumb\":{\"@id\":\"https:\\\/\\\/elestataldemexico.com\\\/index.php\\\/2024\\\/03\\\/14\\\/lider-de-corea-del-norte-presenta-y-maneja-un-nuevo-tanque-de-combate\\\/#breadcrumb\"},\"inLanguage\":\"es\",\"potentialAction\":[{\"@type\":\"ReadAction\",\"target\":[\"https:\\\/\\\/elestataldemexico.com\\\/index.php\\\/2024\\\/03\\\/14\\\/lider-de-corea-del-norte-presenta-y-maneja-un-nuevo-tanque-de-combate\\\/\"]}]},{\"@type\":\"ImageObject\",\"inLanguage\":\"es\",\"@id\":\"https:\\\/\\\/elestataldemexico.com\\\/index.php\\\/2024\\\/03\\\/14\\\/lider-de-corea-del-norte-presenta-y-maneja-un-nuevo-tanque-de-combate\\\/#primaryimage\",\"url\":\"https:\\\/\\\/elestataldemexico.com\\\/wp-content\\\/uploads\\\/2024\\\/03\\\/kim-jong-un-tanque-afp-5-093820.jpg\",\"contentUrl\":\"https:\\\/\\\/elestataldemexico.com\\\/wp-content\\\/uploads\\\/2024\\\/03\\\/kim-jong-un-tanque-afp-5-093820.jpg\",\"width\":1200,\"height\":675},{\"@type\":\"BreadcrumbList\",\"@id\":\"https:\\\/\\\/elestataldemexico.com\\\/index.php\\\/2024\\\/03\\\/14\\\/lider-de-corea-del-norte-presenta-y-maneja-un-nuevo-tanque-de-combate\\\/#breadcrumb\",\"itemListElement\":[{\"@type\":\"ListItem\",\"position\":1,\"name\":\"Portada\",\"item\":\"https:\\\/\\\/elestataldemexico.com\\\/\"},{\"@type\":\"ListItem\",\"position\":2,\"name\":\"L\u00edder de Corea del Norte presenta y maneja un nuevo tanque de combate\"}]},{\"@type\":\"WebSite\",\"@id\":\"https:\\\/\\\/elestataldemexico.com\\\/#website\",\"url\":\"https:\\\/\\\/elestataldemexico.com\\\/\",\"name\":\"El Estatal de M\u00e9xico\",\"description\":\"\",\"publisher\":{\"@id\":\"https:\\\/\\\/elestataldemexico.com\\\/#organization\"},\"potentialAction\":[{\"@type\":\"SearchAction\",\"target\":{\"@type\":\"EntryPoint\",\"urlTemplate\":\"https:\\\/\\\/elestataldemexico.com\\\/?s={search_term_string}\"},\"query-input\":{\"@type\":\"PropertyValueSpecification\",\"valueRequired\":true,\"valueName\":\"search_term_string\"}}],\"inLanguage\":\"es\"},{\"@type\":\"Organization\",\"@id\":\"https:\\\/\\\/elestataldemexico.com\\\/#organization\",\"name\":\"El Estatal de M\u00e9xico\",\"url\":\"https:\\\/\\\/elestataldemexico.com\\\/\",\"logo\":{\"@type\":\"ImageObject\",\"inLanguage\":\"es\",\"@id\":\"https:\\\/\\\/elestataldemexico.com\\\/#\\\/schema\\\/logo\\\/image\\\/\",\"url\":\"https:\\\/\\\/elestataldemexico.com\\\/wp-content\\\/uploads\\\/2025\\\/05\\\/cropped-elestatal.png\",\"contentUrl\":\"https:\\\/\\\/elestataldemexico.com\\\/wp-content\\\/uploads\\\/2025\\\/05\\\/cropped-elestatal.png\",\"width\":504,\"height\":97,\"caption\":\"El Estatal de M\u00e9xico\"},\"image\":{\"@id\":\"https:\\\/\\\/elestataldemexico.com\\\/#\\\/schema\\\/logo\\\/image\\\/\"}},{\"@type\":\"Person\",\"@id\":\"https:\\\/\\\/elestataldemexico.com\\\/#\\\/schema\\\/person\\\/6c7813c13d2c1571771f592f0fe866bb\",\"name\":\"admin\",\"image\":{\"@type\":\"ImageObject\",\"inLanguage\":\"es\",\"@id\":\"https:\\\/\\\/secure.gravatar.com\\\/avatar\\\/d5ed2db9923a3ad3c0a47f6b3aec7abcb43924b9322251ade16472fc06f7bb5b?s=96&d=mm&r=g\",\"url\":\"https:\\\/\\\/secure.gravatar.com\\\/avatar\\\/d5ed2db9923a3ad3c0a47f6b3aec7abcb43924b9322251ade16472fc06f7bb5b?s=96&d=mm&r=g\",\"contentUrl\":\"https:\\\/\\\/secure.gravatar.com\\\/avatar\\\/d5ed2db9923a3ad3c0a47f6b3aec7abcb43924b9322251ade16472fc06f7bb5b?s=96&d=mm&r=g\",\"caption\":\"admin\"},\"sameAs\":[\"https:\\\/\\\/elestataldemexico.com\"],\"url\":\"https:\\\/\\\/elestataldemexico.com\\\/index.php\\\/author\\\/info_qk62m3p3\\\/\"}]}<\/script>\n<!-- \/ Yoast SEO plugin. -->","yoast_head_json":{"title":"L\u00edder de Corea del Norte presenta y maneja un nuevo tanque de combate - El Estatal de M\u00e9xico","robots":{"index":"index","follow":"follow","max-snippet":"max-snippet:-1","max-image-preview":"max-image-preview:large","max-video-preview":"max-video-preview:-1"},"canonical":"https:\/\/elestataldemexico.com\/index.php\/2024\/03\/14\/lider-de-corea-del-norte-presenta-y-maneja-un-nuevo-tanque-de-combate\/","og_locale":"es_ES","og_type":"article","og_title":"L\u00edder de Corea del Norte presenta y maneja un nuevo tanque de combate - El Estatal de M\u00e9xico","og_description":"El l\u00edder de Corea del Norte, Kim Jong Un, manej\u00f3 un \u201cnuevo tipo de tanque de combate\u201d durante","og_url":"https:\/\/elestataldemexico.com\/index.php\/2024\/03\/14\/lider-de-corea-del-norte-presenta-y-maneja-un-nuevo-tanque-de-combate\/","og_site_name":"El Estatal de M\u00e9xico","article_published_time":"2024-03-14T18:01:17+00:00","og_image":[{"width":1200,"height":675,"url":"https:\/\/elestataldemexico.com\/wp-content\/uploads\/2024\/03\/kim-jong-un-tanque-afp-5-093820.jpg","type":"image\/jpeg"}],"author":"admin","twitter_card":"summary_large_image","twitter_misc":{"Escrito por":"admin","Tiempo de lectura":"1 minuto"},"schema":{"@context":"https:\/\/schema.org","@graph":[{"@type":"Article","@id":"https:\/\/elestataldemexico.com\/index.php\/2024\/03\/14\/lider-de-corea-del-norte-presenta-y-maneja-un-nuevo-tanque-de-combate\/#article","isPartOf":{"@id":"https:\/\/elestataldemexico.com\/index.php\/2024\/03\/14\/lider-de-corea-del-norte-presenta-y-maneja-un-nuevo-tanque-de-combate\/"},"author":{"name":"admin","@id":"https:\/\/elestataldemexico.com\/#\/schema\/person\/6c7813c13d2c1571771f592f0fe866bb"},"headline":"L\u00edder de Corea del Norte presenta y maneja un nuevo tanque de combate","datePublished":"2024-03-14T18:01:17+00:00","mainEntityOfPage":{"@id":"https:\/\/elestataldemexico.com\/index.php\/2024\/03\/14\/lider-de-corea-del-norte-presenta-y-maneja-un-nuevo-tanque-de-combate\/"},"wordCount":292,"commentCount":0,"publisher":{"@id":"https:\/\/elestataldemexico.com\/#organization"},"image":{"@id":"https:\/\/elestataldemexico.com\/index.php\/2024\/03\/14\/lider-de-corea-del-norte-presenta-y-maneja-un-nuevo-tanque-de-combate\/#primaryimage"},"thumbnailUrl":"https:\/\/elestataldemexico.com\/wp-content\/uploads\/2024\/03\/kim-jong-un-tanque-afp-5-093820.jpg","articleSection":["Internacional"],"inLanguage":"es","potentialAction":[{"@type":"CommentAction","name":"Comment","target":["https:\/\/elestataldemexico.com\/index.php\/2024\/03\/14\/lider-de-corea-del-norte-presenta-y-maneja-un-nuevo-tanque-de-combate\/#respond"]}]},{"@type":"WebPage","@id":"https:\/\/elestataldemexico.com\/index.php\/2024\/03\/14\/lider-de-corea-del-norte-presenta-y-maneja-un-nuevo-tanque-de-combate\/","url":"https:\/\/elestataldemexico.com\/index.php\/2024\/03\/14\/lider-de-corea-del-norte-presenta-y-maneja-un-nuevo-tanque-de-combate\/","name":"L\u00edder de Corea del Norte presenta y maneja un nuevo tanque de combate - El Estatal de M\u00e9xico","isPartOf":{"@id":"https:\/\/elestataldemexico.com\/#website"},"primaryImageOfPage":{"@id":"https:\/\/elestataldemexico.com\/index.php\/2024\/03\/14\/lider-de-corea-del-norte-presenta-y-maneja-un-nuevo-tanque-de-combate\/#primaryimage"},"image":{"@id":"https:\/\/elestataldemexico.com\/index.php\/2024\/03\/14\/lider-de-corea-del-norte-presenta-y-maneja-un-nuevo-tanque-de-combate\/#primaryimage"},"thumbnailUrl":"https:\/\/elestataldemexico.com\/wp-content\/uploads\/2024\/03\/kim-jong-un-tanque-afp-5-093820.jpg","datePublished":"2024-03-14T18:01:17+00:00","breadcrumb":{"@id":"https:\/\/elestataldemexico.com\/index.php\/2024\/03\/14\/lider-de-corea-del-norte-presenta-y-maneja-un-nuevo-tanque-de-combate\/#breadcrumb"},"inLanguage":"es","potentialAction":[{"@type":"ReadAction","target":["https:\/\/elestataldemexico.com\/index.php\/2024\/03\/14\/lider-de-corea-del-norte-presenta-y-maneja-un-nuevo-tanque-de-combate\/"]}]},{"@type":"ImageObject","inLanguage":"es","@id":"https:\/\/elestataldemexico.com\/index.php\/2024\/03\/14\/lider-de-corea-del-norte-presenta-y-maneja-un-nuevo-tanque-de-combate\/#primaryimage","url":"https:\/\/elestataldemexico.com\/wp-content\/uploads\/2024\/03\/kim-jong-un-tanque-afp-5-093820.jpg","contentUrl":"https:\/\/elestataldemexico.com\/wp-content\/uploads\/2024\/03\/kim-jong-un-tanque-afp-5-093820.jpg","width":1200,"height":675},{"@type":"BreadcrumbList","@id":"https:\/\/elestataldemexico.com\/index.php\/2024\/03\/14\/lider-de-corea-del-norte-presenta-y-maneja-un-nuevo-tanque-de-combate\/#breadcrumb","itemListElement":[{"@type":"ListItem","position":1,"name":"Portada","item":"https:\/\/elestataldemexico.com\/"},{"@type":"ListItem","position":2,"name":"L\u00edder de Corea del Norte presenta y maneja un nuevo tanque de combate"}]},{"@type":"WebSite","@id":"https:\/\/elestataldemexico.com\/#website","url":"https:\/\/elestataldemexico.com\/","name":"El Estatal de M\u00e9xico","description":"","publisher":{"@id":"https:\/\/elestataldemexico.com\/#organization"},"potentialAction":[{"@type":"SearchAction","target":{"@type":"EntryPoint","urlTemplate":"https:\/\/elestataldemexico.com\/?s={search_term_string}"},"query-input":{"@type":"PropertyValueSpecification","valueRequired":true,"valueName":"search_term_string"}}],"inLanguage":"es"},{"@type":"Organization","@id":"https:\/\/elestataldemexico.com\/#organization","name":"El Estatal de M\u00e9xico","url":"https:\/\/elestataldemexico.com\/","logo":{"@type":"ImageObject","inLanguage":"es","@id":"https:\/\/elestataldemexico.com\/#\/schema\/logo\/image\/","url":"https:\/\/elestataldemexico.com\/wp-content\/uploads\/2025\/05\/cropped-elestatal.png","contentUrl":"https:\/\/elestataldemexico.com\/wp-content\/uploads\/2025\/05\/cropped-elestatal.png","width":504,"height":97,"caption":"El Estatal de M\u00e9xico"},"image":{"@id":"https:\/\/elestataldemexico.com\/#\/schema\/logo\/image\/"}},{"@type":"Person","@id":"https:\/\/elestataldemexico.com\/#\/schema\/person\/6c7813c13d2c1571771f592f0fe866bb","name":"admin","image":{"@type":"ImageObject","inLanguage":"es","@id":"https:\/\/secure.gravatar.com\/avatar\/d5ed2db9923a3ad3c0a47f6b3aec7abcb43924b9322251ade16472fc06f7bb5b?s=96&d=mm&r=g","url":"https:\/\/secure.gravatar.com\/avatar\/d5ed2db9923a3ad3c0a47f6b3aec7abcb43924b9322251ade16472fc06f7bb5b?s=96&d=mm&r=g","contentUrl":"https:\/\/secure.gravatar.com\/avatar\/d5ed2db9923a3ad3c0a47f6b3aec7abcb43924b9322251ade16472fc06f7bb5b?s=96&d=mm&r=g","caption":"admin"},"sameAs":["https:\/\/elestataldemexico.com"],"url":"https:\/\/elestataldemexico.com\/index.php\/author\/info_qk62m3p3\/"}]}},"_links":{"self":[{"href":"https:\/\/elestataldemexico.com\/index.php\/wp-json\/wp\/v2\/posts\/21118","targetHints":{"allow":["GET"]}}],"collection":[{"href":"https:\/\/elestataldemexico.com\/index.php\/wp-json\/wp\/v2\/posts"}],"about":[{"href":"https:\/\/elestataldemexico.com\/index.php\/wp-json\/wp\/v2\/types\/post"}],"author":[{"embeddable":true,"href":"https:\/\/elestataldemexico.com\/index.php\/wp-json\/wp\/v2\/users\/1"}],"replies":[{"embeddable":true,"href":"https:\/\/elestataldemexico.com\/index.php\/wp-json\/wp\/v2\/comments?post=21118"}],"version-history":[{"count":0,"href":"https:\/\/elestataldemexico.com\/index.php\/wp-json\/wp\/v2\/posts\/21118\/revisions"}],"wp:featuredmedia":[{"embeddable":true,"href":"https:\/\/elestataldemexico.com\/index.php\/wp-json\/wp\/v2\/media\/21120"}],"wp:attachment":[{"href":"https:\/\/elestataldemexico.com\/index.php\/wp-json\/wp\/v2\/media?parent=21118"}],"wp:term":[{"taxonomy":"category","embeddable":true,"href":"https:\/\/elestataldemexico.com\/index.php\/wp-json\/wp\/v2\/categories?post=21118"},{"taxonomy":"post_tag","embeddable":true,"href":"https:\/\/elestataldemexico.com\/index.php\/wp-json\/wp\/v2\/tags?post=21118"}],"curies":[{"name":"wp","href":"https:\/\/api.w.org\/{rel}","templated":true}]}}