{"id":21082,"date":"2024-03-12T12:00:32","date_gmt":"2024-03-12T17:00:32","guid":{"rendered":"https:\/\/podernacional.com\/?p=21082"},"modified":"2024-03-12T12:00:32","modified_gmt":"2024-03-12T17:00:32","slug":"comision-europea-avisa-de-futuros-conflictos-entre-paises-de-la-ue-por-el-agua","status":"publish","type":"post","link":"https:\/\/elestataldemexico.com\/index.php\/2024\/03\/12\/comision-europea-avisa-de-futuros-conflictos-entre-paises-de-la-ue-por-el-agua\/","title":{"rendered":"Comisi\u00f3n Europea avisa de futuros conflictos entre pa\u00edses de la UE por el agua"},"content":{"rendered":"<p>La Comisi\u00f3n Europea urgi\u00f3 hoy a los pa\u00edses de la Uni\u00f3n Europea a acelerar su adaptaci\u00f3n ante las amenazas del cambio clim\u00e1tico porque supone \u201cuna cuesti\u00f3n de supervivencia econ\u00f3mica\u201d, y advirti\u00f3 sobre la posibilidad de que la escasez de agua desate \u201cconflictos\u201d en territorio comunitario.<\/p>\n<p>El impacto clim\u00e1tico seguir\u00e1 empeorando. Es inevitable y puede resultar abrumador. S\u00ed, las consecuencias del cambio clim\u00e1tico son hasta cierto punto inevitables. Pero pueden y deben gestionarse mejor\u201d, dijo en rueda de prensa en el Parlamento Europeo el comisario europeo de Acci\u00f3n Clim\u00e1tica, Wopke Hoekstra, tras la reuni\u00f3n del Colegio de Comisarios.<\/p>\n<p>El an\u00e1lisis presentado por el Ejecutivo comunitario se apoya en una evaluaci\u00f3n de riesgos clim\u00e1ticos expuesta la v\u00edspera por la Agencia Europea del Medioambiente en la que ese organismo de la Uni\u00f3n Europea ped\u00eda medidas \u201curgentes\u201d y \u201ccontundentes\u201d al considerar que las pol\u00edticas actuales son insuficientes.<\/p>\n<p>La \u201ccomunicaci\u00f3n\u201d de la Comisi\u00f3n no contiene medidas legislativas, sino que indica el \u201csentido de la marcha\u201d de la acci\u00f3n pol\u00edtica, en palabras del comisario.<\/p>\n<p>Bruselas llama a los Estados miembros a reforzar la gobernanza y la coordinaci\u00f3n, analizar mejor las interconexiones entre los distintos riesgos, adecuar la planificaci\u00f3n de infraestructuras y mejorar la financiaci\u00f3n p\u00fablico y privada y, en general, desarrollar una gesti\u00f3n \u201cproactiva\u201d de adaptaci\u00f3n a la crisis clim\u00e1tica.<\/p>\n<p>\u201cLa resiliencia clim\u00e1tica es cuesti\u00f3n (\u2026) de competitividad para las econom\u00edas y las empresas y, por tanto, para el empleo\u201d y la adecuada gesti\u00f3n de los riegos clim\u00e1ticos es \u201cuna condici\u00f3n necesaria para mejorar los niveles de vida\u201d y una \u201ccuesti\u00f3n de supervivencia econ\u00f3mica de las zonas rurales y costeras, agricultores, silvicultores y pescadores\u201d, resume Bruselas.<\/p>\n<p>Agua<br \/>\nEl an\u00e1lisis del Ejecutivo europeo dedica un ep\u00edgrafe al agua, un recurso vital \u201cque ya est\u00e1 bajo presi\u00f3n en muchas partes de Europa debido a una gesti\u00f3n estructural deficiente, un uso insostenible del suelo, cambios hidromorfol\u00f3gicos y contaminaci\u00f3n\u201d.<\/p>\n<p>Las inundaciones, crecidas, oleajes cicl\u00f3nicos, sequ\u00edas o incendios forestales graves, que ya \u201cse est\u00e1n convirtiendo en una amenaza para la salud y una causa recurrente de p\u00e9rdidas sociales, ambientales y econ\u00f3micas\u201d, se ir\u00e1n ampliando y har\u00e1n que haya \u201cpartes m\u00e1s grandes de Europa afectadas por el estr\u00e9s h\u00eddrico, as\u00ed como un creciente riesgo de megasequ\u00edas\u201d.<\/p>\n<p>Estos riesgos pueden desembocar en \u201cuna mayor competencia por los recursos h\u00eddricos entre sectores y usos, incluido el riesgo potencial de conflictos dentro y entre los Estados miembros sobre recursos h\u00eddricos transfronterizos\u201d, advierte Bruselas, que estima que las sequ\u00edas le cuestan a la UE 9 mil millones de euros al a\u00f1o y las inundaciones han supuesto \u201cm\u00e1s de 170 mil millones de euros en total desde 1980\u201d.<\/p>\n<p>El Ejecutivo llama a restaurar el ciclo del agua y fomentar la \u201ccapacidad colectiva\u201d para gestionarla y utilizarla \u201cde manera m\u00e1s \u00e1gil, dadas las r\u00e1pidas y parcialmente impredecibles evoluciones geopol\u00edticas, econ\u00f3micas, sociales y ambientales\u201d.<\/p>\n<p>\u201cEl agua debe ser gestionada, y la demanda humana debe ajustarse a la nueva y m\u00e1s escasa oferta\u201d, lanza Bruselas, que avanza que evaluar\u00e1 los planes de los Estados miembros sobre gesti\u00f3n hidrogr\u00e1fica, de riesgos de inundaciones y protecci\u00f3n marina para estudiar \u201cla necesidad de tomar medidas\u201d.<\/p>\n<p>&nbsp;<\/p>\n<p>&nbsp;<\/p>\n<p>&nbsp;<\/p>\n","protected":false},"excerpt":{"rendered":"<p>La Comisi\u00f3n Europea urgi\u00f3 hoy a los pa\u00edses de la Uni\u00f3n Europea a acelerar su adaptaci\u00f3n ante las<\/p>\n","protected":false},"author":1,"featured_media":21084,"comment_status":"open","ping_status":"closed","sticky":false,"template":"","format":"standard","meta":{"footnotes":""},"categories":[10],"tags":[],"class_list":["post-21082","post","type-post","status-publish","format-standard","has-post-thumbnail","hentry","category-internacional"],"yoast_head":"<!-- This site is optimized with the Yoast SEO plugin v27.5 - https:\/\/yoast.com\/product\/yoast-seo-wordpress\/ -->\n<title>Comisi\u00f3n Europea avisa de futuros conflictos entre pa\u00edses de la UE por el agua - El Estatal de M\u00e9xico<\/title>\n<meta name=\"robots\" content=\"index, follow, max-snippet:-1, max-image-preview:large, max-video-preview:-1\" \/>\n<link rel=\"canonical\" href=\"https:\/\/elestataldemexico.com\/index.php\/2024\/03\/12\/comision-europea-avisa-de-futuros-conflictos-entre-paises-de-la-ue-por-el-agua\/\" \/>\n<meta property=\"og:locale\" content=\"es_ES\" \/>\n<meta property=\"og:type\" content=\"article\" \/>\n<meta property=\"og:title\" content=\"Comisi\u00f3n Europea avisa de futuros conflictos entre pa\u00edses de la UE por el agua - El Estatal de M\u00e9xico\" \/>\n<meta property=\"og:description\" content=\"La Comisi\u00f3n Europea urgi\u00f3 hoy a los pa\u00edses de la Uni\u00f3n Europea a acelerar su adaptaci\u00f3n ante las\" \/>\n<meta property=\"og:url\" content=\"https:\/\/elestataldemexico.com\/index.php\/2024\/03\/12\/comision-europea-avisa-de-futuros-conflictos-entre-paises-de-la-ue-por-el-agua\/\" \/>\n<meta property=\"og:site_name\" content=\"El Estatal de M\u00e9xico\" \/>\n<meta property=\"article:published_time\" content=\"2024-03-12T17:00:32+00:00\" \/>\n<meta property=\"og:image\" content=\"https:\/\/elestataldemexico.com\/wp-content\/uploads\/2024\/03\/WhatsApp-Image-2024-03-12-at-11.57.58.jpeg\" \/>\n\t<meta property=\"og:image:width\" content=\"1600\" \/>\n\t<meta property=\"og:image:height\" content=\"1066\" \/>\n\t<meta property=\"og:image:type\" content=\"image\/jpeg\" \/>\n<meta name=\"author\" content=\"admin\" \/>\n<meta name=\"twitter:card\" content=\"summary_large_image\" \/>\n<meta name=\"twitter:label1\" content=\"Escrito por\" \/>\n\t<meta name=\"twitter:data1\" content=\"admin\" \/>\n\t<meta name=\"twitter:label2\" content=\"Tiempo de lectura\" \/>\n\t<meta name=\"twitter:data2\" content=\"3 minutos\" \/>\n<script type=\"application\/ld+json\" class=\"yoast-schema-graph\">{\"@context\":\"https:\\\/\\\/schema.org\",\"@graph\":[{\"@type\":\"Article\",\"@id\":\"https:\\\/\\\/elestataldemexico.com\\\/index.php\\\/2024\\\/03\\\/12\\\/comision-europea-avisa-de-futuros-conflictos-entre-paises-de-la-ue-por-el-agua\\\/#article\",\"isPartOf\":{\"@id\":\"https:\\\/\\\/elestataldemexico.com\\\/index.php\\\/2024\\\/03\\\/12\\\/comision-europea-avisa-de-futuros-conflictos-entre-paises-de-la-ue-por-el-agua\\\/\"},\"author\":{\"name\":\"admin\",\"@id\":\"https:\\\/\\\/elestataldemexico.com\\\/#\\\/schema\\\/person\\\/6c7813c13d2c1571771f592f0fe866bb\"},\"headline\":\"Comisi\u00f3n Europea avisa de futuros conflictos entre pa\u00edses de la UE por el agua\",\"datePublished\":\"2024-03-12T17:00:32+00:00\",\"mainEntityOfPage\":{\"@id\":\"https:\\\/\\\/elestataldemexico.com\\\/index.php\\\/2024\\\/03\\\/12\\\/comision-europea-avisa-de-futuros-conflictos-entre-paises-de-la-ue-por-el-agua\\\/\"},\"wordCount\":595,\"commentCount\":0,\"publisher\":{\"@id\":\"https:\\\/\\\/elestataldemexico.com\\\/#organization\"},\"image\":{\"@id\":\"https:\\\/\\\/elestataldemexico.com\\\/index.php\\\/2024\\\/03\\\/12\\\/comision-europea-avisa-de-futuros-conflictos-entre-paises-de-la-ue-por-el-agua\\\/#primaryimage\"},\"thumbnailUrl\":\"https:\\\/\\\/elestataldemexico.com\\\/wp-content\\\/uploads\\\/2024\\\/03\\\/WhatsApp-Image-2024-03-12-at-11.57.58.jpeg\",\"articleSection\":[\"Internacional\"],\"inLanguage\":\"es\",\"potentialAction\":[{\"@type\":\"CommentAction\",\"name\":\"Comment\",\"target\":[\"https:\\\/\\\/elestataldemexico.com\\\/index.php\\\/2024\\\/03\\\/12\\\/comision-europea-avisa-de-futuros-conflictos-entre-paises-de-la-ue-por-el-agua\\\/#respond\"]}]},{\"@type\":\"WebPage\",\"@id\":\"https:\\\/\\\/elestataldemexico.com\\\/index.php\\\/2024\\\/03\\\/12\\\/comision-europea-avisa-de-futuros-conflictos-entre-paises-de-la-ue-por-el-agua\\\/\",\"url\":\"https:\\\/\\\/elestataldemexico.com\\\/index.php\\\/2024\\\/03\\\/12\\\/comision-europea-avisa-de-futuros-conflictos-entre-paises-de-la-ue-por-el-agua\\\/\",\"name\":\"Comisi\u00f3n Europea avisa de futuros conflictos entre pa\u00edses de la UE por el agua - El Estatal de M\u00e9xico\",\"isPartOf\":{\"@id\":\"https:\\\/\\\/elestataldemexico.com\\\/#website\"},\"primaryImageOfPage\":{\"@id\":\"https:\\\/\\\/elestataldemexico.com\\\/index.php\\\/2024\\\/03\\\/12\\\/comision-europea-avisa-de-futuros-conflictos-entre-paises-de-la-ue-por-el-agua\\\/#primaryimage\"},\"image\":{\"@id\":\"https:\\\/\\\/elestataldemexico.com\\\/index.php\\\/2024\\\/03\\\/12\\\/comision-europea-avisa-de-futuros-conflictos-entre-paises-de-la-ue-por-el-agua\\\/#primaryimage\"},\"thumbnailUrl\":\"https:\\\/\\\/elestataldemexico.com\\\/wp-content\\\/uploads\\\/2024\\\/03\\\/WhatsApp-Image-2024-03-12-at-11.57.58.jpeg\",\"datePublished\":\"2024-03-12T17:00:32+00:00\",\"breadcrumb\":{\"@id\":\"https:\\\/\\\/elestataldemexico.com\\\/index.php\\\/2024\\\/03\\\/12\\\/comision-europea-avisa-de-futuros-conflictos-entre-paises-de-la-ue-por-el-agua\\\/#breadcrumb\"},\"inLanguage\":\"es\",\"potentialAction\":[{\"@type\":\"ReadAction\",\"target\":[\"https:\\\/\\\/elestataldemexico.com\\\/index.php\\\/2024\\\/03\\\/12\\\/comision-europea-avisa-de-futuros-conflictos-entre-paises-de-la-ue-por-el-agua\\\/\"]}]},{\"@type\":\"ImageObject\",\"inLanguage\":\"es\",\"@id\":\"https:\\\/\\\/elestataldemexico.com\\\/index.php\\\/2024\\\/03\\\/12\\\/comision-europea-avisa-de-futuros-conflictos-entre-paises-de-la-ue-por-el-agua\\\/#primaryimage\",\"url\":\"https:\\\/\\\/elestataldemexico.com\\\/wp-content\\\/uploads\\\/2024\\\/03\\\/WhatsApp-Image-2024-03-12-at-11.57.58.jpeg\",\"contentUrl\":\"https:\\\/\\\/elestataldemexico.com\\\/wp-content\\\/uploads\\\/2024\\\/03\\\/WhatsApp-Image-2024-03-12-at-11.57.58.jpeg\",\"width\":1600,\"height\":1066},{\"@type\":\"BreadcrumbList\",\"@id\":\"https:\\\/\\\/elestataldemexico.com\\\/index.php\\\/2024\\\/03\\\/12\\\/comision-europea-avisa-de-futuros-conflictos-entre-paises-de-la-ue-por-el-agua\\\/#breadcrumb\",\"itemListElement\":[{\"@type\":\"ListItem\",\"position\":1,\"name\":\"Portada\",\"item\":\"https:\\\/\\\/elestataldemexico.com\\\/\"},{\"@type\":\"ListItem\",\"position\":2,\"name\":\"Comisi\u00f3n Europea avisa de futuros conflictos entre pa\u00edses de la UE por el agua\"}]},{\"@type\":\"WebSite\",\"@id\":\"https:\\\/\\\/elestataldemexico.com\\\/#website\",\"url\":\"https:\\\/\\\/elestataldemexico.com\\\/\",\"name\":\"El Estatal de M\u00e9xico\",\"description\":\"\",\"publisher\":{\"@id\":\"https:\\\/\\\/elestataldemexico.com\\\/#organization\"},\"potentialAction\":[{\"@type\":\"SearchAction\",\"target\":{\"@type\":\"EntryPoint\",\"urlTemplate\":\"https:\\\/\\\/elestataldemexico.com\\\/?s={search_term_string}\"},\"query-input\":{\"@type\":\"PropertyValueSpecification\",\"valueRequired\":true,\"valueName\":\"search_term_string\"}}],\"inLanguage\":\"es\"},{\"@type\":\"Organization\",\"@id\":\"https:\\\/\\\/elestataldemexico.com\\\/#organization\",\"name\":\"El Estatal de M\u00e9xico\",\"url\":\"https:\\\/\\\/elestataldemexico.com\\\/\",\"logo\":{\"@type\":\"ImageObject\",\"inLanguage\":\"es\",\"@id\":\"https:\\\/\\\/elestataldemexico.com\\\/#\\\/schema\\\/logo\\\/image\\\/\",\"url\":\"https:\\\/\\\/elestataldemexico.com\\\/wp-content\\\/uploads\\\/2025\\\/05\\\/cropped-elestatal.png\",\"contentUrl\":\"https:\\\/\\\/elestataldemexico.com\\\/wp-content\\\/uploads\\\/2025\\\/05\\\/cropped-elestatal.png\",\"width\":504,\"height\":97,\"caption\":\"El Estatal de M\u00e9xico\"},\"image\":{\"@id\":\"https:\\\/\\\/elestataldemexico.com\\\/#\\\/schema\\\/logo\\\/image\\\/\"}},{\"@type\":\"Person\",\"@id\":\"https:\\\/\\\/elestataldemexico.com\\\/#\\\/schema\\\/person\\\/6c7813c13d2c1571771f592f0fe866bb\",\"name\":\"admin\",\"image\":{\"@type\":\"ImageObject\",\"inLanguage\":\"es\",\"@id\":\"https:\\\/\\\/secure.gravatar.com\\\/avatar\\\/d5ed2db9923a3ad3c0a47f6b3aec7abcb43924b9322251ade16472fc06f7bb5b?s=96&d=mm&r=g\",\"url\":\"https:\\\/\\\/secure.gravatar.com\\\/avatar\\\/d5ed2db9923a3ad3c0a47f6b3aec7abcb43924b9322251ade16472fc06f7bb5b?s=96&d=mm&r=g\",\"contentUrl\":\"https:\\\/\\\/secure.gravatar.com\\\/avatar\\\/d5ed2db9923a3ad3c0a47f6b3aec7abcb43924b9322251ade16472fc06f7bb5b?s=96&d=mm&r=g\",\"caption\":\"admin\"},\"sameAs\":[\"https:\\\/\\\/elestataldemexico.com\"],\"url\":\"https:\\\/\\\/elestataldemexico.com\\\/index.php\\\/author\\\/info_qk62m3p3\\\/\"}]}<\/script>\n<!-- \/ Yoast SEO plugin. -->","yoast_head_json":{"title":"Comisi\u00f3n Europea avisa de futuros conflictos entre pa\u00edses de la UE por el agua - El Estatal de M\u00e9xico","robots":{"index":"index","follow":"follow","max-snippet":"max-snippet:-1","max-image-preview":"max-image-preview:large","max-video-preview":"max-video-preview:-1"},"canonical":"https:\/\/elestataldemexico.com\/index.php\/2024\/03\/12\/comision-europea-avisa-de-futuros-conflictos-entre-paises-de-la-ue-por-el-agua\/","og_locale":"es_ES","og_type":"article","og_title":"Comisi\u00f3n Europea avisa de futuros conflictos entre pa\u00edses de la UE por el agua - El Estatal de M\u00e9xico","og_description":"La Comisi\u00f3n Europea urgi\u00f3 hoy a los pa\u00edses de la Uni\u00f3n Europea a acelerar su adaptaci\u00f3n ante las","og_url":"https:\/\/elestataldemexico.com\/index.php\/2024\/03\/12\/comision-europea-avisa-de-futuros-conflictos-entre-paises-de-la-ue-por-el-agua\/","og_site_name":"El Estatal de M\u00e9xico","article_published_time":"2024-03-12T17:00:32+00:00","og_image":[{"width":1600,"height":1066,"url":"https:\/\/elestataldemexico.com\/wp-content\/uploads\/2024\/03\/WhatsApp-Image-2024-03-12-at-11.57.58.jpeg","type":"image\/jpeg"}],"author":"admin","twitter_card":"summary_large_image","twitter_misc":{"Escrito por":"admin","Tiempo de lectura":"3 minutos"},"schema":{"@context":"https:\/\/schema.org","@graph":[{"@type":"Article","@id":"https:\/\/elestataldemexico.com\/index.php\/2024\/03\/12\/comision-europea-avisa-de-futuros-conflictos-entre-paises-de-la-ue-por-el-agua\/#article","isPartOf":{"@id":"https:\/\/elestataldemexico.com\/index.php\/2024\/03\/12\/comision-europea-avisa-de-futuros-conflictos-entre-paises-de-la-ue-por-el-agua\/"},"author":{"name":"admin","@id":"https:\/\/elestataldemexico.com\/#\/schema\/person\/6c7813c13d2c1571771f592f0fe866bb"},"headline":"Comisi\u00f3n Europea avisa de futuros conflictos entre pa\u00edses de la UE por el agua","datePublished":"2024-03-12T17:00:32+00:00","mainEntityOfPage":{"@id":"https:\/\/elestataldemexico.com\/index.php\/2024\/03\/12\/comision-europea-avisa-de-futuros-conflictos-entre-paises-de-la-ue-por-el-agua\/"},"wordCount":595,"commentCount":0,"publisher":{"@id":"https:\/\/elestataldemexico.com\/#organization"},"image":{"@id":"https:\/\/elestataldemexico.com\/index.php\/2024\/03\/12\/comision-europea-avisa-de-futuros-conflictos-entre-paises-de-la-ue-por-el-agua\/#primaryimage"},"thumbnailUrl":"https:\/\/elestataldemexico.com\/wp-content\/uploads\/2024\/03\/WhatsApp-Image-2024-03-12-at-11.57.58.jpeg","articleSection":["Internacional"],"inLanguage":"es","potentialAction":[{"@type":"CommentAction","name":"Comment","target":["https:\/\/elestataldemexico.com\/index.php\/2024\/03\/12\/comision-europea-avisa-de-futuros-conflictos-entre-paises-de-la-ue-por-el-agua\/#respond"]}]},{"@type":"WebPage","@id":"https:\/\/elestataldemexico.com\/index.php\/2024\/03\/12\/comision-europea-avisa-de-futuros-conflictos-entre-paises-de-la-ue-por-el-agua\/","url":"https:\/\/elestataldemexico.com\/index.php\/2024\/03\/12\/comision-europea-avisa-de-futuros-conflictos-entre-paises-de-la-ue-por-el-agua\/","name":"Comisi\u00f3n Europea avisa de futuros conflictos entre pa\u00edses de la UE por el agua - El Estatal de M\u00e9xico","isPartOf":{"@id":"https:\/\/elestataldemexico.com\/#website"},"primaryImageOfPage":{"@id":"https:\/\/elestataldemexico.com\/index.php\/2024\/03\/12\/comision-europea-avisa-de-futuros-conflictos-entre-paises-de-la-ue-por-el-agua\/#primaryimage"},"image":{"@id":"https:\/\/elestataldemexico.com\/index.php\/2024\/03\/12\/comision-europea-avisa-de-futuros-conflictos-entre-paises-de-la-ue-por-el-agua\/#primaryimage"},"thumbnailUrl":"https:\/\/elestataldemexico.com\/wp-content\/uploads\/2024\/03\/WhatsApp-Image-2024-03-12-at-11.57.58.jpeg","datePublished":"2024-03-12T17:00:32+00:00","breadcrumb":{"@id":"https:\/\/elestataldemexico.com\/index.php\/2024\/03\/12\/comision-europea-avisa-de-futuros-conflictos-entre-paises-de-la-ue-por-el-agua\/#breadcrumb"},"inLanguage":"es","potentialAction":[{"@type":"ReadAction","target":["https:\/\/elestataldemexico.com\/index.php\/2024\/03\/12\/comision-europea-avisa-de-futuros-conflictos-entre-paises-de-la-ue-por-el-agua\/"]}]},{"@type":"ImageObject","inLanguage":"es","@id":"https:\/\/elestataldemexico.com\/index.php\/2024\/03\/12\/comision-europea-avisa-de-futuros-conflictos-entre-paises-de-la-ue-por-el-agua\/#primaryimage","url":"https:\/\/elestataldemexico.com\/wp-content\/uploads\/2024\/03\/WhatsApp-Image-2024-03-12-at-11.57.58.jpeg","contentUrl":"https:\/\/elestataldemexico.com\/wp-content\/uploads\/2024\/03\/WhatsApp-Image-2024-03-12-at-11.57.58.jpeg","width":1600,"height":1066},{"@type":"BreadcrumbList","@id":"https:\/\/elestataldemexico.com\/index.php\/2024\/03\/12\/comision-europea-avisa-de-futuros-conflictos-entre-paises-de-la-ue-por-el-agua\/#breadcrumb","itemListElement":[{"@type":"ListItem","position":1,"name":"Portada","item":"https:\/\/elestataldemexico.com\/"},{"@type":"ListItem","position":2,"name":"Comisi\u00f3n Europea avisa de futuros conflictos entre pa\u00edses de la UE por el agua"}]},{"@type":"WebSite","@id":"https:\/\/elestataldemexico.com\/#website","url":"https:\/\/elestataldemexico.com\/","name":"El Estatal de M\u00e9xico","description":"","publisher":{"@id":"https:\/\/elestataldemexico.com\/#organization"},"potentialAction":[{"@type":"SearchAction","target":{"@type":"EntryPoint","urlTemplate":"https:\/\/elestataldemexico.com\/?s={search_term_string}"},"query-input":{"@type":"PropertyValueSpecification","valueRequired":true,"valueName":"search_term_string"}}],"inLanguage":"es"},{"@type":"Organization","@id":"https:\/\/elestataldemexico.com\/#organization","name":"El Estatal de M\u00e9xico","url":"https:\/\/elestataldemexico.com\/","logo":{"@type":"ImageObject","inLanguage":"es","@id":"https:\/\/elestataldemexico.com\/#\/schema\/logo\/image\/","url":"https:\/\/elestataldemexico.com\/wp-content\/uploads\/2025\/05\/cropped-elestatal.png","contentUrl":"https:\/\/elestataldemexico.com\/wp-content\/uploads\/2025\/05\/cropped-elestatal.png","width":504,"height":97,"caption":"El Estatal de M\u00e9xico"},"image":{"@id":"https:\/\/elestataldemexico.com\/#\/schema\/logo\/image\/"}},{"@type":"Person","@id":"https:\/\/elestataldemexico.com\/#\/schema\/person\/6c7813c13d2c1571771f592f0fe866bb","name":"admin","image":{"@type":"ImageObject","inLanguage":"es","@id":"https:\/\/secure.gravatar.com\/avatar\/d5ed2db9923a3ad3c0a47f6b3aec7abcb43924b9322251ade16472fc06f7bb5b?s=96&d=mm&r=g","url":"https:\/\/secure.gravatar.com\/avatar\/d5ed2db9923a3ad3c0a47f6b3aec7abcb43924b9322251ade16472fc06f7bb5b?s=96&d=mm&r=g","contentUrl":"https:\/\/secure.gravatar.com\/avatar\/d5ed2db9923a3ad3c0a47f6b3aec7abcb43924b9322251ade16472fc06f7bb5b?s=96&d=mm&r=g","caption":"admin"},"sameAs":["https:\/\/elestataldemexico.com"],"url":"https:\/\/elestataldemexico.com\/index.php\/author\/info_qk62m3p3\/"}]}},"_links":{"self":[{"href":"https:\/\/elestataldemexico.com\/index.php\/wp-json\/wp\/v2\/posts\/21082","targetHints":{"allow":["GET"]}}],"collection":[{"href":"https:\/\/elestataldemexico.com\/index.php\/wp-json\/wp\/v2\/posts"}],"about":[{"href":"https:\/\/elestataldemexico.com\/index.php\/wp-json\/wp\/v2\/types\/post"}],"author":[{"embeddable":true,"href":"https:\/\/elestataldemexico.com\/index.php\/wp-json\/wp\/v2\/users\/1"}],"replies":[{"embeddable":true,"href":"https:\/\/elestataldemexico.com\/index.php\/wp-json\/wp\/v2\/comments?post=21082"}],"version-history":[{"count":0,"href":"https:\/\/elestataldemexico.com\/index.php\/wp-json\/wp\/v2\/posts\/21082\/revisions"}],"wp:featuredmedia":[{"embeddable":true,"href":"https:\/\/elestataldemexico.com\/index.php\/wp-json\/wp\/v2\/media\/21084"}],"wp:attachment":[{"href":"https:\/\/elestataldemexico.com\/index.php\/wp-json\/wp\/v2\/media?parent=21082"}],"wp:term":[{"taxonomy":"category","embeddable":true,"href":"https:\/\/elestataldemexico.com\/index.php\/wp-json\/wp\/v2\/categories?post=21082"},{"taxonomy":"post_tag","embeddable":true,"href":"https:\/\/elestataldemexico.com\/index.php\/wp-json\/wp\/v2\/tags?post=21082"}],"curies":[{"name":"wp","href":"https:\/\/api.w.org\/{rel}","templated":true}]}}