{"id":21070,"date":"2024-03-11T13:13:35","date_gmt":"2024-03-11T18:13:35","guid":{"rendered":"https:\/\/podernacional.com\/?p=21070"},"modified":"2024-03-11T13:13:35","modified_gmt":"2024-03-11T18:13:35","slug":"eu-evacua-parte-de-su-personal-tras-aumento-de-violencia-en-haiti","status":"publish","type":"post","link":"https:\/\/elestataldemexico.com\/index.php\/2024\/03\/11\/eu-evacua-parte-de-su-personal-tras-aumento-de-violencia-en-haiti\/","title":{"rendered":"EU evac\u00faa parte de su personal tras aumento de violencia en Hait\u00ed"},"content":{"rendered":"<p>La capital haitiana, Puerto Pr\u00edncipe, contin\u00faa sumida en un espiral de violencia desatada por las pandillas armadas, ante lo cual Estados Unidos anunci\u00f3 el domingo la evacuaci\u00f3n de parte del personal de su embajada y reforz\u00f3 la seguridad.<\/p>\n<p>Hospitales bajo ataque, escasez de alimentos e infraestructuras bloqueadas han llevado a la ciudad a una situaci\u00f3n humanitaria cada vez m\u00e1s precaria. El s\u00e1bado estuvo marcado por nuevos enfrentamientos entre la polic\u00eda y las bandas criminales.<\/p>\n<p>Portavoces militares estadounidenses dijeron el domingo que se hab\u00eda \u00abrealizado una operaci\u00f3n para aumentar la seguridad de la Embajada de Estados Unidos en Puerto Pr\u00edncipe, permitir que contin\u00faen las operaciones\u00bb de la misi\u00f3n diplom\u00e1tica y \u00abla salida del personal no esencial\u00bb<\/p>\n<p>El transporte a\u00e9reo de personal desde y hacia la Embajada es consistente con nuestra pr\u00e1ctica est\u00e1ndar de aumento de seguridad\u00bb, agreg\u00f3 un comunicado del Comando Sur del Departamento de Defensa de Estados Unidos.<\/p>\n<p>La embajada estadounidense se\u00f1al\u00f3 por su lado en la red social X que \u00abel aumento de la violencia de las pandillas en las proximidades de la embajada de Estados Unidos y del aeropuerto ha llevado al Departamento de Estado a hacer arreglos para permitir la salida de personal adicional\u00bb de la sede diplom\u00e1tica.<\/p>\n<p>El jefe de la diplomacia estadounidense, Anthony Blinken, y el presidente de Kenia mantuvieron una conversaci\u00f3n sobre la crisis actual y \u00absubrayaron su compromiso inquebrantable con el despliegue de una misi\u00f3n multinacional de apoyo a la seguridad\u00bb destinadas a \u00abcrear las condiciones de seguridad necesarias para la celebraci\u00f3n de elecciones libres y justas\u00bb, seg\u00fan dijo un portavoz del Departamento de Estado el s\u00e1bado.<\/p>\n<p>Los habitantes de la capital viven confinados, no tienen a d\u00f3nde ir\u00bb, alert\u00f3 el s\u00e1bado Philippe Branchat, jefe de la Organizaci\u00f3n Internacional para las Migraciones (OIM).<\/p>\n<p>La capital est\u00e1 rodeada de pandillas armadas y peligrosas\u00bb, afirm\u00f3, para subrayar que \u00abla inseguridad est\u00e1 por extenderse a escala nacional&#8230;\u00bb.<\/p>\n<p>Seg\u00fan la OIM, 36,.000 personas -m\u00e1s de la mitad de las cuales son ni\u00f1os- est\u00e1n actualmente desplazadas en Hait\u00ed, una cifra que creci\u00f3 15% desde principios de a\u00f1o.<\/p>\n<p>Ofrecimiento salvadore\u00f1o<br \/>\nLas pandillas, que controlan vastas \u00e1reas de la capital as\u00ed como las v\u00edas de acceso que conducen al resto del territorio, llevan varios d\u00edas atacando comisar\u00edas, tribunales y dos prisiones, de las que se fugaron cerca de la mayor\u00eda de los 3,800 presos.<\/p>\n<p>Esos grupos y una parte de la poblaci\u00f3n exigen la renuncia del primer ministro, Ariel Henry, que est\u00e1 fuera del pa\u00eds.<\/p>\n<p>Seg\u00fan los \u00faltimos reportes, Henry est\u00e1 en Puerto Rico. El gobernante deb\u00eda dejar el cargo en febrero, pero en cambio hizo un acuerdo para compartir el poder con la oposici\u00f3n hasta que se celebren nuevas elecciones.<\/p>\n<p>El Consejo de Seguridad de la ONU dio luz verde en octubre a una misi\u00f3n policial multinacional encabezada por Kenia, pero ese despliegue qued\u00f3 estancado en tribunales kenianos.<\/p>\n<p>Ante la violencia, decenas de habitantes tomaron el s\u00e1bado una oficina de la administraci\u00f3n p\u00fablica en Puerto Pr\u00edncipe, con la esperanza de encontrar all\u00ed refugio, seg\u00fan un corresponsal de la AFP.<\/p>\n<p>Desde anoche no hemos podido dormir. Huimos, yo con mis cosas sobre la cabeza, sin saber ad\u00f3nde ir\u00bb, dijo a la AFP Filienne Setoute, que tuvo que abandonar su casa.<\/p>\n<p>El d\u00eda anterior, hombres armados atacaron el palacio de la Presidencia y la comisar\u00eda de Puerto Pr\u00edncipe, confirm\u00f3 a la AFP el coordinador general del sindicato de la polic\u00eda haitiana (Synapoha). Varios atacantes resultaron muertos, seg\u00fan la misma fuente.<\/p>\n<p>Por otra parte, cinco personas secuestradas en febrero en Puerto Pr\u00edncipe, entre ellas cuatro misioneros, fueron liberadas, anunci\u00f3 el domingo su congregaci\u00f3n cat\u00f3lica, pidiendo la liberaci\u00f3n de otros dos religiosos detenidos.<\/p>\n<p>El presidente de El Salvador, Nayib Bukele, se ofreci\u00f3 este domingo para \u00abarreglar\u00bb la crisis de inseguridad en Hait\u00ed aunque no especific\u00f3 de que forma.<\/p>\n<p>\u00abPodemos arreglarlo. Pero necesitaremos una resoluci\u00f3n del Consejo de Seguridad de la ONU, el consentimiento del pa\u00eds anfitri\u00f3n y todos los gastos de la misi\u00f3n que cubrir\u00bb, escribi\u00f3 Bukele en la red social X.<\/p>\n<p>Riesgos de salud y hambruna<br \/>\nEl gobierno decret\u00f3 el estado de emergencia en el departamento del Oeste que incluye a Puerto Pr\u00edncipe, as\u00ed como un toque de queda nocturno de dif\u00edcil aplicaci\u00f3n por parte de las fuerzas del orden, que ya se ven desbordadas<\/p>\n<p>Frente al estallido de violencia, la Comunidad del Caribe (Caricom) convoc\u00f3 a representantes de Estados Unidos, Francia, Canad\u00e1 y de la ONU a una reuni\u00f3n el lunes en Jamaica.<\/p>\n<p>La atenci\u00f3n sanitaria est\u00e1 seriamente afectada con \u00abhospitales que han sido atacados por pandillas y que han debido evacuar al personal sanitario y a los pacientes, incluidos los reci\u00e9n nacidos\u00bb, seg\u00fan la OIM.<\/p>\n<p>La oeneg\u00e9 Mercy Corps alert\u00f3 de los riesgos para el aprovisionamiento de alimentos en el pa\u00eds m\u00e1s pobre de Am\u00e9rica.<\/p>\n<p>Con el cierre del aeropuerto internacional, la poca ayuda que recibe Hait\u00ed en la actualidad podr\u00eda no volver a llegar\u00bb, advirti\u00f3 el organismo el jueves. Y \u00absi no se accede a esos contenedores, Hait\u00ed pronto tendr\u00e1 hambre\u00bb.<\/p>\n<p>De continuar la \u00abpar\u00e1lisis\u00bb en Puerto Pr\u00edncipe en las pr\u00f3ximas semanas, \u00abcerca de 3.000 mujeres embarazadas corren el riesgo de no poder acceder a los cuidados de salud esenciales\u00bb, alertaron varios representantes de la ONU la semana pasada.<\/p>\n","protected":false},"excerpt":{"rendered":"<p>La capital haitiana, Puerto Pr\u00edncipe, contin\u00faa sumida en un espiral de violencia desatada por las pandillas armadas, ante<\/p>\n","protected":false},"author":1,"featured_media":21072,"comment_status":"open","ping_status":"closed","sticky":false,"template":"","format":"standard","meta":{"footnotes":""},"categories":[10],"tags":[],"class_list":["post-21070","post","type-post","status-publish","format-standard","has-post-thumbnail","hentry","category-internacional"],"yoast_head":"<!-- This site is optimized with the Yoast SEO plugin v27.5 - https:\/\/yoast.com\/product\/yoast-seo-wordpress\/ -->\n<title>EU evac\u00faa parte de su personal tras aumento de violencia en Hait\u00ed - El Estatal de M\u00e9xico<\/title>\n<meta name=\"robots\" content=\"index, follow, max-snippet:-1, max-image-preview:large, max-video-preview:-1\" \/>\n<link rel=\"canonical\" href=\"https:\/\/elestataldemexico.com\/index.php\/2024\/03\/11\/eu-evacua-parte-de-su-personal-tras-aumento-de-violencia-en-haiti\/\" \/>\n<meta property=\"og:locale\" content=\"es_ES\" \/>\n<meta property=\"og:type\" content=\"article\" \/>\n<meta property=\"og:title\" content=\"EU evac\u00faa parte de su personal tras aumento de violencia en Hait\u00ed - El Estatal de M\u00e9xico\" \/>\n<meta property=\"og:description\" content=\"La capital haitiana, Puerto Pr\u00edncipe, contin\u00faa sumida en un espiral de violencia desatada por las pandillas armadas, ante\" \/>\n<meta property=\"og:url\" content=\"https:\/\/elestataldemexico.com\/index.php\/2024\/03\/11\/eu-evacua-parte-de-su-personal-tras-aumento-de-violencia-en-haiti\/\" \/>\n<meta property=\"og:site_name\" content=\"El Estatal de M\u00e9xico\" \/>\n<meta property=\"article:published_time\" content=\"2024-03-11T18:13:35+00:00\" \/>\n<meta property=\"og:image\" content=\"https:\/\/elestataldemexico.com\/wp-content\/uploads\/2024\/03\/WhatsApp-Image-2024-03-11-at-13.11.14.jpeg\" \/>\n\t<meta property=\"og:image:width\" content=\"830\" \/>\n\t<meta property=\"og:image:height\" content=\"623\" \/>\n\t<meta property=\"og:image:type\" content=\"image\/jpeg\" \/>\n<meta name=\"author\" content=\"admin\" \/>\n<meta name=\"twitter:card\" content=\"summary_large_image\" \/>\n<meta name=\"twitter:label1\" content=\"Escrito por\" \/>\n\t<meta name=\"twitter:data1\" content=\"admin\" \/>\n\t<meta name=\"twitter:label2\" content=\"Tiempo de lectura\" \/>\n\t<meta name=\"twitter:data2\" content=\"5 minutos\" \/>\n<script type=\"application\/ld+json\" class=\"yoast-schema-graph\">{\"@context\":\"https:\\\/\\\/schema.org\",\"@graph\":[{\"@type\":\"Article\",\"@id\":\"https:\\\/\\\/elestataldemexico.com\\\/index.php\\\/2024\\\/03\\\/11\\\/eu-evacua-parte-de-su-personal-tras-aumento-de-violencia-en-haiti\\\/#article\",\"isPartOf\":{\"@id\":\"https:\\\/\\\/elestataldemexico.com\\\/index.php\\\/2024\\\/03\\\/11\\\/eu-evacua-parte-de-su-personal-tras-aumento-de-violencia-en-haiti\\\/\"},\"author\":{\"name\":\"admin\",\"@id\":\"https:\\\/\\\/elestataldemexico.com\\\/#\\\/schema\\\/person\\\/6c7813c13d2c1571771f592f0fe866bb\"},\"headline\":\"EU evac\u00faa parte de su personal tras aumento de violencia en Hait\u00ed\",\"datePublished\":\"2024-03-11T18:13:35+00:00\",\"mainEntityOfPage\":{\"@id\":\"https:\\\/\\\/elestataldemexico.com\\\/index.php\\\/2024\\\/03\\\/11\\\/eu-evacua-parte-de-su-personal-tras-aumento-de-violencia-en-haiti\\\/\"},\"wordCount\":944,\"commentCount\":0,\"publisher\":{\"@id\":\"https:\\\/\\\/elestataldemexico.com\\\/#organization\"},\"image\":{\"@id\":\"https:\\\/\\\/elestataldemexico.com\\\/index.php\\\/2024\\\/03\\\/11\\\/eu-evacua-parte-de-su-personal-tras-aumento-de-violencia-en-haiti\\\/#primaryimage\"},\"thumbnailUrl\":\"https:\\\/\\\/elestataldemexico.com\\\/wp-content\\\/uploads\\\/2024\\\/03\\\/WhatsApp-Image-2024-03-11-at-13.11.14.jpeg\",\"articleSection\":[\"Internacional\"],\"inLanguage\":\"es\",\"potentialAction\":[{\"@type\":\"CommentAction\",\"name\":\"Comment\",\"target\":[\"https:\\\/\\\/elestataldemexico.com\\\/index.php\\\/2024\\\/03\\\/11\\\/eu-evacua-parte-de-su-personal-tras-aumento-de-violencia-en-haiti\\\/#respond\"]}]},{\"@type\":\"WebPage\",\"@id\":\"https:\\\/\\\/elestataldemexico.com\\\/index.php\\\/2024\\\/03\\\/11\\\/eu-evacua-parte-de-su-personal-tras-aumento-de-violencia-en-haiti\\\/\",\"url\":\"https:\\\/\\\/elestataldemexico.com\\\/index.php\\\/2024\\\/03\\\/11\\\/eu-evacua-parte-de-su-personal-tras-aumento-de-violencia-en-haiti\\\/\",\"name\":\"EU evac\u00faa parte de su personal tras aumento de violencia en Hait\u00ed - El Estatal de M\u00e9xico\",\"isPartOf\":{\"@id\":\"https:\\\/\\\/elestataldemexico.com\\\/#website\"},\"primaryImageOfPage\":{\"@id\":\"https:\\\/\\\/elestataldemexico.com\\\/index.php\\\/2024\\\/03\\\/11\\\/eu-evacua-parte-de-su-personal-tras-aumento-de-violencia-en-haiti\\\/#primaryimage\"},\"image\":{\"@id\":\"https:\\\/\\\/elestataldemexico.com\\\/index.php\\\/2024\\\/03\\\/11\\\/eu-evacua-parte-de-su-personal-tras-aumento-de-violencia-en-haiti\\\/#primaryimage\"},\"thumbnailUrl\":\"https:\\\/\\\/elestataldemexico.com\\\/wp-content\\\/uploads\\\/2024\\\/03\\\/WhatsApp-Image-2024-03-11-at-13.11.14.jpeg\",\"datePublished\":\"2024-03-11T18:13:35+00:00\",\"breadcrumb\":{\"@id\":\"https:\\\/\\\/elestataldemexico.com\\\/index.php\\\/2024\\\/03\\\/11\\\/eu-evacua-parte-de-su-personal-tras-aumento-de-violencia-en-haiti\\\/#breadcrumb\"},\"inLanguage\":\"es\",\"potentialAction\":[{\"@type\":\"ReadAction\",\"target\":[\"https:\\\/\\\/elestataldemexico.com\\\/index.php\\\/2024\\\/03\\\/11\\\/eu-evacua-parte-de-su-personal-tras-aumento-de-violencia-en-haiti\\\/\"]}]},{\"@type\":\"ImageObject\",\"inLanguage\":\"es\",\"@id\":\"https:\\\/\\\/elestataldemexico.com\\\/index.php\\\/2024\\\/03\\\/11\\\/eu-evacua-parte-de-su-personal-tras-aumento-de-violencia-en-haiti\\\/#primaryimage\",\"url\":\"https:\\\/\\\/elestataldemexico.com\\\/wp-content\\\/uploads\\\/2024\\\/03\\\/WhatsApp-Image-2024-03-11-at-13.11.14.jpeg\",\"contentUrl\":\"https:\\\/\\\/elestataldemexico.com\\\/wp-content\\\/uploads\\\/2024\\\/03\\\/WhatsApp-Image-2024-03-11-at-13.11.14.jpeg\",\"width\":830,\"height\":623},{\"@type\":\"BreadcrumbList\",\"@id\":\"https:\\\/\\\/elestataldemexico.com\\\/index.php\\\/2024\\\/03\\\/11\\\/eu-evacua-parte-de-su-personal-tras-aumento-de-violencia-en-haiti\\\/#breadcrumb\",\"itemListElement\":[{\"@type\":\"ListItem\",\"position\":1,\"name\":\"Portada\",\"item\":\"https:\\\/\\\/elestataldemexico.com\\\/\"},{\"@type\":\"ListItem\",\"position\":2,\"name\":\"EU evac\u00faa parte de su personal tras aumento de violencia en Hait\u00ed\"}]},{\"@type\":\"WebSite\",\"@id\":\"https:\\\/\\\/elestataldemexico.com\\\/#website\",\"url\":\"https:\\\/\\\/elestataldemexico.com\\\/\",\"name\":\"El Estatal de M\u00e9xico\",\"description\":\"\",\"publisher\":{\"@id\":\"https:\\\/\\\/elestataldemexico.com\\\/#organization\"},\"potentialAction\":[{\"@type\":\"SearchAction\",\"target\":{\"@type\":\"EntryPoint\",\"urlTemplate\":\"https:\\\/\\\/elestataldemexico.com\\\/?s={search_term_string}\"},\"query-input\":{\"@type\":\"PropertyValueSpecification\",\"valueRequired\":true,\"valueName\":\"search_term_string\"}}],\"inLanguage\":\"es\"},{\"@type\":\"Organization\",\"@id\":\"https:\\\/\\\/elestataldemexico.com\\\/#organization\",\"name\":\"El Estatal de M\u00e9xico\",\"url\":\"https:\\\/\\\/elestataldemexico.com\\\/\",\"logo\":{\"@type\":\"ImageObject\",\"inLanguage\":\"es\",\"@id\":\"https:\\\/\\\/elestataldemexico.com\\\/#\\\/schema\\\/logo\\\/image\\\/\",\"url\":\"https:\\\/\\\/elestataldemexico.com\\\/wp-content\\\/uploads\\\/2025\\\/05\\\/cropped-elestatal.png\",\"contentUrl\":\"https:\\\/\\\/elestataldemexico.com\\\/wp-content\\\/uploads\\\/2025\\\/05\\\/cropped-elestatal.png\",\"width\":504,\"height\":97,\"caption\":\"El Estatal de M\u00e9xico\"},\"image\":{\"@id\":\"https:\\\/\\\/elestataldemexico.com\\\/#\\\/schema\\\/logo\\\/image\\\/\"}},{\"@type\":\"Person\",\"@id\":\"https:\\\/\\\/elestataldemexico.com\\\/#\\\/schema\\\/person\\\/6c7813c13d2c1571771f592f0fe866bb\",\"name\":\"admin\",\"image\":{\"@type\":\"ImageObject\",\"inLanguage\":\"es\",\"@id\":\"https:\\\/\\\/secure.gravatar.com\\\/avatar\\\/d5ed2db9923a3ad3c0a47f6b3aec7abcb43924b9322251ade16472fc06f7bb5b?s=96&d=mm&r=g\",\"url\":\"https:\\\/\\\/secure.gravatar.com\\\/avatar\\\/d5ed2db9923a3ad3c0a47f6b3aec7abcb43924b9322251ade16472fc06f7bb5b?s=96&d=mm&r=g\",\"contentUrl\":\"https:\\\/\\\/secure.gravatar.com\\\/avatar\\\/d5ed2db9923a3ad3c0a47f6b3aec7abcb43924b9322251ade16472fc06f7bb5b?s=96&d=mm&r=g\",\"caption\":\"admin\"},\"sameAs\":[\"https:\\\/\\\/elestataldemexico.com\"],\"url\":\"https:\\\/\\\/elestataldemexico.com\\\/index.php\\\/author\\\/info_qk62m3p3\\\/\"}]}<\/script>\n<!-- \/ Yoast SEO plugin. -->","yoast_head_json":{"title":"EU evac\u00faa parte de su personal tras aumento de violencia en Hait\u00ed - El Estatal de M\u00e9xico","robots":{"index":"index","follow":"follow","max-snippet":"max-snippet:-1","max-image-preview":"max-image-preview:large","max-video-preview":"max-video-preview:-1"},"canonical":"https:\/\/elestataldemexico.com\/index.php\/2024\/03\/11\/eu-evacua-parte-de-su-personal-tras-aumento-de-violencia-en-haiti\/","og_locale":"es_ES","og_type":"article","og_title":"EU evac\u00faa parte de su personal tras aumento de violencia en Hait\u00ed - El Estatal de M\u00e9xico","og_description":"La capital haitiana, Puerto Pr\u00edncipe, contin\u00faa sumida en un espiral de violencia desatada por las pandillas armadas, ante","og_url":"https:\/\/elestataldemexico.com\/index.php\/2024\/03\/11\/eu-evacua-parte-de-su-personal-tras-aumento-de-violencia-en-haiti\/","og_site_name":"El Estatal de M\u00e9xico","article_published_time":"2024-03-11T18:13:35+00:00","og_image":[{"width":830,"height":623,"url":"https:\/\/elestataldemexico.com\/wp-content\/uploads\/2024\/03\/WhatsApp-Image-2024-03-11-at-13.11.14.jpeg","type":"image\/jpeg"}],"author":"admin","twitter_card":"summary_large_image","twitter_misc":{"Escrito por":"admin","Tiempo de lectura":"5 minutos"},"schema":{"@context":"https:\/\/schema.org","@graph":[{"@type":"Article","@id":"https:\/\/elestataldemexico.com\/index.php\/2024\/03\/11\/eu-evacua-parte-de-su-personal-tras-aumento-de-violencia-en-haiti\/#article","isPartOf":{"@id":"https:\/\/elestataldemexico.com\/index.php\/2024\/03\/11\/eu-evacua-parte-de-su-personal-tras-aumento-de-violencia-en-haiti\/"},"author":{"name":"admin","@id":"https:\/\/elestataldemexico.com\/#\/schema\/person\/6c7813c13d2c1571771f592f0fe866bb"},"headline":"EU evac\u00faa parte de su personal tras aumento de violencia en Hait\u00ed","datePublished":"2024-03-11T18:13:35+00:00","mainEntityOfPage":{"@id":"https:\/\/elestataldemexico.com\/index.php\/2024\/03\/11\/eu-evacua-parte-de-su-personal-tras-aumento-de-violencia-en-haiti\/"},"wordCount":944,"commentCount":0,"publisher":{"@id":"https:\/\/elestataldemexico.com\/#organization"},"image":{"@id":"https:\/\/elestataldemexico.com\/index.php\/2024\/03\/11\/eu-evacua-parte-de-su-personal-tras-aumento-de-violencia-en-haiti\/#primaryimage"},"thumbnailUrl":"https:\/\/elestataldemexico.com\/wp-content\/uploads\/2024\/03\/WhatsApp-Image-2024-03-11-at-13.11.14.jpeg","articleSection":["Internacional"],"inLanguage":"es","potentialAction":[{"@type":"CommentAction","name":"Comment","target":["https:\/\/elestataldemexico.com\/index.php\/2024\/03\/11\/eu-evacua-parte-de-su-personal-tras-aumento-de-violencia-en-haiti\/#respond"]}]},{"@type":"WebPage","@id":"https:\/\/elestataldemexico.com\/index.php\/2024\/03\/11\/eu-evacua-parte-de-su-personal-tras-aumento-de-violencia-en-haiti\/","url":"https:\/\/elestataldemexico.com\/index.php\/2024\/03\/11\/eu-evacua-parte-de-su-personal-tras-aumento-de-violencia-en-haiti\/","name":"EU evac\u00faa parte de su personal tras aumento de violencia en Hait\u00ed - El Estatal de M\u00e9xico","isPartOf":{"@id":"https:\/\/elestataldemexico.com\/#website"},"primaryImageOfPage":{"@id":"https:\/\/elestataldemexico.com\/index.php\/2024\/03\/11\/eu-evacua-parte-de-su-personal-tras-aumento-de-violencia-en-haiti\/#primaryimage"},"image":{"@id":"https:\/\/elestataldemexico.com\/index.php\/2024\/03\/11\/eu-evacua-parte-de-su-personal-tras-aumento-de-violencia-en-haiti\/#primaryimage"},"thumbnailUrl":"https:\/\/elestataldemexico.com\/wp-content\/uploads\/2024\/03\/WhatsApp-Image-2024-03-11-at-13.11.14.jpeg","datePublished":"2024-03-11T18:13:35+00:00","breadcrumb":{"@id":"https:\/\/elestataldemexico.com\/index.php\/2024\/03\/11\/eu-evacua-parte-de-su-personal-tras-aumento-de-violencia-en-haiti\/#breadcrumb"},"inLanguage":"es","potentialAction":[{"@type":"ReadAction","target":["https:\/\/elestataldemexico.com\/index.php\/2024\/03\/11\/eu-evacua-parte-de-su-personal-tras-aumento-de-violencia-en-haiti\/"]}]},{"@type":"ImageObject","inLanguage":"es","@id":"https:\/\/elestataldemexico.com\/index.php\/2024\/03\/11\/eu-evacua-parte-de-su-personal-tras-aumento-de-violencia-en-haiti\/#primaryimage","url":"https:\/\/elestataldemexico.com\/wp-content\/uploads\/2024\/03\/WhatsApp-Image-2024-03-11-at-13.11.14.jpeg","contentUrl":"https:\/\/elestataldemexico.com\/wp-content\/uploads\/2024\/03\/WhatsApp-Image-2024-03-11-at-13.11.14.jpeg","width":830,"height":623},{"@type":"BreadcrumbList","@id":"https:\/\/elestataldemexico.com\/index.php\/2024\/03\/11\/eu-evacua-parte-de-su-personal-tras-aumento-de-violencia-en-haiti\/#breadcrumb","itemListElement":[{"@type":"ListItem","position":1,"name":"Portada","item":"https:\/\/elestataldemexico.com\/"},{"@type":"ListItem","position":2,"name":"EU evac\u00faa parte de su personal tras aumento de violencia en Hait\u00ed"}]},{"@type":"WebSite","@id":"https:\/\/elestataldemexico.com\/#website","url":"https:\/\/elestataldemexico.com\/","name":"El Estatal de M\u00e9xico","description":"","publisher":{"@id":"https:\/\/elestataldemexico.com\/#organization"},"potentialAction":[{"@type":"SearchAction","target":{"@type":"EntryPoint","urlTemplate":"https:\/\/elestataldemexico.com\/?s={search_term_string}"},"query-input":{"@type":"PropertyValueSpecification","valueRequired":true,"valueName":"search_term_string"}}],"inLanguage":"es"},{"@type":"Organization","@id":"https:\/\/elestataldemexico.com\/#organization","name":"El Estatal de M\u00e9xico","url":"https:\/\/elestataldemexico.com\/","logo":{"@type":"ImageObject","inLanguage":"es","@id":"https:\/\/elestataldemexico.com\/#\/schema\/logo\/image\/","url":"https:\/\/elestataldemexico.com\/wp-content\/uploads\/2025\/05\/cropped-elestatal.png","contentUrl":"https:\/\/elestataldemexico.com\/wp-content\/uploads\/2025\/05\/cropped-elestatal.png","width":504,"height":97,"caption":"El Estatal de M\u00e9xico"},"image":{"@id":"https:\/\/elestataldemexico.com\/#\/schema\/logo\/image\/"}},{"@type":"Person","@id":"https:\/\/elestataldemexico.com\/#\/schema\/person\/6c7813c13d2c1571771f592f0fe866bb","name":"admin","image":{"@type":"ImageObject","inLanguage":"es","@id":"https:\/\/secure.gravatar.com\/avatar\/d5ed2db9923a3ad3c0a47f6b3aec7abcb43924b9322251ade16472fc06f7bb5b?s=96&d=mm&r=g","url":"https:\/\/secure.gravatar.com\/avatar\/d5ed2db9923a3ad3c0a47f6b3aec7abcb43924b9322251ade16472fc06f7bb5b?s=96&d=mm&r=g","contentUrl":"https:\/\/secure.gravatar.com\/avatar\/d5ed2db9923a3ad3c0a47f6b3aec7abcb43924b9322251ade16472fc06f7bb5b?s=96&d=mm&r=g","caption":"admin"},"sameAs":["https:\/\/elestataldemexico.com"],"url":"https:\/\/elestataldemexico.com\/index.php\/author\/info_qk62m3p3\/"}]}},"_links":{"self":[{"href":"https:\/\/elestataldemexico.com\/index.php\/wp-json\/wp\/v2\/posts\/21070","targetHints":{"allow":["GET"]}}],"collection":[{"href":"https:\/\/elestataldemexico.com\/index.php\/wp-json\/wp\/v2\/posts"}],"about":[{"href":"https:\/\/elestataldemexico.com\/index.php\/wp-json\/wp\/v2\/types\/post"}],"author":[{"embeddable":true,"href":"https:\/\/elestataldemexico.com\/index.php\/wp-json\/wp\/v2\/users\/1"}],"replies":[{"embeddable":true,"href":"https:\/\/elestataldemexico.com\/index.php\/wp-json\/wp\/v2\/comments?post=21070"}],"version-history":[{"count":0,"href":"https:\/\/elestataldemexico.com\/index.php\/wp-json\/wp\/v2\/posts\/21070\/revisions"}],"wp:featuredmedia":[{"embeddable":true,"href":"https:\/\/elestataldemexico.com\/index.php\/wp-json\/wp\/v2\/media\/21072"}],"wp:attachment":[{"href":"https:\/\/elestataldemexico.com\/index.php\/wp-json\/wp\/v2\/media?parent=21070"}],"wp:term":[{"taxonomy":"category","embeddable":true,"href":"https:\/\/elestataldemexico.com\/index.php\/wp-json\/wp\/v2\/categories?post=21070"},{"taxonomy":"post_tag","embeddable":true,"href":"https:\/\/elestataldemexico.com\/index.php\/wp-json\/wp\/v2\/tags?post=21070"}],"curies":[{"name":"wp","href":"https:\/\/api.w.org\/{rel}","templated":true}]}}