{"id":21031,"date":"2024-03-08T12:44:21","date_gmt":"2024-03-08T17:44:21","guid":{"rendered":"https:\/\/podernacional.com\/?p=21031"},"modified":"2024-03-08T12:44:21","modified_gmt":"2024-03-08T17:44:21","slug":"entra-en-vigor-en-la-ue-la-nueva-ley-de-mercados-digitales","status":"publish","type":"post","link":"https:\/\/elestataldemexico.com\/index.php\/2024\/03\/08\/entra-en-vigor-en-la-ue-la-nueva-ley-de-mercados-digitales\/","title":{"rendered":"Entra en vigor en la UE la nueva Ley de Mercados Digitales"},"content":{"rendered":"<p>La ambiciosa Ley de Mercados Digitales (LMD), que regula la actividad de los gigantes tecnol\u00f3gicos en la Uni\u00f3n Europea (UE) para crear un ambiente m\u00e1s competitivo en el sector, entra en vigor este jueves.<\/p>\n<p>La Ley de Mercados Digitales establece normas especiales para seis supergigantes -los cinco estadounidenses Apple, Alphabet (Google), Amazon, Meta (Facebook e Instagram) y Microsoft y el chino ByteDance (TikTok)-, que estar\u00e1n sujetos a supervisi\u00f3n permanente.<\/p>\n<p>En un comunicado, la Comisi\u00f3n Europea -el brazo ejecutivo de la UE- se\u00f1al\u00f3 que \u00aba partir de hoy\u00bb [jueves] esos seis gigantes \u00abdeben cumplir plenamente todas sus obligaciones\u00bb previstas en la ley.<\/p>\n<p>Adem\u00e1s de definir una lista de lo que estas firmas pueden hacer en el espacio europeo, la Ley de Mercados Digitales concede a la Comisi\u00f3n Europea el poder de imponer enormes multas y hasta determinar la divisi\u00f3n de las firmas.<\/p>\n<p>Los seis gigantes tendr\u00e1n que informar a Bruselas sobre cualquier compra, as\u00ed como ofrecer a los usuarios europeos m\u00e1s opciones a la hora de elegir navegadores web o motores de b\u00fasqueda.<\/p>\n<p>Las seis empresas deber\u00e1n probar a partir de hoy su ajuste a la Ley de Mercados Digitales y presentar \u00abuna descripci\u00f3n, auditada en forma independiente, de las t\u00e9cnicas utilizadas para definir perfiles de los usuarios, junto con una versi\u00f3n no confidencial\u00bb<\/p>\n<p>Estos informes ser\u00e1n \u00abcuidadosamente analizados\u00bb por la Comisi\u00f3n, que de esa forma decidir\u00e1 si las medidas implementadas por las empresas \u00abson eficaces\u00bb para alcanzar el objetivo de ajustarse a la ley.<\/p>\n<p>La Comisi\u00f3n no hesitar\u00e1 en tomar acci\u00f3n, utilizando para ello todas las herramientas disponibles para asegurar el cumplimiento de la Ley de Mercados Digitales\u00bb, se\u00f1al\u00f3 el comunicado.<\/p>\n<p>En caso de incumplimiento, la Comisi\u00f3n podr\u00e1 aplicar multas de hasta el 10% de la facturaci\u00f3n anual global de una empresa, sanci\u00f3n que podr\u00eda llegar al 20% en caso de reincidencia.<\/p>\n<p>Para los casos de violaci\u00f3n sistem\u00e1tica de la normativa, la Comisi\u00f3n podr\u00e1 decidir la venta de una parte de la empresa responsable, por el veto a nuevas adquisiciones.<\/p>\n<p>En la nota, el comisario europeo de Mercado Interno, Therry Breton, dijo que la jornada \u00abmarca un punto de inflexi\u00f3n para el espacio digital europeo\u00bb, con la entrada en vigor de la Ley de Mercados Digitales.<\/p>\n<p>Para Bram Vranken, investigador del Corporate Europe Observatory, \u00abconseguir que las grandes tecnol\u00f3gicas cumplan estas nuevas normas ser\u00e1 una tarea enorme\u00bb.<\/p>\n<p>Ocho a\u00f1os despu\u00e9s de la ley de protecci\u00f3n de datos en la Uni\u00f3n Europea, \u00abla UE todav\u00eda lucha para que Facebook respete la privacidad de millones de personas en Europa\u00bb, puntualiz\u00f3 el experto.<\/p>\n<p>Aplicaci\u00f3n dif\u00edcil<br \/>\nEn tanto, los pa\u00edses de la Uni\u00f3n Europea presionan para que la Comisi\u00f3n Europea centre sus recursos en lograr el cumplimiento de al menos nueve leyes importantes que cubren el espacio digital, creadas desde 2019.<\/p>\n<p>Analistas, en tanto, instan a la UE a ser realista sobre los recursos que necesitar\u00e1.<\/p>\n<p>Los eurodiputados est\u00e1n subestimando el desaf\u00edo de implementar y hacer cumplir la reciente serie de leyes digitales\u00bb, se\u00f1al\u00f3 Zach Meyers, del n\u00facleo de estudios Centro para la Reforma Europea, en un informe de febrero.<\/p>\n<p>El gran volumen de nuevas leyes, argument\u00f3 Meyers, \u00abcrea el riesgo de que la Comisi\u00f3n y las autoridades nacionales carezcan de los recursos para implementarlas adecuadamente\u00bb.<\/p>\n<p>Margrethe Vestager ya ha mencionado que la comisi\u00f3n est\u00e1 reforzando su capacidad para vigilar el incumplimiento, pero tambi\u00e9n reconoce que los funcionarios tendr\u00edan que establecer prioridades entre los casos.<\/p>\n<p>La Comisi\u00f3n tiene actualmente 80 personas trabajando en la verificaci\u00f3n del cumplimiento de la LMD, seg\u00fan un portavoz de la instituci\u00f3n.<\/p>\n<p>Simult\u00e1neamente, tiene 123 empleados a tiempo completo enfocados en hacer cumplir la Ley de Servicios Digitales (LSD), una ley de moderaci\u00f3n de contenido y que complementa la LMD.<\/p>\n<p>En cambio, Meta y TikTok admitieron en 2023 que cada uno ten\u00eda m\u00e1s de 1,000 personas trabajando en la implementaci\u00f3n de la LSD. Google afirm\u00f3 que s\u00f3lo para cumplimiento de la LMD ten\u00eda trabajando a \u00abmiles de ingenieros\u00bb.<\/p>\n","protected":false},"excerpt":{"rendered":"<p>La ambiciosa Ley de Mercados Digitales (LMD), que regula la actividad de los gigantes tecnol\u00f3gicos en la Uni\u00f3n<\/p>\n","protected":false},"author":1,"featured_media":21033,"comment_status":"open","ping_status":"closed","sticky":false,"template":"","format":"standard","meta":{"footnotes":""},"categories":[10],"tags":[],"class_list":["post-21031","post","type-post","status-publish","format-standard","has-post-thumbnail","hentry","category-internacional"],"yoast_head":"<!-- This site is optimized with the Yoast SEO plugin v27.5 - https:\/\/yoast.com\/product\/yoast-seo-wordpress\/ -->\n<title>Entra en vigor en la UE la nueva Ley de Mercados Digitales - El Estatal de M\u00e9xico<\/title>\n<meta name=\"robots\" content=\"index, follow, max-snippet:-1, max-image-preview:large, max-video-preview:-1\" \/>\n<link rel=\"canonical\" href=\"https:\/\/elestataldemexico.com\/index.php\/2024\/03\/08\/entra-en-vigor-en-la-ue-la-nueva-ley-de-mercados-digitales\/\" \/>\n<meta property=\"og:locale\" content=\"es_ES\" \/>\n<meta property=\"og:type\" content=\"article\" \/>\n<meta property=\"og:title\" content=\"Entra en vigor en la UE la nueva Ley de Mercados Digitales - El Estatal de M\u00e9xico\" \/>\n<meta property=\"og:description\" content=\"La ambiciosa Ley de Mercados Digitales (LMD), que regula la actividad de los gigantes tecnol\u00f3gicos en la Uni\u00f3n\" \/>\n<meta property=\"og:url\" content=\"https:\/\/elestataldemexico.com\/index.php\/2024\/03\/08\/entra-en-vigor-en-la-ue-la-nueva-ley-de-mercados-digitales\/\" \/>\n<meta property=\"og:site_name\" content=\"El Estatal de M\u00e9xico\" \/>\n<meta property=\"article:published_time\" content=\"2024-03-08T17:44:21+00:00\" \/>\n<meta property=\"og:image\" content=\"https:\/\/elestataldemexico.com\/wp-content\/uploads\/2024\/03\/union_europea.jpg_389149994.jpg\" \/>\n\t<meta property=\"og:image:width\" content=\"1200\" \/>\n\t<meta property=\"og:image:height\" content=\"794\" \/>\n\t<meta property=\"og:image:type\" content=\"image\/jpeg\" \/>\n<meta name=\"author\" content=\"admin\" \/>\n<meta name=\"twitter:card\" content=\"summary_large_image\" \/>\n<meta name=\"twitter:label1\" content=\"Escrito por\" \/>\n\t<meta name=\"twitter:data1\" content=\"admin\" \/>\n\t<meta name=\"twitter:label2\" content=\"Tiempo de lectura\" \/>\n\t<meta name=\"twitter:data2\" content=\"4 minutos\" \/>\n<script type=\"application\/ld+json\" class=\"yoast-schema-graph\">{\"@context\":\"https:\\\/\\\/schema.org\",\"@graph\":[{\"@type\":\"Article\",\"@id\":\"https:\\\/\\\/elestataldemexico.com\\\/index.php\\\/2024\\\/03\\\/08\\\/entra-en-vigor-en-la-ue-la-nueva-ley-de-mercados-digitales\\\/#article\",\"isPartOf\":{\"@id\":\"https:\\\/\\\/elestataldemexico.com\\\/index.php\\\/2024\\\/03\\\/08\\\/entra-en-vigor-en-la-ue-la-nueva-ley-de-mercados-digitales\\\/\"},\"author\":{\"name\":\"admin\",\"@id\":\"https:\\\/\\\/elestataldemexico.com\\\/#\\\/schema\\\/person\\\/6c7813c13d2c1571771f592f0fe866bb\"},\"headline\":\"Entra en vigor en la UE la nueva Ley de Mercados Digitales\",\"datePublished\":\"2024-03-08T17:44:21+00:00\",\"mainEntityOfPage\":{\"@id\":\"https:\\\/\\\/elestataldemexico.com\\\/index.php\\\/2024\\\/03\\\/08\\\/entra-en-vigor-en-la-ue-la-nueva-ley-de-mercados-digitales\\\/\"},\"wordCount\":714,\"commentCount\":0,\"publisher\":{\"@id\":\"https:\\\/\\\/elestataldemexico.com\\\/#organization\"},\"image\":{\"@id\":\"https:\\\/\\\/elestataldemexico.com\\\/index.php\\\/2024\\\/03\\\/08\\\/entra-en-vigor-en-la-ue-la-nueva-ley-de-mercados-digitales\\\/#primaryimage\"},\"thumbnailUrl\":\"https:\\\/\\\/elestataldemexico.com\\\/wp-content\\\/uploads\\\/2024\\\/03\\\/union_europea.jpg_389149994.jpg\",\"articleSection\":[\"Internacional\"],\"inLanguage\":\"es\",\"potentialAction\":[{\"@type\":\"CommentAction\",\"name\":\"Comment\",\"target\":[\"https:\\\/\\\/elestataldemexico.com\\\/index.php\\\/2024\\\/03\\\/08\\\/entra-en-vigor-en-la-ue-la-nueva-ley-de-mercados-digitales\\\/#respond\"]}]},{\"@type\":\"WebPage\",\"@id\":\"https:\\\/\\\/elestataldemexico.com\\\/index.php\\\/2024\\\/03\\\/08\\\/entra-en-vigor-en-la-ue-la-nueva-ley-de-mercados-digitales\\\/\",\"url\":\"https:\\\/\\\/elestataldemexico.com\\\/index.php\\\/2024\\\/03\\\/08\\\/entra-en-vigor-en-la-ue-la-nueva-ley-de-mercados-digitales\\\/\",\"name\":\"Entra en vigor en la UE la nueva Ley de Mercados Digitales - El Estatal de M\u00e9xico\",\"isPartOf\":{\"@id\":\"https:\\\/\\\/elestataldemexico.com\\\/#website\"},\"primaryImageOfPage\":{\"@id\":\"https:\\\/\\\/elestataldemexico.com\\\/index.php\\\/2024\\\/03\\\/08\\\/entra-en-vigor-en-la-ue-la-nueva-ley-de-mercados-digitales\\\/#primaryimage\"},\"image\":{\"@id\":\"https:\\\/\\\/elestataldemexico.com\\\/index.php\\\/2024\\\/03\\\/08\\\/entra-en-vigor-en-la-ue-la-nueva-ley-de-mercados-digitales\\\/#primaryimage\"},\"thumbnailUrl\":\"https:\\\/\\\/elestataldemexico.com\\\/wp-content\\\/uploads\\\/2024\\\/03\\\/union_europea.jpg_389149994.jpg\",\"datePublished\":\"2024-03-08T17:44:21+00:00\",\"breadcrumb\":{\"@id\":\"https:\\\/\\\/elestataldemexico.com\\\/index.php\\\/2024\\\/03\\\/08\\\/entra-en-vigor-en-la-ue-la-nueva-ley-de-mercados-digitales\\\/#breadcrumb\"},\"inLanguage\":\"es\",\"potentialAction\":[{\"@type\":\"ReadAction\",\"target\":[\"https:\\\/\\\/elestataldemexico.com\\\/index.php\\\/2024\\\/03\\\/08\\\/entra-en-vigor-en-la-ue-la-nueva-ley-de-mercados-digitales\\\/\"]}]},{\"@type\":\"ImageObject\",\"inLanguage\":\"es\",\"@id\":\"https:\\\/\\\/elestataldemexico.com\\\/index.php\\\/2024\\\/03\\\/08\\\/entra-en-vigor-en-la-ue-la-nueva-ley-de-mercados-digitales\\\/#primaryimage\",\"url\":\"https:\\\/\\\/elestataldemexico.com\\\/wp-content\\\/uploads\\\/2024\\\/03\\\/union_europea.jpg_389149994.jpg\",\"contentUrl\":\"https:\\\/\\\/elestataldemexico.com\\\/wp-content\\\/uploads\\\/2024\\\/03\\\/union_europea.jpg_389149994.jpg\",\"width\":1200,\"height\":794},{\"@type\":\"BreadcrumbList\",\"@id\":\"https:\\\/\\\/elestataldemexico.com\\\/index.php\\\/2024\\\/03\\\/08\\\/entra-en-vigor-en-la-ue-la-nueva-ley-de-mercados-digitales\\\/#breadcrumb\",\"itemListElement\":[{\"@type\":\"ListItem\",\"position\":1,\"name\":\"Portada\",\"item\":\"https:\\\/\\\/elestataldemexico.com\\\/\"},{\"@type\":\"ListItem\",\"position\":2,\"name\":\"Entra en vigor en la UE la nueva Ley de Mercados Digitales\"}]},{\"@type\":\"WebSite\",\"@id\":\"https:\\\/\\\/elestataldemexico.com\\\/#website\",\"url\":\"https:\\\/\\\/elestataldemexico.com\\\/\",\"name\":\"El Estatal de M\u00e9xico\",\"description\":\"\",\"publisher\":{\"@id\":\"https:\\\/\\\/elestataldemexico.com\\\/#organization\"},\"potentialAction\":[{\"@type\":\"SearchAction\",\"target\":{\"@type\":\"EntryPoint\",\"urlTemplate\":\"https:\\\/\\\/elestataldemexico.com\\\/?s={search_term_string}\"},\"query-input\":{\"@type\":\"PropertyValueSpecification\",\"valueRequired\":true,\"valueName\":\"search_term_string\"}}],\"inLanguage\":\"es\"},{\"@type\":\"Organization\",\"@id\":\"https:\\\/\\\/elestataldemexico.com\\\/#organization\",\"name\":\"El Estatal de M\u00e9xico\",\"url\":\"https:\\\/\\\/elestataldemexico.com\\\/\",\"logo\":{\"@type\":\"ImageObject\",\"inLanguage\":\"es\",\"@id\":\"https:\\\/\\\/elestataldemexico.com\\\/#\\\/schema\\\/logo\\\/image\\\/\",\"url\":\"https:\\\/\\\/elestataldemexico.com\\\/wp-content\\\/uploads\\\/2025\\\/05\\\/cropped-elestatal.png\",\"contentUrl\":\"https:\\\/\\\/elestataldemexico.com\\\/wp-content\\\/uploads\\\/2025\\\/05\\\/cropped-elestatal.png\",\"width\":504,\"height\":97,\"caption\":\"El Estatal de M\u00e9xico\"},\"image\":{\"@id\":\"https:\\\/\\\/elestataldemexico.com\\\/#\\\/schema\\\/logo\\\/image\\\/\"}},{\"@type\":\"Person\",\"@id\":\"https:\\\/\\\/elestataldemexico.com\\\/#\\\/schema\\\/person\\\/6c7813c13d2c1571771f592f0fe866bb\",\"name\":\"admin\",\"image\":{\"@type\":\"ImageObject\",\"inLanguage\":\"es\",\"@id\":\"https:\\\/\\\/secure.gravatar.com\\\/avatar\\\/d5ed2db9923a3ad3c0a47f6b3aec7abcb43924b9322251ade16472fc06f7bb5b?s=96&d=mm&r=g\",\"url\":\"https:\\\/\\\/secure.gravatar.com\\\/avatar\\\/d5ed2db9923a3ad3c0a47f6b3aec7abcb43924b9322251ade16472fc06f7bb5b?s=96&d=mm&r=g\",\"contentUrl\":\"https:\\\/\\\/secure.gravatar.com\\\/avatar\\\/d5ed2db9923a3ad3c0a47f6b3aec7abcb43924b9322251ade16472fc06f7bb5b?s=96&d=mm&r=g\",\"caption\":\"admin\"},\"sameAs\":[\"https:\\\/\\\/elestataldemexico.com\"],\"url\":\"https:\\\/\\\/elestataldemexico.com\\\/index.php\\\/author\\\/info_qk62m3p3\\\/\"}]}<\/script>\n<!-- \/ Yoast SEO plugin. -->","yoast_head_json":{"title":"Entra en vigor en la UE la nueva Ley de Mercados Digitales - El Estatal de M\u00e9xico","robots":{"index":"index","follow":"follow","max-snippet":"max-snippet:-1","max-image-preview":"max-image-preview:large","max-video-preview":"max-video-preview:-1"},"canonical":"https:\/\/elestataldemexico.com\/index.php\/2024\/03\/08\/entra-en-vigor-en-la-ue-la-nueva-ley-de-mercados-digitales\/","og_locale":"es_ES","og_type":"article","og_title":"Entra en vigor en la UE la nueva Ley de Mercados Digitales - El Estatal de M\u00e9xico","og_description":"La ambiciosa Ley de Mercados Digitales (LMD), que regula la actividad de los gigantes tecnol\u00f3gicos en la Uni\u00f3n","og_url":"https:\/\/elestataldemexico.com\/index.php\/2024\/03\/08\/entra-en-vigor-en-la-ue-la-nueva-ley-de-mercados-digitales\/","og_site_name":"El Estatal de M\u00e9xico","article_published_time":"2024-03-08T17:44:21+00:00","og_image":[{"width":1200,"height":794,"url":"https:\/\/elestataldemexico.com\/wp-content\/uploads\/2024\/03\/union_europea.jpg_389149994.jpg","type":"image\/jpeg"}],"author":"admin","twitter_card":"summary_large_image","twitter_misc":{"Escrito por":"admin","Tiempo de lectura":"4 minutos"},"schema":{"@context":"https:\/\/schema.org","@graph":[{"@type":"Article","@id":"https:\/\/elestataldemexico.com\/index.php\/2024\/03\/08\/entra-en-vigor-en-la-ue-la-nueva-ley-de-mercados-digitales\/#article","isPartOf":{"@id":"https:\/\/elestataldemexico.com\/index.php\/2024\/03\/08\/entra-en-vigor-en-la-ue-la-nueva-ley-de-mercados-digitales\/"},"author":{"name":"admin","@id":"https:\/\/elestataldemexico.com\/#\/schema\/person\/6c7813c13d2c1571771f592f0fe866bb"},"headline":"Entra en vigor en la UE la nueva Ley de Mercados Digitales","datePublished":"2024-03-08T17:44:21+00:00","mainEntityOfPage":{"@id":"https:\/\/elestataldemexico.com\/index.php\/2024\/03\/08\/entra-en-vigor-en-la-ue-la-nueva-ley-de-mercados-digitales\/"},"wordCount":714,"commentCount":0,"publisher":{"@id":"https:\/\/elestataldemexico.com\/#organization"},"image":{"@id":"https:\/\/elestataldemexico.com\/index.php\/2024\/03\/08\/entra-en-vigor-en-la-ue-la-nueva-ley-de-mercados-digitales\/#primaryimage"},"thumbnailUrl":"https:\/\/elestataldemexico.com\/wp-content\/uploads\/2024\/03\/union_europea.jpg_389149994.jpg","articleSection":["Internacional"],"inLanguage":"es","potentialAction":[{"@type":"CommentAction","name":"Comment","target":["https:\/\/elestataldemexico.com\/index.php\/2024\/03\/08\/entra-en-vigor-en-la-ue-la-nueva-ley-de-mercados-digitales\/#respond"]}]},{"@type":"WebPage","@id":"https:\/\/elestataldemexico.com\/index.php\/2024\/03\/08\/entra-en-vigor-en-la-ue-la-nueva-ley-de-mercados-digitales\/","url":"https:\/\/elestataldemexico.com\/index.php\/2024\/03\/08\/entra-en-vigor-en-la-ue-la-nueva-ley-de-mercados-digitales\/","name":"Entra en vigor en la UE la nueva Ley de Mercados Digitales - El Estatal de M\u00e9xico","isPartOf":{"@id":"https:\/\/elestataldemexico.com\/#website"},"primaryImageOfPage":{"@id":"https:\/\/elestataldemexico.com\/index.php\/2024\/03\/08\/entra-en-vigor-en-la-ue-la-nueva-ley-de-mercados-digitales\/#primaryimage"},"image":{"@id":"https:\/\/elestataldemexico.com\/index.php\/2024\/03\/08\/entra-en-vigor-en-la-ue-la-nueva-ley-de-mercados-digitales\/#primaryimage"},"thumbnailUrl":"https:\/\/elestataldemexico.com\/wp-content\/uploads\/2024\/03\/union_europea.jpg_389149994.jpg","datePublished":"2024-03-08T17:44:21+00:00","breadcrumb":{"@id":"https:\/\/elestataldemexico.com\/index.php\/2024\/03\/08\/entra-en-vigor-en-la-ue-la-nueva-ley-de-mercados-digitales\/#breadcrumb"},"inLanguage":"es","potentialAction":[{"@type":"ReadAction","target":["https:\/\/elestataldemexico.com\/index.php\/2024\/03\/08\/entra-en-vigor-en-la-ue-la-nueva-ley-de-mercados-digitales\/"]}]},{"@type":"ImageObject","inLanguage":"es","@id":"https:\/\/elestataldemexico.com\/index.php\/2024\/03\/08\/entra-en-vigor-en-la-ue-la-nueva-ley-de-mercados-digitales\/#primaryimage","url":"https:\/\/elestataldemexico.com\/wp-content\/uploads\/2024\/03\/union_europea.jpg_389149994.jpg","contentUrl":"https:\/\/elestataldemexico.com\/wp-content\/uploads\/2024\/03\/union_europea.jpg_389149994.jpg","width":1200,"height":794},{"@type":"BreadcrumbList","@id":"https:\/\/elestataldemexico.com\/index.php\/2024\/03\/08\/entra-en-vigor-en-la-ue-la-nueva-ley-de-mercados-digitales\/#breadcrumb","itemListElement":[{"@type":"ListItem","position":1,"name":"Portada","item":"https:\/\/elestataldemexico.com\/"},{"@type":"ListItem","position":2,"name":"Entra en vigor en la UE la nueva Ley de Mercados Digitales"}]},{"@type":"WebSite","@id":"https:\/\/elestataldemexico.com\/#website","url":"https:\/\/elestataldemexico.com\/","name":"El Estatal de M\u00e9xico","description":"","publisher":{"@id":"https:\/\/elestataldemexico.com\/#organization"},"potentialAction":[{"@type":"SearchAction","target":{"@type":"EntryPoint","urlTemplate":"https:\/\/elestataldemexico.com\/?s={search_term_string}"},"query-input":{"@type":"PropertyValueSpecification","valueRequired":true,"valueName":"search_term_string"}}],"inLanguage":"es"},{"@type":"Organization","@id":"https:\/\/elestataldemexico.com\/#organization","name":"El Estatal de M\u00e9xico","url":"https:\/\/elestataldemexico.com\/","logo":{"@type":"ImageObject","inLanguage":"es","@id":"https:\/\/elestataldemexico.com\/#\/schema\/logo\/image\/","url":"https:\/\/elestataldemexico.com\/wp-content\/uploads\/2025\/05\/cropped-elestatal.png","contentUrl":"https:\/\/elestataldemexico.com\/wp-content\/uploads\/2025\/05\/cropped-elestatal.png","width":504,"height":97,"caption":"El Estatal de M\u00e9xico"},"image":{"@id":"https:\/\/elestataldemexico.com\/#\/schema\/logo\/image\/"}},{"@type":"Person","@id":"https:\/\/elestataldemexico.com\/#\/schema\/person\/6c7813c13d2c1571771f592f0fe866bb","name":"admin","image":{"@type":"ImageObject","inLanguage":"es","@id":"https:\/\/secure.gravatar.com\/avatar\/d5ed2db9923a3ad3c0a47f6b3aec7abcb43924b9322251ade16472fc06f7bb5b?s=96&d=mm&r=g","url":"https:\/\/secure.gravatar.com\/avatar\/d5ed2db9923a3ad3c0a47f6b3aec7abcb43924b9322251ade16472fc06f7bb5b?s=96&d=mm&r=g","contentUrl":"https:\/\/secure.gravatar.com\/avatar\/d5ed2db9923a3ad3c0a47f6b3aec7abcb43924b9322251ade16472fc06f7bb5b?s=96&d=mm&r=g","caption":"admin"},"sameAs":["https:\/\/elestataldemexico.com"],"url":"https:\/\/elestataldemexico.com\/index.php\/author\/info_qk62m3p3\/"}]}},"_links":{"self":[{"href":"https:\/\/elestataldemexico.com\/index.php\/wp-json\/wp\/v2\/posts\/21031","targetHints":{"allow":["GET"]}}],"collection":[{"href":"https:\/\/elestataldemexico.com\/index.php\/wp-json\/wp\/v2\/posts"}],"about":[{"href":"https:\/\/elestataldemexico.com\/index.php\/wp-json\/wp\/v2\/types\/post"}],"author":[{"embeddable":true,"href":"https:\/\/elestataldemexico.com\/index.php\/wp-json\/wp\/v2\/users\/1"}],"replies":[{"embeddable":true,"href":"https:\/\/elestataldemexico.com\/index.php\/wp-json\/wp\/v2\/comments?post=21031"}],"version-history":[{"count":0,"href":"https:\/\/elestataldemexico.com\/index.php\/wp-json\/wp\/v2\/posts\/21031\/revisions"}],"wp:featuredmedia":[{"embeddable":true,"href":"https:\/\/elestataldemexico.com\/index.php\/wp-json\/wp\/v2\/media\/21033"}],"wp:attachment":[{"href":"https:\/\/elestataldemexico.com\/index.php\/wp-json\/wp\/v2\/media?parent=21031"}],"wp:term":[{"taxonomy":"category","embeddable":true,"href":"https:\/\/elestataldemexico.com\/index.php\/wp-json\/wp\/v2\/categories?post=21031"},{"taxonomy":"post_tag","embeddable":true,"href":"https:\/\/elestataldemexico.com\/index.php\/wp-json\/wp\/v2\/tags?post=21031"}],"curies":[{"name":"wp","href":"https:\/\/api.w.org\/{rel}","templated":true}]}}