{"id":21028,"date":"2024-03-08T12:23:04","date_gmt":"2024-03-08T17:23:04","guid":{"rendered":"https:\/\/podernacional.com\/?p=21028"},"modified":"2024-03-08T12:23:04","modified_gmt":"2024-03-08T17:23:04","slug":"no-se-tolera-ninguna-forma-de-violencia-contra-las-mujeres-sspc","status":"publish","type":"post","link":"https:\/\/elestataldemexico.com\/index.php\/2024\/03\/08\/no-se-tolera-ninguna-forma-de-violencia-contra-las-mujeres-sspc\/","title":{"rendered":"No se tolera ninguna forma de violencia contra las mujeres: SSPC"},"content":{"rendered":"<p>Rosa Icela Rodr\u00edguez Vel\u00e1zquez, secretaria de Seguridad y Protecci\u00f3n Ciudadana, enfatiz\u00f3 que en el actual gobierno no se tolera ninguna forma de violencia contra las mujeres. En el marco del D\u00eda Internacional de las Mujeres, manifest\u00f3 que se debe trabajar para no ceder los derechos alcanzados por las mujeres mexicanas.<\/p>\n<p>En las instalaciones de la 12 Batall\u00f3n de Infanter\u00eda y ante el presidente Andr\u00e9s Manuel L\u00f3pez Obrador, la secretaria de Seguridad resalt\u00f3 que la mitad del gabinete federal est\u00e1 encabezado por mujeres.<\/p>\n<p>\u201cEn M\u00e9xico las principales decisiones son tomadas por mujeres\u00bb: Rosa Icela Rodr\u00edguez<br \/>\n\u201cEn M\u00e9xico las principales decisiones son tomadas por mujeres en materia de gobernabilidad, de econom\u00eda, de educaci\u00f3n, medioambiental, cultural, bancario, jur\u00eddico, bienestar, diplomacia y de seguridad. Gracias presidente por confiar en las mujeres\u201d, expres\u00f3.<\/p>\n<p>Rodr\u00edguez Vel\u00e1zquez dijo que en el D\u00eda Internacional de las Mujeres se reivindican los derechos, las causas y el orgullo de ser mujeres.<\/p>\n<p>\u201cComo primera mujer secretaria de Seguridad de M\u00e9xico, tengo la convicci\u00f3n de seguir dando el mayor esfuerzo para que nuestras ni\u00f1as experimenten una infancia feliz y para que todas las mujeres puedan disfrutar una vida plena. Porque las mujeres somos constructoras de paz\u201d, se\u00f1al\u00f3.<\/p>\n<p>Afirm\u00f3 que se trabaja para erradicar todas las formas de discriminaci\u00f3n, desigualdad, racismo y clasismo.<\/p>\n<p>\u201cNo toleramos ninguna forma de violencia contra las mujeres. Trabajamos para evitar la violencia feminicida. Con las directrices siempre de cero impunidad, cero corrupci\u00f3n y cero complicidad. Nosotras somos muy fuertes, lo demostramos al parir, al asumir el cuidado de nuestros hogares, al proveer de valores a nuestras familias, al no temer enfrentar retos siempre basadas en el humanismo mexicano. Sigamos trabajando juntas para no ceder los derechos alcanzados por las mujeres mexicanas\u201d, apunt\u00f3.<\/p>\n<p>Despu\u00e9s, expusieron las secretarias de Bienestar, Ariadna Montiel Reyes; de Educaci\u00f3n, Leticia Ram\u00edrez Amaya; de Econom\u00eda, Raquel Buenrostro S\u00e1nchez; de Cultura, Alejandra Frausto Guerrero; de Medio Ambiente, Mar\u00eda Luisa Albores Gonz\u00e1lez; de Relaciones Exteriores, Alicia B\u00e1rcena; de Gobernaci\u00f3n, Luisa Alcalde; y Mar\u00eda Estela R\u00edos Gonz\u00e1lez, consejera jur\u00eddica del Ejecutivo Federal.<\/p>\n","protected":false},"excerpt":{"rendered":"<p>Rosa Icela Rodr\u00edguez Vel\u00e1zquez, secretaria de Seguridad y Protecci\u00f3n Ciudadana, enfatiz\u00f3 que en el actual gobierno no se<\/p>\n","protected":false},"author":1,"featured_media":21030,"comment_status":"open","ping_status":"closed","sticky":false,"template":"","format":"standard","meta":{"footnotes":""},"categories":[7],"tags":[],"class_list":["post-21028","post","type-post","status-publish","format-standard","has-post-thumbnail","hentry","category-nacional"],"yoast_head":"<!-- This site is optimized with the Yoast SEO plugin v27.5 - https:\/\/yoast.com\/product\/yoast-seo-wordpress\/ -->\n<title>No se tolera ninguna forma de violencia contra las mujeres: SSPC - El Estatal de M\u00e9xico<\/title>\n<meta name=\"robots\" content=\"index, follow, max-snippet:-1, max-image-preview:large, max-video-preview:-1\" \/>\n<link rel=\"canonical\" href=\"https:\/\/elestataldemexico.com\/index.php\/2024\/03\/08\/no-se-tolera-ninguna-forma-de-violencia-contra-las-mujeres-sspc\/\" \/>\n<meta property=\"og:locale\" content=\"es_ES\" \/>\n<meta property=\"og:type\" content=\"article\" \/>\n<meta property=\"og:title\" content=\"No se tolera ninguna forma de violencia contra las mujeres: SSPC - El Estatal de M\u00e9xico\" \/>\n<meta property=\"og:description\" content=\"Rosa Icela Rodr\u00edguez Vel\u00e1zquez, secretaria de Seguridad y Protecci\u00f3n Ciudadana, enfatiz\u00f3 que en el actual gobierno no se\" \/>\n<meta property=\"og:url\" content=\"https:\/\/elestataldemexico.com\/index.php\/2024\/03\/08\/no-se-tolera-ninguna-forma-de-violencia-contra-las-mujeres-sspc\/\" \/>\n<meta property=\"og:site_name\" content=\"El Estatal de M\u00e9xico\" \/>\n<meta property=\"article:published_time\" content=\"2024-03-08T17:23:04+00:00\" \/>\n<meta property=\"og:image\" content=\"https:\/\/elestataldemexico.com\/wp-content\/uploads\/2024\/03\/WhatsApp-Image-2024-03-08-at-12.21.33.jpeg\" \/>\n\t<meta property=\"og:image:width\" content=\"768\" \/>\n\t<meta property=\"og:image:height\" content=\"518\" \/>\n\t<meta property=\"og:image:type\" content=\"image\/jpeg\" \/>\n<meta name=\"author\" content=\"admin\" \/>\n<meta name=\"twitter:card\" content=\"summary_large_image\" \/>\n<meta name=\"twitter:label1\" content=\"Escrito por\" \/>\n\t<meta name=\"twitter:data1\" content=\"admin\" \/>\n\t<meta name=\"twitter:label2\" content=\"Tiempo de lectura\" \/>\n\t<meta name=\"twitter:data2\" content=\"2 minutos\" \/>\n<script type=\"application\/ld+json\" class=\"yoast-schema-graph\">{\"@context\":\"https:\\\/\\\/schema.org\",\"@graph\":[{\"@type\":\"Article\",\"@id\":\"https:\\\/\\\/elestataldemexico.com\\\/index.php\\\/2024\\\/03\\\/08\\\/no-se-tolera-ninguna-forma-de-violencia-contra-las-mujeres-sspc\\\/#article\",\"isPartOf\":{\"@id\":\"https:\\\/\\\/elestataldemexico.com\\\/index.php\\\/2024\\\/03\\\/08\\\/no-se-tolera-ninguna-forma-de-violencia-contra-las-mujeres-sspc\\\/\"},\"author\":{\"name\":\"admin\",\"@id\":\"https:\\\/\\\/elestataldemexico.com\\\/#\\\/schema\\\/person\\\/6c7813c13d2c1571771f592f0fe866bb\"},\"headline\":\"No se tolera ninguna forma de violencia contra las mujeres: SSPC\",\"datePublished\":\"2024-03-08T17:23:04+00:00\",\"mainEntityOfPage\":{\"@id\":\"https:\\\/\\\/elestataldemexico.com\\\/index.php\\\/2024\\\/03\\\/08\\\/no-se-tolera-ninguna-forma-de-violencia-contra-las-mujeres-sspc\\\/\"},\"wordCount\":380,\"commentCount\":0,\"publisher\":{\"@id\":\"https:\\\/\\\/elestataldemexico.com\\\/#organization\"},\"image\":{\"@id\":\"https:\\\/\\\/elestataldemexico.com\\\/index.php\\\/2024\\\/03\\\/08\\\/no-se-tolera-ninguna-forma-de-violencia-contra-las-mujeres-sspc\\\/#primaryimage\"},\"thumbnailUrl\":\"https:\\\/\\\/elestataldemexico.com\\\/wp-content\\\/uploads\\\/2024\\\/03\\\/WhatsApp-Image-2024-03-08-at-12.21.33.jpeg\",\"articleSection\":[\"Nacional\"],\"inLanguage\":\"es\",\"potentialAction\":[{\"@type\":\"CommentAction\",\"name\":\"Comment\",\"target\":[\"https:\\\/\\\/elestataldemexico.com\\\/index.php\\\/2024\\\/03\\\/08\\\/no-se-tolera-ninguna-forma-de-violencia-contra-las-mujeres-sspc\\\/#respond\"]}]},{\"@type\":\"WebPage\",\"@id\":\"https:\\\/\\\/elestataldemexico.com\\\/index.php\\\/2024\\\/03\\\/08\\\/no-se-tolera-ninguna-forma-de-violencia-contra-las-mujeres-sspc\\\/\",\"url\":\"https:\\\/\\\/elestataldemexico.com\\\/index.php\\\/2024\\\/03\\\/08\\\/no-se-tolera-ninguna-forma-de-violencia-contra-las-mujeres-sspc\\\/\",\"name\":\"No se tolera ninguna forma de violencia contra las mujeres: SSPC - El Estatal de M\u00e9xico\",\"isPartOf\":{\"@id\":\"https:\\\/\\\/elestataldemexico.com\\\/#website\"},\"primaryImageOfPage\":{\"@id\":\"https:\\\/\\\/elestataldemexico.com\\\/index.php\\\/2024\\\/03\\\/08\\\/no-se-tolera-ninguna-forma-de-violencia-contra-las-mujeres-sspc\\\/#primaryimage\"},\"image\":{\"@id\":\"https:\\\/\\\/elestataldemexico.com\\\/index.php\\\/2024\\\/03\\\/08\\\/no-se-tolera-ninguna-forma-de-violencia-contra-las-mujeres-sspc\\\/#primaryimage\"},\"thumbnailUrl\":\"https:\\\/\\\/elestataldemexico.com\\\/wp-content\\\/uploads\\\/2024\\\/03\\\/WhatsApp-Image-2024-03-08-at-12.21.33.jpeg\",\"datePublished\":\"2024-03-08T17:23:04+00:00\",\"breadcrumb\":{\"@id\":\"https:\\\/\\\/elestataldemexico.com\\\/index.php\\\/2024\\\/03\\\/08\\\/no-se-tolera-ninguna-forma-de-violencia-contra-las-mujeres-sspc\\\/#breadcrumb\"},\"inLanguage\":\"es\",\"potentialAction\":[{\"@type\":\"ReadAction\",\"target\":[\"https:\\\/\\\/elestataldemexico.com\\\/index.php\\\/2024\\\/03\\\/08\\\/no-se-tolera-ninguna-forma-de-violencia-contra-las-mujeres-sspc\\\/\"]}]},{\"@type\":\"ImageObject\",\"inLanguage\":\"es\",\"@id\":\"https:\\\/\\\/elestataldemexico.com\\\/index.php\\\/2024\\\/03\\\/08\\\/no-se-tolera-ninguna-forma-de-violencia-contra-las-mujeres-sspc\\\/#primaryimage\",\"url\":\"https:\\\/\\\/elestataldemexico.com\\\/wp-content\\\/uploads\\\/2024\\\/03\\\/WhatsApp-Image-2024-03-08-at-12.21.33.jpeg\",\"contentUrl\":\"https:\\\/\\\/elestataldemexico.com\\\/wp-content\\\/uploads\\\/2024\\\/03\\\/WhatsApp-Image-2024-03-08-at-12.21.33.jpeg\",\"width\":768,\"height\":518},{\"@type\":\"BreadcrumbList\",\"@id\":\"https:\\\/\\\/elestataldemexico.com\\\/index.php\\\/2024\\\/03\\\/08\\\/no-se-tolera-ninguna-forma-de-violencia-contra-las-mujeres-sspc\\\/#breadcrumb\",\"itemListElement\":[{\"@type\":\"ListItem\",\"position\":1,\"name\":\"Portada\",\"item\":\"https:\\\/\\\/elestataldemexico.com\\\/\"},{\"@type\":\"ListItem\",\"position\":2,\"name\":\"No se tolera ninguna forma de violencia contra las mujeres: SSPC\"}]},{\"@type\":\"WebSite\",\"@id\":\"https:\\\/\\\/elestataldemexico.com\\\/#website\",\"url\":\"https:\\\/\\\/elestataldemexico.com\\\/\",\"name\":\"El Estatal de M\u00e9xico\",\"description\":\"\",\"publisher\":{\"@id\":\"https:\\\/\\\/elestataldemexico.com\\\/#organization\"},\"potentialAction\":[{\"@type\":\"SearchAction\",\"target\":{\"@type\":\"EntryPoint\",\"urlTemplate\":\"https:\\\/\\\/elestataldemexico.com\\\/?s={search_term_string}\"},\"query-input\":{\"@type\":\"PropertyValueSpecification\",\"valueRequired\":true,\"valueName\":\"search_term_string\"}}],\"inLanguage\":\"es\"},{\"@type\":\"Organization\",\"@id\":\"https:\\\/\\\/elestataldemexico.com\\\/#organization\",\"name\":\"El Estatal de M\u00e9xico\",\"url\":\"https:\\\/\\\/elestataldemexico.com\\\/\",\"logo\":{\"@type\":\"ImageObject\",\"inLanguage\":\"es\",\"@id\":\"https:\\\/\\\/elestataldemexico.com\\\/#\\\/schema\\\/logo\\\/image\\\/\",\"url\":\"https:\\\/\\\/elestataldemexico.com\\\/wp-content\\\/uploads\\\/2025\\\/05\\\/cropped-elestatal.png\",\"contentUrl\":\"https:\\\/\\\/elestataldemexico.com\\\/wp-content\\\/uploads\\\/2025\\\/05\\\/cropped-elestatal.png\",\"width\":504,\"height\":97,\"caption\":\"El Estatal de M\u00e9xico\"},\"image\":{\"@id\":\"https:\\\/\\\/elestataldemexico.com\\\/#\\\/schema\\\/logo\\\/image\\\/\"}},{\"@type\":\"Person\",\"@id\":\"https:\\\/\\\/elestataldemexico.com\\\/#\\\/schema\\\/person\\\/6c7813c13d2c1571771f592f0fe866bb\",\"name\":\"admin\",\"image\":{\"@type\":\"ImageObject\",\"inLanguage\":\"es\",\"@id\":\"https:\\\/\\\/secure.gravatar.com\\\/avatar\\\/d5ed2db9923a3ad3c0a47f6b3aec7abcb43924b9322251ade16472fc06f7bb5b?s=96&d=mm&r=g\",\"url\":\"https:\\\/\\\/secure.gravatar.com\\\/avatar\\\/d5ed2db9923a3ad3c0a47f6b3aec7abcb43924b9322251ade16472fc06f7bb5b?s=96&d=mm&r=g\",\"contentUrl\":\"https:\\\/\\\/secure.gravatar.com\\\/avatar\\\/d5ed2db9923a3ad3c0a47f6b3aec7abcb43924b9322251ade16472fc06f7bb5b?s=96&d=mm&r=g\",\"caption\":\"admin\"},\"sameAs\":[\"https:\\\/\\\/elestataldemexico.com\"],\"url\":\"https:\\\/\\\/elestataldemexico.com\\\/index.php\\\/author\\\/info_qk62m3p3\\\/\"}]}<\/script>\n<!-- \/ Yoast SEO plugin. -->","yoast_head_json":{"title":"No se tolera ninguna forma de violencia contra las mujeres: SSPC - El Estatal de M\u00e9xico","robots":{"index":"index","follow":"follow","max-snippet":"max-snippet:-1","max-image-preview":"max-image-preview:large","max-video-preview":"max-video-preview:-1"},"canonical":"https:\/\/elestataldemexico.com\/index.php\/2024\/03\/08\/no-se-tolera-ninguna-forma-de-violencia-contra-las-mujeres-sspc\/","og_locale":"es_ES","og_type":"article","og_title":"No se tolera ninguna forma de violencia contra las mujeres: SSPC - El Estatal de M\u00e9xico","og_description":"Rosa Icela Rodr\u00edguez Vel\u00e1zquez, secretaria de Seguridad y Protecci\u00f3n Ciudadana, enfatiz\u00f3 que en el actual gobierno no se","og_url":"https:\/\/elestataldemexico.com\/index.php\/2024\/03\/08\/no-se-tolera-ninguna-forma-de-violencia-contra-las-mujeres-sspc\/","og_site_name":"El Estatal de M\u00e9xico","article_published_time":"2024-03-08T17:23:04+00:00","og_image":[{"width":768,"height":518,"url":"https:\/\/elestataldemexico.com\/wp-content\/uploads\/2024\/03\/WhatsApp-Image-2024-03-08-at-12.21.33.jpeg","type":"image\/jpeg"}],"author":"admin","twitter_card":"summary_large_image","twitter_misc":{"Escrito por":"admin","Tiempo de lectura":"2 minutos"},"schema":{"@context":"https:\/\/schema.org","@graph":[{"@type":"Article","@id":"https:\/\/elestataldemexico.com\/index.php\/2024\/03\/08\/no-se-tolera-ninguna-forma-de-violencia-contra-las-mujeres-sspc\/#article","isPartOf":{"@id":"https:\/\/elestataldemexico.com\/index.php\/2024\/03\/08\/no-se-tolera-ninguna-forma-de-violencia-contra-las-mujeres-sspc\/"},"author":{"name":"admin","@id":"https:\/\/elestataldemexico.com\/#\/schema\/person\/6c7813c13d2c1571771f592f0fe866bb"},"headline":"No se tolera ninguna forma de violencia contra las mujeres: SSPC","datePublished":"2024-03-08T17:23:04+00:00","mainEntityOfPage":{"@id":"https:\/\/elestataldemexico.com\/index.php\/2024\/03\/08\/no-se-tolera-ninguna-forma-de-violencia-contra-las-mujeres-sspc\/"},"wordCount":380,"commentCount":0,"publisher":{"@id":"https:\/\/elestataldemexico.com\/#organization"},"image":{"@id":"https:\/\/elestataldemexico.com\/index.php\/2024\/03\/08\/no-se-tolera-ninguna-forma-de-violencia-contra-las-mujeres-sspc\/#primaryimage"},"thumbnailUrl":"https:\/\/elestataldemexico.com\/wp-content\/uploads\/2024\/03\/WhatsApp-Image-2024-03-08-at-12.21.33.jpeg","articleSection":["Nacional"],"inLanguage":"es","potentialAction":[{"@type":"CommentAction","name":"Comment","target":["https:\/\/elestataldemexico.com\/index.php\/2024\/03\/08\/no-se-tolera-ninguna-forma-de-violencia-contra-las-mujeres-sspc\/#respond"]}]},{"@type":"WebPage","@id":"https:\/\/elestataldemexico.com\/index.php\/2024\/03\/08\/no-se-tolera-ninguna-forma-de-violencia-contra-las-mujeres-sspc\/","url":"https:\/\/elestataldemexico.com\/index.php\/2024\/03\/08\/no-se-tolera-ninguna-forma-de-violencia-contra-las-mujeres-sspc\/","name":"No se tolera ninguna forma de violencia contra las mujeres: SSPC - El Estatal de M\u00e9xico","isPartOf":{"@id":"https:\/\/elestataldemexico.com\/#website"},"primaryImageOfPage":{"@id":"https:\/\/elestataldemexico.com\/index.php\/2024\/03\/08\/no-se-tolera-ninguna-forma-de-violencia-contra-las-mujeres-sspc\/#primaryimage"},"image":{"@id":"https:\/\/elestataldemexico.com\/index.php\/2024\/03\/08\/no-se-tolera-ninguna-forma-de-violencia-contra-las-mujeres-sspc\/#primaryimage"},"thumbnailUrl":"https:\/\/elestataldemexico.com\/wp-content\/uploads\/2024\/03\/WhatsApp-Image-2024-03-08-at-12.21.33.jpeg","datePublished":"2024-03-08T17:23:04+00:00","breadcrumb":{"@id":"https:\/\/elestataldemexico.com\/index.php\/2024\/03\/08\/no-se-tolera-ninguna-forma-de-violencia-contra-las-mujeres-sspc\/#breadcrumb"},"inLanguage":"es","potentialAction":[{"@type":"ReadAction","target":["https:\/\/elestataldemexico.com\/index.php\/2024\/03\/08\/no-se-tolera-ninguna-forma-de-violencia-contra-las-mujeres-sspc\/"]}]},{"@type":"ImageObject","inLanguage":"es","@id":"https:\/\/elestataldemexico.com\/index.php\/2024\/03\/08\/no-se-tolera-ninguna-forma-de-violencia-contra-las-mujeres-sspc\/#primaryimage","url":"https:\/\/elestataldemexico.com\/wp-content\/uploads\/2024\/03\/WhatsApp-Image-2024-03-08-at-12.21.33.jpeg","contentUrl":"https:\/\/elestataldemexico.com\/wp-content\/uploads\/2024\/03\/WhatsApp-Image-2024-03-08-at-12.21.33.jpeg","width":768,"height":518},{"@type":"BreadcrumbList","@id":"https:\/\/elestataldemexico.com\/index.php\/2024\/03\/08\/no-se-tolera-ninguna-forma-de-violencia-contra-las-mujeres-sspc\/#breadcrumb","itemListElement":[{"@type":"ListItem","position":1,"name":"Portada","item":"https:\/\/elestataldemexico.com\/"},{"@type":"ListItem","position":2,"name":"No se tolera ninguna forma de violencia contra las mujeres: SSPC"}]},{"@type":"WebSite","@id":"https:\/\/elestataldemexico.com\/#website","url":"https:\/\/elestataldemexico.com\/","name":"El Estatal de M\u00e9xico","description":"","publisher":{"@id":"https:\/\/elestataldemexico.com\/#organization"},"potentialAction":[{"@type":"SearchAction","target":{"@type":"EntryPoint","urlTemplate":"https:\/\/elestataldemexico.com\/?s={search_term_string}"},"query-input":{"@type":"PropertyValueSpecification","valueRequired":true,"valueName":"search_term_string"}}],"inLanguage":"es"},{"@type":"Organization","@id":"https:\/\/elestataldemexico.com\/#organization","name":"El Estatal de M\u00e9xico","url":"https:\/\/elestataldemexico.com\/","logo":{"@type":"ImageObject","inLanguage":"es","@id":"https:\/\/elestataldemexico.com\/#\/schema\/logo\/image\/","url":"https:\/\/elestataldemexico.com\/wp-content\/uploads\/2025\/05\/cropped-elestatal.png","contentUrl":"https:\/\/elestataldemexico.com\/wp-content\/uploads\/2025\/05\/cropped-elestatal.png","width":504,"height":97,"caption":"El Estatal de M\u00e9xico"},"image":{"@id":"https:\/\/elestataldemexico.com\/#\/schema\/logo\/image\/"}},{"@type":"Person","@id":"https:\/\/elestataldemexico.com\/#\/schema\/person\/6c7813c13d2c1571771f592f0fe866bb","name":"admin","image":{"@type":"ImageObject","inLanguage":"es","@id":"https:\/\/secure.gravatar.com\/avatar\/d5ed2db9923a3ad3c0a47f6b3aec7abcb43924b9322251ade16472fc06f7bb5b?s=96&d=mm&r=g","url":"https:\/\/secure.gravatar.com\/avatar\/d5ed2db9923a3ad3c0a47f6b3aec7abcb43924b9322251ade16472fc06f7bb5b?s=96&d=mm&r=g","contentUrl":"https:\/\/secure.gravatar.com\/avatar\/d5ed2db9923a3ad3c0a47f6b3aec7abcb43924b9322251ade16472fc06f7bb5b?s=96&d=mm&r=g","caption":"admin"},"sameAs":["https:\/\/elestataldemexico.com"],"url":"https:\/\/elestataldemexico.com\/index.php\/author\/info_qk62m3p3\/"}]}},"_links":{"self":[{"href":"https:\/\/elestataldemexico.com\/index.php\/wp-json\/wp\/v2\/posts\/21028","targetHints":{"allow":["GET"]}}],"collection":[{"href":"https:\/\/elestataldemexico.com\/index.php\/wp-json\/wp\/v2\/posts"}],"about":[{"href":"https:\/\/elestataldemexico.com\/index.php\/wp-json\/wp\/v2\/types\/post"}],"author":[{"embeddable":true,"href":"https:\/\/elestataldemexico.com\/index.php\/wp-json\/wp\/v2\/users\/1"}],"replies":[{"embeddable":true,"href":"https:\/\/elestataldemexico.com\/index.php\/wp-json\/wp\/v2\/comments?post=21028"}],"version-history":[{"count":0,"href":"https:\/\/elestataldemexico.com\/index.php\/wp-json\/wp\/v2\/posts\/21028\/revisions"}],"wp:featuredmedia":[{"embeddable":true,"href":"https:\/\/elestataldemexico.com\/index.php\/wp-json\/wp\/v2\/media\/21030"}],"wp:attachment":[{"href":"https:\/\/elestataldemexico.com\/index.php\/wp-json\/wp\/v2\/media?parent=21028"}],"wp:term":[{"taxonomy":"category","embeddable":true,"href":"https:\/\/elestataldemexico.com\/index.php\/wp-json\/wp\/v2\/categories?post=21028"},{"taxonomy":"post_tag","embeddable":true,"href":"https:\/\/elestataldemexico.com\/index.php\/wp-json\/wp\/v2\/tags?post=21028"}],"curies":[{"name":"wp","href":"https:\/\/api.w.org\/{rel}","templated":true}]}}