{"id":21001,"date":"2024-03-06T10:22:36","date_gmt":"2024-03-06T15:22:36","guid":{"rendered":"https:\/\/podernacional.com\/?p=21001"},"modified":"2024-03-06T10:22:36","modified_gmt":"2024-03-06T15:22:36","slug":"michelle-obama-desmiente-que-tenga-aspiraciones-presidenciales-para-noviembre-proximo","status":"publish","type":"post","link":"https:\/\/elestataldemexico.com\/index.php\/2024\/03\/06\/michelle-obama-desmiente-que-tenga-aspiraciones-presidenciales-para-noviembre-proximo\/","title":{"rendered":"Michelle Obama desmiente que tenga aspiraciones presidenciales para noviembre pr\u00f3ximo"},"content":{"rendered":"<p>La ex primera dama de Estados Unidos Michelle Obama desminti\u00f3 que aspire a presentarse a la Casa Blanca en las elecciones de noviembre y hacerle sombra al actual mandatario y precandidato dem\u00f3crata, Joe Biden.<\/p>\n<p>\u201cLa se\u00f1ora Obama apoya al presidente Joe Biden y a la vicepresidenta Kamala Harris\u201c, indic\u00f3 la directora de Comunicaciones de su gabinete, Crystal Carson, en un comunicado difundido por NBC News.<\/p>\n<p>La portavoz asegur\u00f3 que \u201ccomo ya ha dicho varias veces la ex primera dama Michelle Obama, no va a presentarse a presidenta\u201d.<\/p>\n<p>Seg\u00fan fuentes cercanas a la esposa del expresidente Barack Obama (2009-2017), ella tiene la intenci\u00f3n de ayudar a la campa\u00f1a de Biden en el oto\u00f1o, como lo hizo hace cuatro a\u00f1os.<\/p>\n<p>La aclaraci\u00f3n se da despu\u00e9s de que legisladores republicanos, entre ellos la congresista por Georgia, Marjorie Taylor Greene y el senador por Texas Ted Cruz dijeran que la ex primera dama podr\u00eda reemplazar en las elecciones de noviembre a Biden, qui\u00e9n ha enfrentado niveles bajos de popularidad y preocupaciones por su edad.<\/p>\n<p>Tras las elecciones de este martes en el que 15 de los 50 estados del pa\u00eds votaron en las primarias de los partidos, Biden ha consolidado su nominaci\u00f3n dem\u00f3crata.<\/p>\n<p>Sin embargo, su apoyo a Israel y su tibia condena a la ofensiva de ese pa\u00eds sobre la Franja de Gaza parecen estar pas\u00e1ndole factura.<\/p>\n<p>El voto en blanco se coloc\u00f3 en segundo lugar en estados como Alabama o Tennessee, con porcentajes preliminares que en el primer caso llegaron al 5.7 por ciento y en el segundo al 10.1 por ciento y que se suman al 13 por ciento de estados como Michigan, con un alto porcentaje de poblaci\u00f3n \u00e1rabe, en las primarias de la semana pasada.<\/p>\n<p>Por su parte, el expresidente Donald Trump ha arrasado en las primarias dejando muy por detr\u00e1s a su competidora, la exembajadora de la ONU, Nikki Haley.<\/p>\n","protected":false},"excerpt":{"rendered":"<p>La ex primera dama de Estados Unidos Michelle Obama desminti\u00f3 que aspire a presentarse a la Casa Blanca<\/p>\n","protected":false},"author":1,"featured_media":21003,"comment_status":"open","ping_status":"closed","sticky":false,"template":"","format":"standard","meta":{"footnotes":""},"categories":[10],"tags":[],"class_list":["post-21001","post","type-post","status-publish","format-standard","has-post-thumbnail","hentry","category-internacional"],"yoast_head":"<!-- This site is optimized with the Yoast SEO plugin v27.5 - https:\/\/yoast.com\/product\/yoast-seo-wordpress\/ -->\n<title>Michelle Obama desmiente que tenga aspiraciones presidenciales para noviembre pr\u00f3ximo - El Estatal de M\u00e9xico<\/title>\n<meta name=\"robots\" content=\"index, follow, max-snippet:-1, max-image-preview:large, max-video-preview:-1\" \/>\n<link rel=\"canonical\" href=\"https:\/\/elestataldemexico.com\/index.php\/2024\/03\/06\/michelle-obama-desmiente-que-tenga-aspiraciones-presidenciales-para-noviembre-proximo\/\" \/>\n<meta property=\"og:locale\" content=\"es_ES\" \/>\n<meta property=\"og:type\" content=\"article\" \/>\n<meta property=\"og:title\" content=\"Michelle Obama desmiente que tenga aspiraciones presidenciales para noviembre pr\u00f3ximo - El Estatal de M\u00e9xico\" \/>\n<meta property=\"og:description\" content=\"La ex primera dama de Estados Unidos Michelle Obama desminti\u00f3 que aspire a presentarse a la Casa Blanca\" \/>\n<meta property=\"og:url\" content=\"https:\/\/elestataldemexico.com\/index.php\/2024\/03\/06\/michelle-obama-desmiente-que-tenga-aspiraciones-presidenciales-para-noviembre-proximo\/\" \/>\n<meta property=\"og:site_name\" content=\"El Estatal de M\u00e9xico\" \/>\n<meta property=\"article:published_time\" content=\"2024-03-06T15:22:36+00:00\" \/>\n<meta property=\"og:image\" content=\"https:\/\/elestataldemexico.com\/wp-content\/uploads\/2024\/03\/WhatsApp-Image-2024-03-06-at-10.17.05.jpeg\" \/>\n\t<meta property=\"og:image:width\" content=\"1600\" \/>\n\t<meta property=\"og:image:height\" content=\"1066\" \/>\n\t<meta property=\"og:image:type\" content=\"image\/jpeg\" \/>\n<meta name=\"author\" content=\"admin\" \/>\n<meta name=\"twitter:card\" content=\"summary_large_image\" \/>\n<meta name=\"twitter:label1\" content=\"Escrito por\" \/>\n\t<meta name=\"twitter:data1\" content=\"admin\" \/>\n\t<meta name=\"twitter:label2\" content=\"Tiempo de lectura\" \/>\n\t<meta name=\"twitter:data2\" content=\"2 minutos\" \/>\n<script type=\"application\/ld+json\" class=\"yoast-schema-graph\">{\"@context\":\"https:\\\/\\\/schema.org\",\"@graph\":[{\"@type\":\"Article\",\"@id\":\"https:\\\/\\\/elestataldemexico.com\\\/index.php\\\/2024\\\/03\\\/06\\\/michelle-obama-desmiente-que-tenga-aspiraciones-presidenciales-para-noviembre-proximo\\\/#article\",\"isPartOf\":{\"@id\":\"https:\\\/\\\/elestataldemexico.com\\\/index.php\\\/2024\\\/03\\\/06\\\/michelle-obama-desmiente-que-tenga-aspiraciones-presidenciales-para-noviembre-proximo\\\/\"},\"author\":{\"name\":\"admin\",\"@id\":\"https:\\\/\\\/elestataldemexico.com\\\/#\\\/schema\\\/person\\\/6c7813c13d2c1571771f592f0fe866bb\"},\"headline\":\"Michelle Obama desmiente que tenga aspiraciones presidenciales para noviembre pr\u00f3ximo\",\"datePublished\":\"2024-03-06T15:22:36+00:00\",\"mainEntityOfPage\":{\"@id\":\"https:\\\/\\\/elestataldemexico.com\\\/index.php\\\/2024\\\/03\\\/06\\\/michelle-obama-desmiente-que-tenga-aspiraciones-presidenciales-para-noviembre-proximo\\\/\"},\"wordCount\":336,\"commentCount\":0,\"publisher\":{\"@id\":\"https:\\\/\\\/elestataldemexico.com\\\/#organization\"},\"image\":{\"@id\":\"https:\\\/\\\/elestataldemexico.com\\\/index.php\\\/2024\\\/03\\\/06\\\/michelle-obama-desmiente-que-tenga-aspiraciones-presidenciales-para-noviembre-proximo\\\/#primaryimage\"},\"thumbnailUrl\":\"https:\\\/\\\/elestataldemexico.com\\\/wp-content\\\/uploads\\\/2024\\\/03\\\/WhatsApp-Image-2024-03-06-at-10.17.05.jpeg\",\"articleSection\":[\"Internacional\"],\"inLanguage\":\"es\",\"potentialAction\":[{\"@type\":\"CommentAction\",\"name\":\"Comment\",\"target\":[\"https:\\\/\\\/elestataldemexico.com\\\/index.php\\\/2024\\\/03\\\/06\\\/michelle-obama-desmiente-que-tenga-aspiraciones-presidenciales-para-noviembre-proximo\\\/#respond\"]}]},{\"@type\":\"WebPage\",\"@id\":\"https:\\\/\\\/elestataldemexico.com\\\/index.php\\\/2024\\\/03\\\/06\\\/michelle-obama-desmiente-que-tenga-aspiraciones-presidenciales-para-noviembre-proximo\\\/\",\"url\":\"https:\\\/\\\/elestataldemexico.com\\\/index.php\\\/2024\\\/03\\\/06\\\/michelle-obama-desmiente-que-tenga-aspiraciones-presidenciales-para-noviembre-proximo\\\/\",\"name\":\"Michelle Obama desmiente que tenga aspiraciones presidenciales para noviembre pr\u00f3ximo - El Estatal de M\u00e9xico\",\"isPartOf\":{\"@id\":\"https:\\\/\\\/elestataldemexico.com\\\/#website\"},\"primaryImageOfPage\":{\"@id\":\"https:\\\/\\\/elestataldemexico.com\\\/index.php\\\/2024\\\/03\\\/06\\\/michelle-obama-desmiente-que-tenga-aspiraciones-presidenciales-para-noviembre-proximo\\\/#primaryimage\"},\"image\":{\"@id\":\"https:\\\/\\\/elestataldemexico.com\\\/index.php\\\/2024\\\/03\\\/06\\\/michelle-obama-desmiente-que-tenga-aspiraciones-presidenciales-para-noviembre-proximo\\\/#primaryimage\"},\"thumbnailUrl\":\"https:\\\/\\\/elestataldemexico.com\\\/wp-content\\\/uploads\\\/2024\\\/03\\\/WhatsApp-Image-2024-03-06-at-10.17.05.jpeg\",\"datePublished\":\"2024-03-06T15:22:36+00:00\",\"breadcrumb\":{\"@id\":\"https:\\\/\\\/elestataldemexico.com\\\/index.php\\\/2024\\\/03\\\/06\\\/michelle-obama-desmiente-que-tenga-aspiraciones-presidenciales-para-noviembre-proximo\\\/#breadcrumb\"},\"inLanguage\":\"es\",\"potentialAction\":[{\"@type\":\"ReadAction\",\"target\":[\"https:\\\/\\\/elestataldemexico.com\\\/index.php\\\/2024\\\/03\\\/06\\\/michelle-obama-desmiente-que-tenga-aspiraciones-presidenciales-para-noviembre-proximo\\\/\"]}]},{\"@type\":\"ImageObject\",\"inLanguage\":\"es\",\"@id\":\"https:\\\/\\\/elestataldemexico.com\\\/index.php\\\/2024\\\/03\\\/06\\\/michelle-obama-desmiente-que-tenga-aspiraciones-presidenciales-para-noviembre-proximo\\\/#primaryimage\",\"url\":\"https:\\\/\\\/elestataldemexico.com\\\/wp-content\\\/uploads\\\/2024\\\/03\\\/WhatsApp-Image-2024-03-06-at-10.17.05.jpeg\",\"contentUrl\":\"https:\\\/\\\/elestataldemexico.com\\\/wp-content\\\/uploads\\\/2024\\\/03\\\/WhatsApp-Image-2024-03-06-at-10.17.05.jpeg\",\"width\":1600,\"height\":1066},{\"@type\":\"BreadcrumbList\",\"@id\":\"https:\\\/\\\/elestataldemexico.com\\\/index.php\\\/2024\\\/03\\\/06\\\/michelle-obama-desmiente-que-tenga-aspiraciones-presidenciales-para-noviembre-proximo\\\/#breadcrumb\",\"itemListElement\":[{\"@type\":\"ListItem\",\"position\":1,\"name\":\"Portada\",\"item\":\"https:\\\/\\\/elestataldemexico.com\\\/\"},{\"@type\":\"ListItem\",\"position\":2,\"name\":\"Michelle Obama desmiente que tenga aspiraciones presidenciales para noviembre pr\u00f3ximo\"}]},{\"@type\":\"WebSite\",\"@id\":\"https:\\\/\\\/elestataldemexico.com\\\/#website\",\"url\":\"https:\\\/\\\/elestataldemexico.com\\\/\",\"name\":\"El Estatal de M\u00e9xico\",\"description\":\"\",\"publisher\":{\"@id\":\"https:\\\/\\\/elestataldemexico.com\\\/#organization\"},\"potentialAction\":[{\"@type\":\"SearchAction\",\"target\":{\"@type\":\"EntryPoint\",\"urlTemplate\":\"https:\\\/\\\/elestataldemexico.com\\\/?s={search_term_string}\"},\"query-input\":{\"@type\":\"PropertyValueSpecification\",\"valueRequired\":true,\"valueName\":\"search_term_string\"}}],\"inLanguage\":\"es\"},{\"@type\":\"Organization\",\"@id\":\"https:\\\/\\\/elestataldemexico.com\\\/#organization\",\"name\":\"El Estatal de M\u00e9xico\",\"url\":\"https:\\\/\\\/elestataldemexico.com\\\/\",\"logo\":{\"@type\":\"ImageObject\",\"inLanguage\":\"es\",\"@id\":\"https:\\\/\\\/elestataldemexico.com\\\/#\\\/schema\\\/logo\\\/image\\\/\",\"url\":\"https:\\\/\\\/elestataldemexico.com\\\/wp-content\\\/uploads\\\/2025\\\/05\\\/cropped-elestatal.png\",\"contentUrl\":\"https:\\\/\\\/elestataldemexico.com\\\/wp-content\\\/uploads\\\/2025\\\/05\\\/cropped-elestatal.png\",\"width\":504,\"height\":97,\"caption\":\"El Estatal de M\u00e9xico\"},\"image\":{\"@id\":\"https:\\\/\\\/elestataldemexico.com\\\/#\\\/schema\\\/logo\\\/image\\\/\"}},{\"@type\":\"Person\",\"@id\":\"https:\\\/\\\/elestataldemexico.com\\\/#\\\/schema\\\/person\\\/6c7813c13d2c1571771f592f0fe866bb\",\"name\":\"admin\",\"image\":{\"@type\":\"ImageObject\",\"inLanguage\":\"es\",\"@id\":\"https:\\\/\\\/secure.gravatar.com\\\/avatar\\\/d5ed2db9923a3ad3c0a47f6b3aec7abcb43924b9322251ade16472fc06f7bb5b?s=96&d=mm&r=g\",\"url\":\"https:\\\/\\\/secure.gravatar.com\\\/avatar\\\/d5ed2db9923a3ad3c0a47f6b3aec7abcb43924b9322251ade16472fc06f7bb5b?s=96&d=mm&r=g\",\"contentUrl\":\"https:\\\/\\\/secure.gravatar.com\\\/avatar\\\/d5ed2db9923a3ad3c0a47f6b3aec7abcb43924b9322251ade16472fc06f7bb5b?s=96&d=mm&r=g\",\"caption\":\"admin\"},\"sameAs\":[\"https:\\\/\\\/elestataldemexico.com\"],\"url\":\"https:\\\/\\\/elestataldemexico.com\\\/index.php\\\/author\\\/info_qk62m3p3\\\/\"}]}<\/script>\n<!-- \/ Yoast SEO plugin. -->","yoast_head_json":{"title":"Michelle Obama desmiente que tenga aspiraciones presidenciales para noviembre pr\u00f3ximo - El Estatal de M\u00e9xico","robots":{"index":"index","follow":"follow","max-snippet":"max-snippet:-1","max-image-preview":"max-image-preview:large","max-video-preview":"max-video-preview:-1"},"canonical":"https:\/\/elestataldemexico.com\/index.php\/2024\/03\/06\/michelle-obama-desmiente-que-tenga-aspiraciones-presidenciales-para-noviembre-proximo\/","og_locale":"es_ES","og_type":"article","og_title":"Michelle Obama desmiente que tenga aspiraciones presidenciales para noviembre pr\u00f3ximo - El Estatal de M\u00e9xico","og_description":"La ex primera dama de Estados Unidos Michelle Obama desminti\u00f3 que aspire a presentarse a la Casa Blanca","og_url":"https:\/\/elestataldemexico.com\/index.php\/2024\/03\/06\/michelle-obama-desmiente-que-tenga-aspiraciones-presidenciales-para-noviembre-proximo\/","og_site_name":"El Estatal de M\u00e9xico","article_published_time":"2024-03-06T15:22:36+00:00","og_image":[{"width":1600,"height":1066,"url":"https:\/\/elestataldemexico.com\/wp-content\/uploads\/2024\/03\/WhatsApp-Image-2024-03-06-at-10.17.05.jpeg","type":"image\/jpeg"}],"author":"admin","twitter_card":"summary_large_image","twitter_misc":{"Escrito por":"admin","Tiempo de lectura":"2 minutos"},"schema":{"@context":"https:\/\/schema.org","@graph":[{"@type":"Article","@id":"https:\/\/elestataldemexico.com\/index.php\/2024\/03\/06\/michelle-obama-desmiente-que-tenga-aspiraciones-presidenciales-para-noviembre-proximo\/#article","isPartOf":{"@id":"https:\/\/elestataldemexico.com\/index.php\/2024\/03\/06\/michelle-obama-desmiente-que-tenga-aspiraciones-presidenciales-para-noviembre-proximo\/"},"author":{"name":"admin","@id":"https:\/\/elestataldemexico.com\/#\/schema\/person\/6c7813c13d2c1571771f592f0fe866bb"},"headline":"Michelle Obama desmiente que tenga aspiraciones presidenciales para noviembre pr\u00f3ximo","datePublished":"2024-03-06T15:22:36+00:00","mainEntityOfPage":{"@id":"https:\/\/elestataldemexico.com\/index.php\/2024\/03\/06\/michelle-obama-desmiente-que-tenga-aspiraciones-presidenciales-para-noviembre-proximo\/"},"wordCount":336,"commentCount":0,"publisher":{"@id":"https:\/\/elestataldemexico.com\/#organization"},"image":{"@id":"https:\/\/elestataldemexico.com\/index.php\/2024\/03\/06\/michelle-obama-desmiente-que-tenga-aspiraciones-presidenciales-para-noviembre-proximo\/#primaryimage"},"thumbnailUrl":"https:\/\/elestataldemexico.com\/wp-content\/uploads\/2024\/03\/WhatsApp-Image-2024-03-06-at-10.17.05.jpeg","articleSection":["Internacional"],"inLanguage":"es","potentialAction":[{"@type":"CommentAction","name":"Comment","target":["https:\/\/elestataldemexico.com\/index.php\/2024\/03\/06\/michelle-obama-desmiente-que-tenga-aspiraciones-presidenciales-para-noviembre-proximo\/#respond"]}]},{"@type":"WebPage","@id":"https:\/\/elestataldemexico.com\/index.php\/2024\/03\/06\/michelle-obama-desmiente-que-tenga-aspiraciones-presidenciales-para-noviembre-proximo\/","url":"https:\/\/elestataldemexico.com\/index.php\/2024\/03\/06\/michelle-obama-desmiente-que-tenga-aspiraciones-presidenciales-para-noviembre-proximo\/","name":"Michelle Obama desmiente que tenga aspiraciones presidenciales para noviembre pr\u00f3ximo - El Estatal de M\u00e9xico","isPartOf":{"@id":"https:\/\/elestataldemexico.com\/#website"},"primaryImageOfPage":{"@id":"https:\/\/elestataldemexico.com\/index.php\/2024\/03\/06\/michelle-obama-desmiente-que-tenga-aspiraciones-presidenciales-para-noviembre-proximo\/#primaryimage"},"image":{"@id":"https:\/\/elestataldemexico.com\/index.php\/2024\/03\/06\/michelle-obama-desmiente-que-tenga-aspiraciones-presidenciales-para-noviembre-proximo\/#primaryimage"},"thumbnailUrl":"https:\/\/elestataldemexico.com\/wp-content\/uploads\/2024\/03\/WhatsApp-Image-2024-03-06-at-10.17.05.jpeg","datePublished":"2024-03-06T15:22:36+00:00","breadcrumb":{"@id":"https:\/\/elestataldemexico.com\/index.php\/2024\/03\/06\/michelle-obama-desmiente-que-tenga-aspiraciones-presidenciales-para-noviembre-proximo\/#breadcrumb"},"inLanguage":"es","potentialAction":[{"@type":"ReadAction","target":["https:\/\/elestataldemexico.com\/index.php\/2024\/03\/06\/michelle-obama-desmiente-que-tenga-aspiraciones-presidenciales-para-noviembre-proximo\/"]}]},{"@type":"ImageObject","inLanguage":"es","@id":"https:\/\/elestataldemexico.com\/index.php\/2024\/03\/06\/michelle-obama-desmiente-que-tenga-aspiraciones-presidenciales-para-noviembre-proximo\/#primaryimage","url":"https:\/\/elestataldemexico.com\/wp-content\/uploads\/2024\/03\/WhatsApp-Image-2024-03-06-at-10.17.05.jpeg","contentUrl":"https:\/\/elestataldemexico.com\/wp-content\/uploads\/2024\/03\/WhatsApp-Image-2024-03-06-at-10.17.05.jpeg","width":1600,"height":1066},{"@type":"BreadcrumbList","@id":"https:\/\/elestataldemexico.com\/index.php\/2024\/03\/06\/michelle-obama-desmiente-que-tenga-aspiraciones-presidenciales-para-noviembre-proximo\/#breadcrumb","itemListElement":[{"@type":"ListItem","position":1,"name":"Portada","item":"https:\/\/elestataldemexico.com\/"},{"@type":"ListItem","position":2,"name":"Michelle Obama desmiente que tenga aspiraciones presidenciales para noviembre pr\u00f3ximo"}]},{"@type":"WebSite","@id":"https:\/\/elestataldemexico.com\/#website","url":"https:\/\/elestataldemexico.com\/","name":"El Estatal de M\u00e9xico","description":"","publisher":{"@id":"https:\/\/elestataldemexico.com\/#organization"},"potentialAction":[{"@type":"SearchAction","target":{"@type":"EntryPoint","urlTemplate":"https:\/\/elestataldemexico.com\/?s={search_term_string}"},"query-input":{"@type":"PropertyValueSpecification","valueRequired":true,"valueName":"search_term_string"}}],"inLanguage":"es"},{"@type":"Organization","@id":"https:\/\/elestataldemexico.com\/#organization","name":"El Estatal de M\u00e9xico","url":"https:\/\/elestataldemexico.com\/","logo":{"@type":"ImageObject","inLanguage":"es","@id":"https:\/\/elestataldemexico.com\/#\/schema\/logo\/image\/","url":"https:\/\/elestataldemexico.com\/wp-content\/uploads\/2025\/05\/cropped-elestatal.png","contentUrl":"https:\/\/elestataldemexico.com\/wp-content\/uploads\/2025\/05\/cropped-elestatal.png","width":504,"height":97,"caption":"El Estatal de M\u00e9xico"},"image":{"@id":"https:\/\/elestataldemexico.com\/#\/schema\/logo\/image\/"}},{"@type":"Person","@id":"https:\/\/elestataldemexico.com\/#\/schema\/person\/6c7813c13d2c1571771f592f0fe866bb","name":"admin","image":{"@type":"ImageObject","inLanguage":"es","@id":"https:\/\/secure.gravatar.com\/avatar\/d5ed2db9923a3ad3c0a47f6b3aec7abcb43924b9322251ade16472fc06f7bb5b?s=96&d=mm&r=g","url":"https:\/\/secure.gravatar.com\/avatar\/d5ed2db9923a3ad3c0a47f6b3aec7abcb43924b9322251ade16472fc06f7bb5b?s=96&d=mm&r=g","contentUrl":"https:\/\/secure.gravatar.com\/avatar\/d5ed2db9923a3ad3c0a47f6b3aec7abcb43924b9322251ade16472fc06f7bb5b?s=96&d=mm&r=g","caption":"admin"},"sameAs":["https:\/\/elestataldemexico.com"],"url":"https:\/\/elestataldemexico.com\/index.php\/author\/info_qk62m3p3\/"}]}},"_links":{"self":[{"href":"https:\/\/elestataldemexico.com\/index.php\/wp-json\/wp\/v2\/posts\/21001","targetHints":{"allow":["GET"]}}],"collection":[{"href":"https:\/\/elestataldemexico.com\/index.php\/wp-json\/wp\/v2\/posts"}],"about":[{"href":"https:\/\/elestataldemexico.com\/index.php\/wp-json\/wp\/v2\/types\/post"}],"author":[{"embeddable":true,"href":"https:\/\/elestataldemexico.com\/index.php\/wp-json\/wp\/v2\/users\/1"}],"replies":[{"embeddable":true,"href":"https:\/\/elestataldemexico.com\/index.php\/wp-json\/wp\/v2\/comments?post=21001"}],"version-history":[{"count":0,"href":"https:\/\/elestataldemexico.com\/index.php\/wp-json\/wp\/v2\/posts\/21001\/revisions"}],"wp:featuredmedia":[{"embeddable":true,"href":"https:\/\/elestataldemexico.com\/index.php\/wp-json\/wp\/v2\/media\/21003"}],"wp:attachment":[{"href":"https:\/\/elestataldemexico.com\/index.php\/wp-json\/wp\/v2\/media?parent=21001"}],"wp:term":[{"taxonomy":"category","embeddable":true,"href":"https:\/\/elestataldemexico.com\/index.php\/wp-json\/wp\/v2\/categories?post=21001"},{"taxonomy":"post_tag","embeddable":true,"href":"https:\/\/elestataldemexico.com\/index.php\/wp-json\/wp\/v2\/tags?post=21001"}],"curies":[{"name":"wp","href":"https:\/\/api.w.org\/{rel}","templated":true}]}}