{"id":20904,"date":"2024-02-28T09:57:21","date_gmt":"2024-02-28T14:57:21","guid":{"rendered":"https:\/\/podernacional.com\/?p=20904"},"modified":"2024-02-28T09:57:21","modified_gmt":"2024-02-28T14:57:21","slug":"mayra-pelayo-tras-victoria-vs-eu-les-jugamos-al-tu-por-tu-y-salimos-con-esos-dos-goles","status":"publish","type":"post","link":"https:\/\/elestataldemexico.com\/index.php\/2024\/02\/28\/mayra-pelayo-tras-victoria-vs-eu-les-jugamos-al-tu-por-tu-y-salimos-con-esos-dos-goles\/","title":{"rendered":"Mayra Pelayo tras victoria vs EU: &#8216;Les jugamos al t\u00fa por t\u00fa y salimos con esos dos goles&#8217;"},"content":{"rendered":"<p>Nacida en California, pero la convicci\u00f3n de representar a M\u00e9xico, Mayra Pelayo autora de uno de los goles con los que se derrot\u00f3 a Estados Unidos, revel\u00f3 que para ella era un reto personal enfrentar al conjunto de las Barras y las Estrellas.<\/p>\n<p>\u00abVi mucho a Estados Unidos, pero al final mi coraz\u00f3n estaba con M\u00e9xico y jugar contra Estados Unidos era una prueba que yo misma me hab\u00eda puesto, quer\u00eda jugar contra ellas, quer\u00eda ver de lo que era capaz contra ellas y al final les jugamos al t\u00fa por t\u00fa con garra y pues salimos con esos dos goles\u00bb, coment\u00f3 en entrevista con Fox Sports.<\/p>\n<p>\u00abHice todo lo posible para estar en esta convocatoria; estoy triste de que Scarlett (Camberos) se lesion\u00f3 y no est\u00e1 con nosotras, pero al final yo necesito aprovechar estos momentos que me dan\u00bb, a\u00f1adi\u00f3.<\/p>\n<p>El primer gol del Tri marcado por Jacqueline Ovalle y que fue la primera piedra del triunfo monumental que armaron le hizo recordar a la anotaci\u00f3n de Giovani Dos S\u200bantos precisamente tambi\u00e9n contra Estados Unidos en una Final de Copa Oro.<\/p>\n<p>\u00abLo primero que se me vino a la mente fue el gol de Gio Dos Santos, es una jugadora top (Ovalle), estoy muy orgullosa y lo celebramos como locas\u00bb, record\u00f3 la mediocampista nacional.<\/p>\n<p>Saben que a\u00fan falta la parte m\u00e1s complicada del campeonato, pero al interior del Tri no dudan en que se puede so\u00f1ar con ser finalistas y despu\u00e9s buscar el t\u00edtulo de la Concacaf.<\/p>\n<p>\u00abEl equipo que sea vamos a darlo todo porque cualquier equipo nos puede dar una sorpresa; todas queremos llegar a la Final y sabemos que podemos, debemos confiar en lo que nos da Pedro (L\u00f3pez) y creer en el proceso. Podemos so\u00f1ar, ojal\u00e1 que s\u00ed\u00bb, afirm\u00f3 Pelayo.<\/p>\n","protected":false},"excerpt":{"rendered":"<p>Nacida en California, pero la convicci\u00f3n de representar a M\u00e9xico, Mayra Pelayo autora de uno de los goles<\/p>\n","protected":false},"author":1,"featured_media":20906,"comment_status":"open","ping_status":"closed","sticky":false,"template":"","format":"standard","meta":{"footnotes":""},"categories":[12],"tags":[],"class_list":["post-20904","post","type-post","status-publish","format-standard","has-post-thumbnail","hentry","category-deportes"],"yoast_head":"<!-- This site is optimized with the Yoast SEO plugin v27.5 - https:\/\/yoast.com\/product\/yoast-seo-wordpress\/ -->\n<title>Mayra Pelayo tras victoria vs EU: &#039;Les jugamos al t\u00fa por t\u00fa y salimos con esos dos goles&#039; - El Estatal de M\u00e9xico<\/title>\n<meta name=\"robots\" content=\"index, follow, max-snippet:-1, max-image-preview:large, max-video-preview:-1\" \/>\n<link rel=\"canonical\" href=\"https:\/\/elestataldemexico.com\/index.php\/2024\/02\/28\/mayra-pelayo-tras-victoria-vs-eu-les-jugamos-al-tu-por-tu-y-salimos-con-esos-dos-goles\/\" \/>\n<meta property=\"og:locale\" content=\"es_ES\" \/>\n<meta property=\"og:type\" content=\"article\" \/>\n<meta property=\"og:title\" content=\"Mayra Pelayo tras victoria vs EU: &#039;Les jugamos al t\u00fa por t\u00fa y salimos con esos dos goles&#039; - El Estatal de M\u00e9xico\" \/>\n<meta property=\"og:description\" content=\"Nacida en California, pero la convicci\u00f3n de representar a M\u00e9xico, Mayra Pelayo autora de uno de los goles\" \/>\n<meta property=\"og:url\" content=\"https:\/\/elestataldemexico.com\/index.php\/2024\/02\/28\/mayra-pelayo-tras-victoria-vs-eu-les-jugamos-al-tu-por-tu-y-salimos-con-esos-dos-goles\/\" \/>\n<meta property=\"og:site_name\" content=\"El Estatal de M\u00e9xico\" \/>\n<meta property=\"article:published_time\" content=\"2024-02-28T14:57:21+00:00\" \/>\n<meta property=\"og:image\" content=\"https:\/\/elestataldemexico.com\/wp-content\/uploads\/2024\/02\/Nota1Pelayo.jpg\" \/>\n\t<meta property=\"og:image:width\" content=\"768\" \/>\n\t<meta property=\"og:image:height\" content=\"433\" \/>\n\t<meta property=\"og:image:type\" content=\"image\/jpeg\" \/>\n<meta name=\"author\" content=\"admin\" \/>\n<meta name=\"twitter:card\" content=\"summary_large_image\" \/>\n<meta name=\"twitter:label1\" content=\"Escrito por\" \/>\n\t<meta name=\"twitter:data1\" content=\"admin\" \/>\n\t<meta name=\"twitter:label2\" content=\"Tiempo de lectura\" \/>\n\t<meta name=\"twitter:data2\" content=\"2 minutos\" \/>\n<script type=\"application\/ld+json\" class=\"yoast-schema-graph\">{\"@context\":\"https:\\\/\\\/schema.org\",\"@graph\":[{\"@type\":\"Article\",\"@id\":\"https:\\\/\\\/elestataldemexico.com\\\/index.php\\\/2024\\\/02\\\/28\\\/mayra-pelayo-tras-victoria-vs-eu-les-jugamos-al-tu-por-tu-y-salimos-con-esos-dos-goles\\\/#article\",\"isPartOf\":{\"@id\":\"https:\\\/\\\/elestataldemexico.com\\\/index.php\\\/2024\\\/02\\\/28\\\/mayra-pelayo-tras-victoria-vs-eu-les-jugamos-al-tu-por-tu-y-salimos-con-esos-dos-goles\\\/\"},\"author\":{\"name\":\"admin\",\"@id\":\"https:\\\/\\\/elestataldemexico.com\\\/#\\\/schema\\\/person\\\/6c7813c13d2c1571771f592f0fe866bb\"},\"headline\":\"Mayra Pelayo tras victoria vs EU: &#8216;Les jugamos al t\u00fa por t\u00fa y salimos con esos dos goles&#8217;\",\"datePublished\":\"2024-02-28T14:57:21+00:00\",\"mainEntityOfPage\":{\"@id\":\"https:\\\/\\\/elestataldemexico.com\\\/index.php\\\/2024\\\/02\\\/28\\\/mayra-pelayo-tras-victoria-vs-eu-les-jugamos-al-tu-por-tu-y-salimos-con-esos-dos-goles\\\/\"},\"wordCount\":331,\"commentCount\":0,\"publisher\":{\"@id\":\"https:\\\/\\\/elestataldemexico.com\\\/#organization\"},\"image\":{\"@id\":\"https:\\\/\\\/elestataldemexico.com\\\/index.php\\\/2024\\\/02\\\/28\\\/mayra-pelayo-tras-victoria-vs-eu-les-jugamos-al-tu-por-tu-y-salimos-con-esos-dos-goles\\\/#primaryimage\"},\"thumbnailUrl\":\"https:\\\/\\\/elestataldemexico.com\\\/wp-content\\\/uploads\\\/2024\\\/02\\\/Nota1Pelayo.jpg\",\"articleSection\":[\"Deportes\"],\"inLanguage\":\"es\",\"potentialAction\":[{\"@type\":\"CommentAction\",\"name\":\"Comment\",\"target\":[\"https:\\\/\\\/elestataldemexico.com\\\/index.php\\\/2024\\\/02\\\/28\\\/mayra-pelayo-tras-victoria-vs-eu-les-jugamos-al-tu-por-tu-y-salimos-con-esos-dos-goles\\\/#respond\"]}]},{\"@type\":\"WebPage\",\"@id\":\"https:\\\/\\\/elestataldemexico.com\\\/index.php\\\/2024\\\/02\\\/28\\\/mayra-pelayo-tras-victoria-vs-eu-les-jugamos-al-tu-por-tu-y-salimos-con-esos-dos-goles\\\/\",\"url\":\"https:\\\/\\\/elestataldemexico.com\\\/index.php\\\/2024\\\/02\\\/28\\\/mayra-pelayo-tras-victoria-vs-eu-les-jugamos-al-tu-por-tu-y-salimos-con-esos-dos-goles\\\/\",\"name\":\"Mayra Pelayo tras victoria vs EU: 'Les jugamos al t\u00fa por t\u00fa y salimos con esos dos goles' - El Estatal de M\u00e9xico\",\"isPartOf\":{\"@id\":\"https:\\\/\\\/elestataldemexico.com\\\/#website\"},\"primaryImageOfPage\":{\"@id\":\"https:\\\/\\\/elestataldemexico.com\\\/index.php\\\/2024\\\/02\\\/28\\\/mayra-pelayo-tras-victoria-vs-eu-les-jugamos-al-tu-por-tu-y-salimos-con-esos-dos-goles\\\/#primaryimage\"},\"image\":{\"@id\":\"https:\\\/\\\/elestataldemexico.com\\\/index.php\\\/2024\\\/02\\\/28\\\/mayra-pelayo-tras-victoria-vs-eu-les-jugamos-al-tu-por-tu-y-salimos-con-esos-dos-goles\\\/#primaryimage\"},\"thumbnailUrl\":\"https:\\\/\\\/elestataldemexico.com\\\/wp-content\\\/uploads\\\/2024\\\/02\\\/Nota1Pelayo.jpg\",\"datePublished\":\"2024-02-28T14:57:21+00:00\",\"breadcrumb\":{\"@id\":\"https:\\\/\\\/elestataldemexico.com\\\/index.php\\\/2024\\\/02\\\/28\\\/mayra-pelayo-tras-victoria-vs-eu-les-jugamos-al-tu-por-tu-y-salimos-con-esos-dos-goles\\\/#breadcrumb\"},\"inLanguage\":\"es\",\"potentialAction\":[{\"@type\":\"ReadAction\",\"target\":[\"https:\\\/\\\/elestataldemexico.com\\\/index.php\\\/2024\\\/02\\\/28\\\/mayra-pelayo-tras-victoria-vs-eu-les-jugamos-al-tu-por-tu-y-salimos-con-esos-dos-goles\\\/\"]}]},{\"@type\":\"ImageObject\",\"inLanguage\":\"es\",\"@id\":\"https:\\\/\\\/elestataldemexico.com\\\/index.php\\\/2024\\\/02\\\/28\\\/mayra-pelayo-tras-victoria-vs-eu-les-jugamos-al-tu-por-tu-y-salimos-con-esos-dos-goles\\\/#primaryimage\",\"url\":\"https:\\\/\\\/elestataldemexico.com\\\/wp-content\\\/uploads\\\/2024\\\/02\\\/Nota1Pelayo.jpg\",\"contentUrl\":\"https:\\\/\\\/elestataldemexico.com\\\/wp-content\\\/uploads\\\/2024\\\/02\\\/Nota1Pelayo.jpg\",\"width\":768,\"height\":433},{\"@type\":\"BreadcrumbList\",\"@id\":\"https:\\\/\\\/elestataldemexico.com\\\/index.php\\\/2024\\\/02\\\/28\\\/mayra-pelayo-tras-victoria-vs-eu-les-jugamos-al-tu-por-tu-y-salimos-con-esos-dos-goles\\\/#breadcrumb\",\"itemListElement\":[{\"@type\":\"ListItem\",\"position\":1,\"name\":\"Portada\",\"item\":\"https:\\\/\\\/elestataldemexico.com\\\/\"},{\"@type\":\"ListItem\",\"position\":2,\"name\":\"Mayra Pelayo tras victoria vs EU: &#8216;Les jugamos al t\u00fa por t\u00fa y salimos con esos dos goles&#8217;\"}]},{\"@type\":\"WebSite\",\"@id\":\"https:\\\/\\\/elestataldemexico.com\\\/#website\",\"url\":\"https:\\\/\\\/elestataldemexico.com\\\/\",\"name\":\"El Estatal de M\u00e9xico\",\"description\":\"\",\"publisher\":{\"@id\":\"https:\\\/\\\/elestataldemexico.com\\\/#organization\"},\"potentialAction\":[{\"@type\":\"SearchAction\",\"target\":{\"@type\":\"EntryPoint\",\"urlTemplate\":\"https:\\\/\\\/elestataldemexico.com\\\/?s={search_term_string}\"},\"query-input\":{\"@type\":\"PropertyValueSpecification\",\"valueRequired\":true,\"valueName\":\"search_term_string\"}}],\"inLanguage\":\"es\"},{\"@type\":\"Organization\",\"@id\":\"https:\\\/\\\/elestataldemexico.com\\\/#organization\",\"name\":\"El Estatal de M\u00e9xico\",\"url\":\"https:\\\/\\\/elestataldemexico.com\\\/\",\"logo\":{\"@type\":\"ImageObject\",\"inLanguage\":\"es\",\"@id\":\"https:\\\/\\\/elestataldemexico.com\\\/#\\\/schema\\\/logo\\\/image\\\/\",\"url\":\"https:\\\/\\\/elestataldemexico.com\\\/wp-content\\\/uploads\\\/2025\\\/05\\\/cropped-elestatal.png\",\"contentUrl\":\"https:\\\/\\\/elestataldemexico.com\\\/wp-content\\\/uploads\\\/2025\\\/05\\\/cropped-elestatal.png\",\"width\":504,\"height\":97,\"caption\":\"El Estatal de M\u00e9xico\"},\"image\":{\"@id\":\"https:\\\/\\\/elestataldemexico.com\\\/#\\\/schema\\\/logo\\\/image\\\/\"}},{\"@type\":\"Person\",\"@id\":\"https:\\\/\\\/elestataldemexico.com\\\/#\\\/schema\\\/person\\\/6c7813c13d2c1571771f592f0fe866bb\",\"name\":\"admin\",\"image\":{\"@type\":\"ImageObject\",\"inLanguage\":\"es\",\"@id\":\"https:\\\/\\\/secure.gravatar.com\\\/avatar\\\/d5ed2db9923a3ad3c0a47f6b3aec7abcb43924b9322251ade16472fc06f7bb5b?s=96&d=mm&r=g\",\"url\":\"https:\\\/\\\/secure.gravatar.com\\\/avatar\\\/d5ed2db9923a3ad3c0a47f6b3aec7abcb43924b9322251ade16472fc06f7bb5b?s=96&d=mm&r=g\",\"contentUrl\":\"https:\\\/\\\/secure.gravatar.com\\\/avatar\\\/d5ed2db9923a3ad3c0a47f6b3aec7abcb43924b9322251ade16472fc06f7bb5b?s=96&d=mm&r=g\",\"caption\":\"admin\"},\"sameAs\":[\"https:\\\/\\\/elestataldemexico.com\"],\"url\":\"https:\\\/\\\/elestataldemexico.com\\\/index.php\\\/author\\\/info_qk62m3p3\\\/\"}]}<\/script>\n<!-- \/ Yoast SEO plugin. -->","yoast_head_json":{"title":"Mayra Pelayo tras victoria vs EU: 'Les jugamos al t\u00fa por t\u00fa y salimos con esos dos goles' - El Estatal de M\u00e9xico","robots":{"index":"index","follow":"follow","max-snippet":"max-snippet:-1","max-image-preview":"max-image-preview:large","max-video-preview":"max-video-preview:-1"},"canonical":"https:\/\/elestataldemexico.com\/index.php\/2024\/02\/28\/mayra-pelayo-tras-victoria-vs-eu-les-jugamos-al-tu-por-tu-y-salimos-con-esos-dos-goles\/","og_locale":"es_ES","og_type":"article","og_title":"Mayra Pelayo tras victoria vs EU: 'Les jugamos al t\u00fa por t\u00fa y salimos con esos dos goles' - El Estatal de M\u00e9xico","og_description":"Nacida en California, pero la convicci\u00f3n de representar a M\u00e9xico, Mayra Pelayo autora de uno de los goles","og_url":"https:\/\/elestataldemexico.com\/index.php\/2024\/02\/28\/mayra-pelayo-tras-victoria-vs-eu-les-jugamos-al-tu-por-tu-y-salimos-con-esos-dos-goles\/","og_site_name":"El Estatal de M\u00e9xico","article_published_time":"2024-02-28T14:57:21+00:00","og_image":[{"width":768,"height":433,"url":"https:\/\/elestataldemexico.com\/wp-content\/uploads\/2024\/02\/Nota1Pelayo.jpg","type":"image\/jpeg"}],"author":"admin","twitter_card":"summary_large_image","twitter_misc":{"Escrito por":"admin","Tiempo de lectura":"2 minutos"},"schema":{"@context":"https:\/\/schema.org","@graph":[{"@type":"Article","@id":"https:\/\/elestataldemexico.com\/index.php\/2024\/02\/28\/mayra-pelayo-tras-victoria-vs-eu-les-jugamos-al-tu-por-tu-y-salimos-con-esos-dos-goles\/#article","isPartOf":{"@id":"https:\/\/elestataldemexico.com\/index.php\/2024\/02\/28\/mayra-pelayo-tras-victoria-vs-eu-les-jugamos-al-tu-por-tu-y-salimos-con-esos-dos-goles\/"},"author":{"name":"admin","@id":"https:\/\/elestataldemexico.com\/#\/schema\/person\/6c7813c13d2c1571771f592f0fe866bb"},"headline":"Mayra Pelayo tras victoria vs EU: &#8216;Les jugamos al t\u00fa por t\u00fa y salimos con esos dos goles&#8217;","datePublished":"2024-02-28T14:57:21+00:00","mainEntityOfPage":{"@id":"https:\/\/elestataldemexico.com\/index.php\/2024\/02\/28\/mayra-pelayo-tras-victoria-vs-eu-les-jugamos-al-tu-por-tu-y-salimos-con-esos-dos-goles\/"},"wordCount":331,"commentCount":0,"publisher":{"@id":"https:\/\/elestataldemexico.com\/#organization"},"image":{"@id":"https:\/\/elestataldemexico.com\/index.php\/2024\/02\/28\/mayra-pelayo-tras-victoria-vs-eu-les-jugamos-al-tu-por-tu-y-salimos-con-esos-dos-goles\/#primaryimage"},"thumbnailUrl":"https:\/\/elestataldemexico.com\/wp-content\/uploads\/2024\/02\/Nota1Pelayo.jpg","articleSection":["Deportes"],"inLanguage":"es","potentialAction":[{"@type":"CommentAction","name":"Comment","target":["https:\/\/elestataldemexico.com\/index.php\/2024\/02\/28\/mayra-pelayo-tras-victoria-vs-eu-les-jugamos-al-tu-por-tu-y-salimos-con-esos-dos-goles\/#respond"]}]},{"@type":"WebPage","@id":"https:\/\/elestataldemexico.com\/index.php\/2024\/02\/28\/mayra-pelayo-tras-victoria-vs-eu-les-jugamos-al-tu-por-tu-y-salimos-con-esos-dos-goles\/","url":"https:\/\/elestataldemexico.com\/index.php\/2024\/02\/28\/mayra-pelayo-tras-victoria-vs-eu-les-jugamos-al-tu-por-tu-y-salimos-con-esos-dos-goles\/","name":"Mayra Pelayo tras victoria vs EU: 'Les jugamos al t\u00fa por t\u00fa y salimos con esos dos goles' - El Estatal de M\u00e9xico","isPartOf":{"@id":"https:\/\/elestataldemexico.com\/#website"},"primaryImageOfPage":{"@id":"https:\/\/elestataldemexico.com\/index.php\/2024\/02\/28\/mayra-pelayo-tras-victoria-vs-eu-les-jugamos-al-tu-por-tu-y-salimos-con-esos-dos-goles\/#primaryimage"},"image":{"@id":"https:\/\/elestataldemexico.com\/index.php\/2024\/02\/28\/mayra-pelayo-tras-victoria-vs-eu-les-jugamos-al-tu-por-tu-y-salimos-con-esos-dos-goles\/#primaryimage"},"thumbnailUrl":"https:\/\/elestataldemexico.com\/wp-content\/uploads\/2024\/02\/Nota1Pelayo.jpg","datePublished":"2024-02-28T14:57:21+00:00","breadcrumb":{"@id":"https:\/\/elestataldemexico.com\/index.php\/2024\/02\/28\/mayra-pelayo-tras-victoria-vs-eu-les-jugamos-al-tu-por-tu-y-salimos-con-esos-dos-goles\/#breadcrumb"},"inLanguage":"es","potentialAction":[{"@type":"ReadAction","target":["https:\/\/elestataldemexico.com\/index.php\/2024\/02\/28\/mayra-pelayo-tras-victoria-vs-eu-les-jugamos-al-tu-por-tu-y-salimos-con-esos-dos-goles\/"]}]},{"@type":"ImageObject","inLanguage":"es","@id":"https:\/\/elestataldemexico.com\/index.php\/2024\/02\/28\/mayra-pelayo-tras-victoria-vs-eu-les-jugamos-al-tu-por-tu-y-salimos-con-esos-dos-goles\/#primaryimage","url":"https:\/\/elestataldemexico.com\/wp-content\/uploads\/2024\/02\/Nota1Pelayo.jpg","contentUrl":"https:\/\/elestataldemexico.com\/wp-content\/uploads\/2024\/02\/Nota1Pelayo.jpg","width":768,"height":433},{"@type":"BreadcrumbList","@id":"https:\/\/elestataldemexico.com\/index.php\/2024\/02\/28\/mayra-pelayo-tras-victoria-vs-eu-les-jugamos-al-tu-por-tu-y-salimos-con-esos-dos-goles\/#breadcrumb","itemListElement":[{"@type":"ListItem","position":1,"name":"Portada","item":"https:\/\/elestataldemexico.com\/"},{"@type":"ListItem","position":2,"name":"Mayra Pelayo tras victoria vs EU: &#8216;Les jugamos al t\u00fa por t\u00fa y salimos con esos dos goles&#8217;"}]},{"@type":"WebSite","@id":"https:\/\/elestataldemexico.com\/#website","url":"https:\/\/elestataldemexico.com\/","name":"El Estatal de M\u00e9xico","description":"","publisher":{"@id":"https:\/\/elestataldemexico.com\/#organization"},"potentialAction":[{"@type":"SearchAction","target":{"@type":"EntryPoint","urlTemplate":"https:\/\/elestataldemexico.com\/?s={search_term_string}"},"query-input":{"@type":"PropertyValueSpecification","valueRequired":true,"valueName":"search_term_string"}}],"inLanguage":"es"},{"@type":"Organization","@id":"https:\/\/elestataldemexico.com\/#organization","name":"El Estatal de M\u00e9xico","url":"https:\/\/elestataldemexico.com\/","logo":{"@type":"ImageObject","inLanguage":"es","@id":"https:\/\/elestataldemexico.com\/#\/schema\/logo\/image\/","url":"https:\/\/elestataldemexico.com\/wp-content\/uploads\/2025\/05\/cropped-elestatal.png","contentUrl":"https:\/\/elestataldemexico.com\/wp-content\/uploads\/2025\/05\/cropped-elestatal.png","width":504,"height":97,"caption":"El Estatal de M\u00e9xico"},"image":{"@id":"https:\/\/elestataldemexico.com\/#\/schema\/logo\/image\/"}},{"@type":"Person","@id":"https:\/\/elestataldemexico.com\/#\/schema\/person\/6c7813c13d2c1571771f592f0fe866bb","name":"admin","image":{"@type":"ImageObject","inLanguage":"es","@id":"https:\/\/secure.gravatar.com\/avatar\/d5ed2db9923a3ad3c0a47f6b3aec7abcb43924b9322251ade16472fc06f7bb5b?s=96&d=mm&r=g","url":"https:\/\/secure.gravatar.com\/avatar\/d5ed2db9923a3ad3c0a47f6b3aec7abcb43924b9322251ade16472fc06f7bb5b?s=96&d=mm&r=g","contentUrl":"https:\/\/secure.gravatar.com\/avatar\/d5ed2db9923a3ad3c0a47f6b3aec7abcb43924b9322251ade16472fc06f7bb5b?s=96&d=mm&r=g","caption":"admin"},"sameAs":["https:\/\/elestataldemexico.com"],"url":"https:\/\/elestataldemexico.com\/index.php\/author\/info_qk62m3p3\/"}]}},"_links":{"self":[{"href":"https:\/\/elestataldemexico.com\/index.php\/wp-json\/wp\/v2\/posts\/20904","targetHints":{"allow":["GET"]}}],"collection":[{"href":"https:\/\/elestataldemexico.com\/index.php\/wp-json\/wp\/v2\/posts"}],"about":[{"href":"https:\/\/elestataldemexico.com\/index.php\/wp-json\/wp\/v2\/types\/post"}],"author":[{"embeddable":true,"href":"https:\/\/elestataldemexico.com\/index.php\/wp-json\/wp\/v2\/users\/1"}],"replies":[{"embeddable":true,"href":"https:\/\/elestataldemexico.com\/index.php\/wp-json\/wp\/v2\/comments?post=20904"}],"version-history":[{"count":0,"href":"https:\/\/elestataldemexico.com\/index.php\/wp-json\/wp\/v2\/posts\/20904\/revisions"}],"wp:featuredmedia":[{"embeddable":true,"href":"https:\/\/elestataldemexico.com\/index.php\/wp-json\/wp\/v2\/media\/20906"}],"wp:attachment":[{"href":"https:\/\/elestataldemexico.com\/index.php\/wp-json\/wp\/v2\/media?parent=20904"}],"wp:term":[{"taxonomy":"category","embeddable":true,"href":"https:\/\/elestataldemexico.com\/index.php\/wp-json\/wp\/v2\/categories?post=20904"},{"taxonomy":"post_tag","embeddable":true,"href":"https:\/\/elestataldemexico.com\/index.php\/wp-json\/wp\/v2\/tags?post=20904"}],"curies":[{"name":"wp","href":"https:\/\/api.w.org\/{rel}","templated":true}]}}