{"id":20788,"date":"2024-02-19T11:06:17","date_gmt":"2024-02-19T16:06:17","guid":{"rendered":"https:\/\/podernacional.com\/?p=20788"},"modified":"2024-02-19T11:06:17","modified_gmt":"2024-02-19T16:06:17","slug":"se-cumplen-111-anos-del-dia-del-ejercito-mexicano","status":"publish","type":"post","link":"https:\/\/elestataldemexico.com\/index.php\/2024\/02\/19\/se-cumplen-111-anos-del-dia-del-ejercito-mexicano\/","title":{"rendered":"Se cumplen 111 a\u00f1os del D\u00eda del Ej\u00e9rcito Mexicano"},"content":{"rendered":"<p>El D\u00eda del Ej\u00e9rcito Mexicano se celebra cada 19 de febrero, este 2024 se conmemoran 111 a\u00f1os, esto debido a que su creaci\u00f3n oficial se remonta a 1913, por lo que este d\u00eda, distintas dependencias y funcionarios han externado sus felicitaciones a las mujeres y hombres que lo conforman.<\/p>\n<p>Fue en el a\u00f1o 1950, cuando el presidente en ese entonces, Miguel Alem\u00e1n Vald\u00e9s, instruy\u00f3 que el 19 de febrero ser\u00eda reconocido como el D\u00eda del Ej\u00e9rcito Nacional. Sin embargo, cabe destacar que esto tiene como antecedente el asesinato de Francisco I. Madero, en 1913 y la emisi\u00f3n del decreto 1421 por parte del Gobierno de Coahuila.<\/p>\n","protected":false},"excerpt":{"rendered":"<p>El D\u00eda del Ej\u00e9rcito Mexicano se celebra cada 19 de febrero, este 2024 se conmemoran 111 a\u00f1os, esto<\/p>\n","protected":false},"author":1,"featured_media":20790,"comment_status":"open","ping_status":"closed","sticky":false,"template":"","format":"standard","meta":{"footnotes":""},"categories":[7],"tags":[],"class_list":["post-20788","post","type-post","status-publish","format-standard","has-post-thumbnail","hentry","category-nacional"],"yoast_head":"<!-- This site is optimized with the Yoast SEO plugin v27.4 - https:\/\/yoast.com\/product\/yoast-seo-wordpress\/ -->\n<title>Se cumplen 111 a\u00f1os del D\u00eda del Ej\u00e9rcito Mexicano - El Estatal de M\u00e9xico<\/title>\n<meta name=\"robots\" content=\"index, follow, max-snippet:-1, max-image-preview:large, max-video-preview:-1\" \/>\n<link rel=\"canonical\" href=\"https:\/\/elestataldemexico.com\/index.php\/2024\/02\/19\/se-cumplen-111-anos-del-dia-del-ejercito-mexicano\/\" \/>\n<meta property=\"og:locale\" content=\"es_ES\" \/>\n<meta property=\"og:type\" content=\"article\" \/>\n<meta property=\"og:title\" content=\"Se cumplen 111 a\u00f1os del D\u00eda del Ej\u00e9rcito Mexicano - El Estatal de M\u00e9xico\" \/>\n<meta property=\"og:description\" content=\"El D\u00eda del Ej\u00e9rcito Mexicano se celebra cada 19 de febrero, este 2024 se conmemoran 111 a\u00f1os, esto\" \/>\n<meta property=\"og:url\" content=\"https:\/\/elestataldemexico.com\/index.php\/2024\/02\/19\/se-cumplen-111-anos-del-dia-del-ejercito-mexicano\/\" \/>\n<meta property=\"og:site_name\" content=\"El Estatal de M\u00e9xico\" \/>\n<meta property=\"article:published_time\" content=\"2024-02-19T16:06:17+00:00\" \/>\n<meta property=\"og:image\" content=\"https:\/\/elestataldemexico.com\/wp-content\/uploads\/2024\/02\/dia-del-ejercito-mexicano-sedena-073303.jpg\" \/>\n\t<meta property=\"og:image:width\" content=\"1200\" \/>\n\t<meta property=\"og:image:height\" content=\"675\" \/>\n\t<meta property=\"og:image:type\" content=\"image\/jpeg\" \/>\n<meta name=\"author\" content=\"admin\" \/>\n<meta name=\"twitter:card\" content=\"summary_large_image\" \/>\n<meta name=\"twitter:label1\" content=\"Escrito por\" \/>\n\t<meta name=\"twitter:data1\" content=\"admin\" \/>\n\t<meta name=\"twitter:label2\" content=\"Tiempo de lectura\" \/>\n\t<meta name=\"twitter:data2\" content=\"1 minuto\" \/>\n<script type=\"application\/ld+json\" class=\"yoast-schema-graph\">{\"@context\":\"https:\\\/\\\/schema.org\",\"@graph\":[{\"@type\":\"Article\",\"@id\":\"https:\\\/\\\/elestataldemexico.com\\\/index.php\\\/2024\\\/02\\\/19\\\/se-cumplen-111-anos-del-dia-del-ejercito-mexicano\\\/#article\",\"isPartOf\":{\"@id\":\"https:\\\/\\\/elestataldemexico.com\\\/index.php\\\/2024\\\/02\\\/19\\\/se-cumplen-111-anos-del-dia-del-ejercito-mexicano\\\/\"},\"author\":{\"name\":\"admin\",\"@id\":\"https:\\\/\\\/elestataldemexico.com\\\/#\\\/schema\\\/person\\\/6c7813c13d2c1571771f592f0fe866bb\"},\"headline\":\"Se cumplen 111 a\u00f1os del D\u00eda del Ej\u00e9rcito Mexicano\",\"datePublished\":\"2024-02-19T16:06:17+00:00\",\"mainEntityOfPage\":{\"@id\":\"https:\\\/\\\/elestataldemexico.com\\\/index.php\\\/2024\\\/02\\\/19\\\/se-cumplen-111-anos-del-dia-del-ejercito-mexicano\\\/\"},\"wordCount\":121,\"commentCount\":0,\"publisher\":{\"@id\":\"https:\\\/\\\/elestataldemexico.com\\\/#organization\"},\"image\":{\"@id\":\"https:\\\/\\\/elestataldemexico.com\\\/index.php\\\/2024\\\/02\\\/19\\\/se-cumplen-111-anos-del-dia-del-ejercito-mexicano\\\/#primaryimage\"},\"thumbnailUrl\":\"https:\\\/\\\/elestataldemexico.com\\\/wp-content\\\/uploads\\\/2024\\\/02\\\/dia-del-ejercito-mexicano-sedena-073303.jpg\",\"articleSection\":[\"Nacional\"],\"inLanguage\":\"es\",\"potentialAction\":[{\"@type\":\"CommentAction\",\"name\":\"Comment\",\"target\":[\"https:\\\/\\\/elestataldemexico.com\\\/index.php\\\/2024\\\/02\\\/19\\\/se-cumplen-111-anos-del-dia-del-ejercito-mexicano\\\/#respond\"]}]},{\"@type\":\"WebPage\",\"@id\":\"https:\\\/\\\/elestataldemexico.com\\\/index.php\\\/2024\\\/02\\\/19\\\/se-cumplen-111-anos-del-dia-del-ejercito-mexicano\\\/\",\"url\":\"https:\\\/\\\/elestataldemexico.com\\\/index.php\\\/2024\\\/02\\\/19\\\/se-cumplen-111-anos-del-dia-del-ejercito-mexicano\\\/\",\"name\":\"Se cumplen 111 a\u00f1os del D\u00eda del Ej\u00e9rcito Mexicano - El Estatal de M\u00e9xico\",\"isPartOf\":{\"@id\":\"https:\\\/\\\/elestataldemexico.com\\\/#website\"},\"primaryImageOfPage\":{\"@id\":\"https:\\\/\\\/elestataldemexico.com\\\/index.php\\\/2024\\\/02\\\/19\\\/se-cumplen-111-anos-del-dia-del-ejercito-mexicano\\\/#primaryimage\"},\"image\":{\"@id\":\"https:\\\/\\\/elestataldemexico.com\\\/index.php\\\/2024\\\/02\\\/19\\\/se-cumplen-111-anos-del-dia-del-ejercito-mexicano\\\/#primaryimage\"},\"thumbnailUrl\":\"https:\\\/\\\/elestataldemexico.com\\\/wp-content\\\/uploads\\\/2024\\\/02\\\/dia-del-ejercito-mexicano-sedena-073303.jpg\",\"datePublished\":\"2024-02-19T16:06:17+00:00\",\"breadcrumb\":{\"@id\":\"https:\\\/\\\/elestataldemexico.com\\\/index.php\\\/2024\\\/02\\\/19\\\/se-cumplen-111-anos-del-dia-del-ejercito-mexicano\\\/#breadcrumb\"},\"inLanguage\":\"es\",\"potentialAction\":[{\"@type\":\"ReadAction\",\"target\":[\"https:\\\/\\\/elestataldemexico.com\\\/index.php\\\/2024\\\/02\\\/19\\\/se-cumplen-111-anos-del-dia-del-ejercito-mexicano\\\/\"]}]},{\"@type\":\"ImageObject\",\"inLanguage\":\"es\",\"@id\":\"https:\\\/\\\/elestataldemexico.com\\\/index.php\\\/2024\\\/02\\\/19\\\/se-cumplen-111-anos-del-dia-del-ejercito-mexicano\\\/#primaryimage\",\"url\":\"https:\\\/\\\/elestataldemexico.com\\\/wp-content\\\/uploads\\\/2024\\\/02\\\/dia-del-ejercito-mexicano-sedena-073303.jpg\",\"contentUrl\":\"https:\\\/\\\/elestataldemexico.com\\\/wp-content\\\/uploads\\\/2024\\\/02\\\/dia-del-ejercito-mexicano-sedena-073303.jpg\",\"width\":1200,\"height\":675},{\"@type\":\"BreadcrumbList\",\"@id\":\"https:\\\/\\\/elestataldemexico.com\\\/index.php\\\/2024\\\/02\\\/19\\\/se-cumplen-111-anos-del-dia-del-ejercito-mexicano\\\/#breadcrumb\",\"itemListElement\":[{\"@type\":\"ListItem\",\"position\":1,\"name\":\"Portada\",\"item\":\"https:\\\/\\\/elestataldemexico.com\\\/\"},{\"@type\":\"ListItem\",\"position\":2,\"name\":\"Se cumplen 111 a\u00f1os del D\u00eda del Ej\u00e9rcito Mexicano\"}]},{\"@type\":\"WebSite\",\"@id\":\"https:\\\/\\\/elestataldemexico.com\\\/#website\",\"url\":\"https:\\\/\\\/elestataldemexico.com\\\/\",\"name\":\"El Estatal de M\u00e9xico\",\"description\":\"\",\"publisher\":{\"@id\":\"https:\\\/\\\/elestataldemexico.com\\\/#organization\"},\"potentialAction\":[{\"@type\":\"SearchAction\",\"target\":{\"@type\":\"EntryPoint\",\"urlTemplate\":\"https:\\\/\\\/elestataldemexico.com\\\/?s={search_term_string}\"},\"query-input\":{\"@type\":\"PropertyValueSpecification\",\"valueRequired\":true,\"valueName\":\"search_term_string\"}}],\"inLanguage\":\"es\"},{\"@type\":\"Organization\",\"@id\":\"https:\\\/\\\/elestataldemexico.com\\\/#organization\",\"name\":\"El Estatal de M\u00e9xico\",\"url\":\"https:\\\/\\\/elestataldemexico.com\\\/\",\"logo\":{\"@type\":\"ImageObject\",\"inLanguage\":\"es\",\"@id\":\"https:\\\/\\\/elestataldemexico.com\\\/#\\\/schema\\\/logo\\\/image\\\/\",\"url\":\"https:\\\/\\\/elestataldemexico.com\\\/wp-content\\\/uploads\\\/2025\\\/05\\\/cropped-elestatal.png\",\"contentUrl\":\"https:\\\/\\\/elestataldemexico.com\\\/wp-content\\\/uploads\\\/2025\\\/05\\\/cropped-elestatal.png\",\"width\":504,\"height\":97,\"caption\":\"El Estatal de M\u00e9xico\"},\"image\":{\"@id\":\"https:\\\/\\\/elestataldemexico.com\\\/#\\\/schema\\\/logo\\\/image\\\/\"}},{\"@type\":\"Person\",\"@id\":\"https:\\\/\\\/elestataldemexico.com\\\/#\\\/schema\\\/person\\\/6c7813c13d2c1571771f592f0fe866bb\",\"name\":\"admin\",\"image\":{\"@type\":\"ImageObject\",\"inLanguage\":\"es\",\"@id\":\"https:\\\/\\\/secure.gravatar.com\\\/avatar\\\/d5ed2db9923a3ad3c0a47f6b3aec7abcb43924b9322251ade16472fc06f7bb5b?s=96&d=mm&r=g\",\"url\":\"https:\\\/\\\/secure.gravatar.com\\\/avatar\\\/d5ed2db9923a3ad3c0a47f6b3aec7abcb43924b9322251ade16472fc06f7bb5b?s=96&d=mm&r=g\",\"contentUrl\":\"https:\\\/\\\/secure.gravatar.com\\\/avatar\\\/d5ed2db9923a3ad3c0a47f6b3aec7abcb43924b9322251ade16472fc06f7bb5b?s=96&d=mm&r=g\",\"caption\":\"admin\"},\"sameAs\":[\"https:\\\/\\\/elestataldemexico.com\"],\"url\":\"https:\\\/\\\/elestataldemexico.com\\\/index.php\\\/author\\\/info_qk62m3p3\\\/\"}]}<\/script>\n<!-- \/ Yoast SEO plugin. -->","yoast_head_json":{"title":"Se cumplen 111 a\u00f1os del D\u00eda del Ej\u00e9rcito Mexicano - El Estatal de M\u00e9xico","robots":{"index":"index","follow":"follow","max-snippet":"max-snippet:-1","max-image-preview":"max-image-preview:large","max-video-preview":"max-video-preview:-1"},"canonical":"https:\/\/elestataldemexico.com\/index.php\/2024\/02\/19\/se-cumplen-111-anos-del-dia-del-ejercito-mexicano\/","og_locale":"es_ES","og_type":"article","og_title":"Se cumplen 111 a\u00f1os del D\u00eda del Ej\u00e9rcito Mexicano - El Estatal de M\u00e9xico","og_description":"El D\u00eda del Ej\u00e9rcito Mexicano se celebra cada 19 de febrero, este 2024 se conmemoran 111 a\u00f1os, esto","og_url":"https:\/\/elestataldemexico.com\/index.php\/2024\/02\/19\/se-cumplen-111-anos-del-dia-del-ejercito-mexicano\/","og_site_name":"El Estatal de M\u00e9xico","article_published_time":"2024-02-19T16:06:17+00:00","og_image":[{"width":1200,"height":675,"url":"https:\/\/elestataldemexico.com\/wp-content\/uploads\/2024\/02\/dia-del-ejercito-mexicano-sedena-073303.jpg","type":"image\/jpeg"}],"author":"admin","twitter_card":"summary_large_image","twitter_misc":{"Escrito por":"admin","Tiempo de lectura":"1 minuto"},"schema":{"@context":"https:\/\/schema.org","@graph":[{"@type":"Article","@id":"https:\/\/elestataldemexico.com\/index.php\/2024\/02\/19\/se-cumplen-111-anos-del-dia-del-ejercito-mexicano\/#article","isPartOf":{"@id":"https:\/\/elestataldemexico.com\/index.php\/2024\/02\/19\/se-cumplen-111-anos-del-dia-del-ejercito-mexicano\/"},"author":{"name":"admin","@id":"https:\/\/elestataldemexico.com\/#\/schema\/person\/6c7813c13d2c1571771f592f0fe866bb"},"headline":"Se cumplen 111 a\u00f1os del D\u00eda del Ej\u00e9rcito Mexicano","datePublished":"2024-02-19T16:06:17+00:00","mainEntityOfPage":{"@id":"https:\/\/elestataldemexico.com\/index.php\/2024\/02\/19\/se-cumplen-111-anos-del-dia-del-ejercito-mexicano\/"},"wordCount":121,"commentCount":0,"publisher":{"@id":"https:\/\/elestataldemexico.com\/#organization"},"image":{"@id":"https:\/\/elestataldemexico.com\/index.php\/2024\/02\/19\/se-cumplen-111-anos-del-dia-del-ejercito-mexicano\/#primaryimage"},"thumbnailUrl":"https:\/\/elestataldemexico.com\/wp-content\/uploads\/2024\/02\/dia-del-ejercito-mexicano-sedena-073303.jpg","articleSection":["Nacional"],"inLanguage":"es","potentialAction":[{"@type":"CommentAction","name":"Comment","target":["https:\/\/elestataldemexico.com\/index.php\/2024\/02\/19\/se-cumplen-111-anos-del-dia-del-ejercito-mexicano\/#respond"]}]},{"@type":"WebPage","@id":"https:\/\/elestataldemexico.com\/index.php\/2024\/02\/19\/se-cumplen-111-anos-del-dia-del-ejercito-mexicano\/","url":"https:\/\/elestataldemexico.com\/index.php\/2024\/02\/19\/se-cumplen-111-anos-del-dia-del-ejercito-mexicano\/","name":"Se cumplen 111 a\u00f1os del D\u00eda del Ej\u00e9rcito Mexicano - El Estatal de M\u00e9xico","isPartOf":{"@id":"https:\/\/elestataldemexico.com\/#website"},"primaryImageOfPage":{"@id":"https:\/\/elestataldemexico.com\/index.php\/2024\/02\/19\/se-cumplen-111-anos-del-dia-del-ejercito-mexicano\/#primaryimage"},"image":{"@id":"https:\/\/elestataldemexico.com\/index.php\/2024\/02\/19\/se-cumplen-111-anos-del-dia-del-ejercito-mexicano\/#primaryimage"},"thumbnailUrl":"https:\/\/elestataldemexico.com\/wp-content\/uploads\/2024\/02\/dia-del-ejercito-mexicano-sedena-073303.jpg","datePublished":"2024-02-19T16:06:17+00:00","breadcrumb":{"@id":"https:\/\/elestataldemexico.com\/index.php\/2024\/02\/19\/se-cumplen-111-anos-del-dia-del-ejercito-mexicano\/#breadcrumb"},"inLanguage":"es","potentialAction":[{"@type":"ReadAction","target":["https:\/\/elestataldemexico.com\/index.php\/2024\/02\/19\/se-cumplen-111-anos-del-dia-del-ejercito-mexicano\/"]}]},{"@type":"ImageObject","inLanguage":"es","@id":"https:\/\/elestataldemexico.com\/index.php\/2024\/02\/19\/se-cumplen-111-anos-del-dia-del-ejercito-mexicano\/#primaryimage","url":"https:\/\/elestataldemexico.com\/wp-content\/uploads\/2024\/02\/dia-del-ejercito-mexicano-sedena-073303.jpg","contentUrl":"https:\/\/elestataldemexico.com\/wp-content\/uploads\/2024\/02\/dia-del-ejercito-mexicano-sedena-073303.jpg","width":1200,"height":675},{"@type":"BreadcrumbList","@id":"https:\/\/elestataldemexico.com\/index.php\/2024\/02\/19\/se-cumplen-111-anos-del-dia-del-ejercito-mexicano\/#breadcrumb","itemListElement":[{"@type":"ListItem","position":1,"name":"Portada","item":"https:\/\/elestataldemexico.com\/"},{"@type":"ListItem","position":2,"name":"Se cumplen 111 a\u00f1os del D\u00eda del Ej\u00e9rcito Mexicano"}]},{"@type":"WebSite","@id":"https:\/\/elestataldemexico.com\/#website","url":"https:\/\/elestataldemexico.com\/","name":"El Estatal de M\u00e9xico","description":"","publisher":{"@id":"https:\/\/elestataldemexico.com\/#organization"},"potentialAction":[{"@type":"SearchAction","target":{"@type":"EntryPoint","urlTemplate":"https:\/\/elestataldemexico.com\/?s={search_term_string}"},"query-input":{"@type":"PropertyValueSpecification","valueRequired":true,"valueName":"search_term_string"}}],"inLanguage":"es"},{"@type":"Organization","@id":"https:\/\/elestataldemexico.com\/#organization","name":"El Estatal de M\u00e9xico","url":"https:\/\/elestataldemexico.com\/","logo":{"@type":"ImageObject","inLanguage":"es","@id":"https:\/\/elestataldemexico.com\/#\/schema\/logo\/image\/","url":"https:\/\/elestataldemexico.com\/wp-content\/uploads\/2025\/05\/cropped-elestatal.png","contentUrl":"https:\/\/elestataldemexico.com\/wp-content\/uploads\/2025\/05\/cropped-elestatal.png","width":504,"height":97,"caption":"El Estatal de M\u00e9xico"},"image":{"@id":"https:\/\/elestataldemexico.com\/#\/schema\/logo\/image\/"}},{"@type":"Person","@id":"https:\/\/elestataldemexico.com\/#\/schema\/person\/6c7813c13d2c1571771f592f0fe866bb","name":"admin","image":{"@type":"ImageObject","inLanguage":"es","@id":"https:\/\/secure.gravatar.com\/avatar\/d5ed2db9923a3ad3c0a47f6b3aec7abcb43924b9322251ade16472fc06f7bb5b?s=96&d=mm&r=g","url":"https:\/\/secure.gravatar.com\/avatar\/d5ed2db9923a3ad3c0a47f6b3aec7abcb43924b9322251ade16472fc06f7bb5b?s=96&d=mm&r=g","contentUrl":"https:\/\/secure.gravatar.com\/avatar\/d5ed2db9923a3ad3c0a47f6b3aec7abcb43924b9322251ade16472fc06f7bb5b?s=96&d=mm&r=g","caption":"admin"},"sameAs":["https:\/\/elestataldemexico.com"],"url":"https:\/\/elestataldemexico.com\/index.php\/author\/info_qk62m3p3\/"}]}},"_links":{"self":[{"href":"https:\/\/elestataldemexico.com\/index.php\/wp-json\/wp\/v2\/posts\/20788","targetHints":{"allow":["GET"]}}],"collection":[{"href":"https:\/\/elestataldemexico.com\/index.php\/wp-json\/wp\/v2\/posts"}],"about":[{"href":"https:\/\/elestataldemexico.com\/index.php\/wp-json\/wp\/v2\/types\/post"}],"author":[{"embeddable":true,"href":"https:\/\/elestataldemexico.com\/index.php\/wp-json\/wp\/v2\/users\/1"}],"replies":[{"embeddable":true,"href":"https:\/\/elestataldemexico.com\/index.php\/wp-json\/wp\/v2\/comments?post=20788"}],"version-history":[{"count":0,"href":"https:\/\/elestataldemexico.com\/index.php\/wp-json\/wp\/v2\/posts\/20788\/revisions"}],"wp:featuredmedia":[{"embeddable":true,"href":"https:\/\/elestataldemexico.com\/index.php\/wp-json\/wp\/v2\/media\/20790"}],"wp:attachment":[{"href":"https:\/\/elestataldemexico.com\/index.php\/wp-json\/wp\/v2\/media?parent=20788"}],"wp:term":[{"taxonomy":"category","embeddable":true,"href":"https:\/\/elestataldemexico.com\/index.php\/wp-json\/wp\/v2\/categories?post=20788"},{"taxonomy":"post_tag","embeddable":true,"href":"https:\/\/elestataldemexico.com\/index.php\/wp-json\/wp\/v2\/tags?post=20788"}],"curies":[{"name":"wp","href":"https:\/\/api.w.org\/{rel}","templated":true}]}}