{"id":20773,"date":"2024-02-17T10:36:40","date_gmt":"2024-02-17T15:36:40","guid":{"rendered":"https:\/\/podernacional.com\/?p=20773"},"modified":"2024-02-17T10:36:40","modified_gmt":"2024-02-17T15:36:40","slug":"buscan-mejorar-situacion-psicologica-de-ninos-y-ninas-acapulquenos","status":"publish","type":"post","link":"https:\/\/elestataldemexico.com\/index.php\/2024\/02\/17\/buscan-mejorar-situacion-psicologica-de-ninos-y-ninas-acapulquenos\/","title":{"rendered":"Buscan mejorar situaci\u00f3n psicol\u00f3gica de ni\u00f1os y ni\u00f1as acapulque\u00f1os"},"content":{"rendered":"<p>La Caravana Meztli ha brindado m\u00e1s de 45 mil atenciones en apoyo a la salud mental y bienestar de m\u00e1s de 21 mil ni\u00f1as y ni\u00f1os de nivel prescolar y primaria en Acapulco y Coyuca de Ben\u00edtez, Guerrero, tras el paso del Hurac\u00e1n Otis en octubre pasado, inform\u00f3 la titular del Sistema Nacional para el Desarrollo Integral de la Familia (SNDIF), Nuria Fern\u00e1ndez.<\/p>\n<p>La funcionaria particip\u00f3 en la clausura de un festival art\u00edstico, deportivo y cultural para ni\u00f1as, ni\u00f1os y adolescentes que organiz\u00f3 el SNDIF en Playa Tamarindos, Acapulco.<\/p>\n<p>Fern\u00e1ndez coment\u00f3 que el abandono urbano y social en el puerto se agrav\u00f3 con los efectos del hurac\u00e1n y eso es lo que busca revertirse con la Caravana Meztli, motivando a los ni\u00f1os y ni\u00f1as a difundir \u201cun mensaje de paz a sus hogares\u201d.<\/p>\n<p>Pidi\u00f3 que los ni\u00f1os y ni\u00f1as se sientan en posibilidad de expresar sus emociones, hablar con sus familias y no llegar a situaciones de violencia.<\/p>\n<p>\u201cQue las ni\u00f1as y los ni\u00f1os tambi\u00e9n les ense\u00f1en a sus familias porque son nuestros maestros, que lleven todo lo aprendido en las actividades que tuvieron en esta Caravana Meztli a sus pap\u00e1s, mam\u00e1s, maestras y maestros y a todos para llegar as\u00ed a m\u00e1s personas\u201d, extern\u00f3 Fern\u00e1ndez.<\/p>\n<p>El director de Difusi\u00f3n de los Derechos de Ni\u00f1as, Ni\u00f1os y Adolescentes, Juventino Hern\u00e1ndez Mart\u00ednez precis\u00f3 que a lo largo de la semana se atendi\u00f3 a 21 mil 358 ni\u00f1as y ni\u00f1os a los que se brindaron 45 mil 164 atenciones psicol\u00f3gicas.<\/p>\n","protected":false},"excerpt":{"rendered":"<p>La Caravana Meztli ha brindado m\u00e1s de 45 mil atenciones en apoyo a la salud mental y bienestar<\/p>\n","protected":false},"author":1,"featured_media":20775,"comment_status":"open","ping_status":"closed","sticky":false,"template":"","format":"standard","meta":{"footnotes":""},"categories":[7],"tags":[],"class_list":["post-20773","post","type-post","status-publish","format-standard","has-post-thumbnail","hentry","category-nacional"],"yoast_head":"<!-- This site is optimized with the Yoast SEO plugin v27.4 - https:\/\/yoast.com\/product\/yoast-seo-wordpress\/ -->\n<title>Buscan mejorar situaci\u00f3n psicol\u00f3gica de ni\u00f1os y ni\u00f1as acapulque\u00f1os - El Estatal de M\u00e9xico<\/title>\n<meta name=\"robots\" content=\"index, follow, max-snippet:-1, max-image-preview:large, max-video-preview:-1\" \/>\n<link rel=\"canonical\" href=\"https:\/\/elestataldemexico.com\/index.php\/2024\/02\/17\/buscan-mejorar-situacion-psicologica-de-ninos-y-ninas-acapulquenos\/\" \/>\n<meta property=\"og:locale\" content=\"es_ES\" \/>\n<meta property=\"og:type\" content=\"article\" \/>\n<meta property=\"og:title\" content=\"Buscan mejorar situaci\u00f3n psicol\u00f3gica de ni\u00f1os y ni\u00f1as acapulque\u00f1os - El Estatal de M\u00e9xico\" \/>\n<meta property=\"og:description\" content=\"La Caravana Meztli ha brindado m\u00e1s de 45 mil atenciones en apoyo a la salud mental y bienestar\" \/>\n<meta property=\"og:url\" content=\"https:\/\/elestataldemexico.com\/index.php\/2024\/02\/17\/buscan-mejorar-situacion-psicologica-de-ninos-y-ninas-acapulquenos\/\" \/>\n<meta property=\"og:site_name\" content=\"El Estatal de M\u00e9xico\" \/>\n<meta property=\"article:published_time\" content=\"2024-02-17T15:36:40+00:00\" \/>\n<meta property=\"og:image\" content=\"https:\/\/elestataldemexico.com\/wp-content\/uploads\/2024\/02\/3076094.jpg\" \/>\n\t<meta property=\"og:image:width\" content=\"664\" \/>\n\t<meta property=\"og:image:height\" content=\"498\" \/>\n\t<meta property=\"og:image:type\" content=\"image\/jpeg\" \/>\n<meta name=\"author\" content=\"admin\" \/>\n<meta name=\"twitter:card\" content=\"summary_large_image\" \/>\n<meta name=\"twitter:label1\" content=\"Escrito por\" \/>\n\t<meta name=\"twitter:data1\" content=\"admin\" \/>\n\t<meta name=\"twitter:label2\" content=\"Tiempo de lectura\" \/>\n\t<meta name=\"twitter:data2\" content=\"1 minuto\" \/>\n<script type=\"application\/ld+json\" class=\"yoast-schema-graph\">{\"@context\":\"https:\\\/\\\/schema.org\",\"@graph\":[{\"@type\":\"Article\",\"@id\":\"https:\\\/\\\/elestataldemexico.com\\\/index.php\\\/2024\\\/02\\\/17\\\/buscan-mejorar-situacion-psicologica-de-ninos-y-ninas-acapulquenos\\\/#article\",\"isPartOf\":{\"@id\":\"https:\\\/\\\/elestataldemexico.com\\\/index.php\\\/2024\\\/02\\\/17\\\/buscan-mejorar-situacion-psicologica-de-ninos-y-ninas-acapulquenos\\\/\"},\"author\":{\"name\":\"admin\",\"@id\":\"https:\\\/\\\/elestataldemexico.com\\\/#\\\/schema\\\/person\\\/6c7813c13d2c1571771f592f0fe866bb\"},\"headline\":\"Buscan mejorar situaci\u00f3n psicol\u00f3gica de ni\u00f1os y ni\u00f1as acapulque\u00f1os\",\"datePublished\":\"2024-02-17T15:36:40+00:00\",\"mainEntityOfPage\":{\"@id\":\"https:\\\/\\\/elestataldemexico.com\\\/index.php\\\/2024\\\/02\\\/17\\\/buscan-mejorar-situacion-psicologica-de-ninos-y-ninas-acapulquenos\\\/\"},\"wordCount\":288,\"commentCount\":0,\"publisher\":{\"@id\":\"https:\\\/\\\/elestataldemexico.com\\\/#organization\"},\"image\":{\"@id\":\"https:\\\/\\\/elestataldemexico.com\\\/index.php\\\/2024\\\/02\\\/17\\\/buscan-mejorar-situacion-psicologica-de-ninos-y-ninas-acapulquenos\\\/#primaryimage\"},\"thumbnailUrl\":\"https:\\\/\\\/elestataldemexico.com\\\/wp-content\\\/uploads\\\/2024\\\/02\\\/3076094.jpg\",\"articleSection\":[\"Nacional\"],\"inLanguage\":\"es\",\"potentialAction\":[{\"@type\":\"CommentAction\",\"name\":\"Comment\",\"target\":[\"https:\\\/\\\/elestataldemexico.com\\\/index.php\\\/2024\\\/02\\\/17\\\/buscan-mejorar-situacion-psicologica-de-ninos-y-ninas-acapulquenos\\\/#respond\"]}]},{\"@type\":\"WebPage\",\"@id\":\"https:\\\/\\\/elestataldemexico.com\\\/index.php\\\/2024\\\/02\\\/17\\\/buscan-mejorar-situacion-psicologica-de-ninos-y-ninas-acapulquenos\\\/\",\"url\":\"https:\\\/\\\/elestataldemexico.com\\\/index.php\\\/2024\\\/02\\\/17\\\/buscan-mejorar-situacion-psicologica-de-ninos-y-ninas-acapulquenos\\\/\",\"name\":\"Buscan mejorar situaci\u00f3n psicol\u00f3gica de ni\u00f1os y ni\u00f1as acapulque\u00f1os - El Estatal de M\u00e9xico\",\"isPartOf\":{\"@id\":\"https:\\\/\\\/elestataldemexico.com\\\/#website\"},\"primaryImageOfPage\":{\"@id\":\"https:\\\/\\\/elestataldemexico.com\\\/index.php\\\/2024\\\/02\\\/17\\\/buscan-mejorar-situacion-psicologica-de-ninos-y-ninas-acapulquenos\\\/#primaryimage\"},\"image\":{\"@id\":\"https:\\\/\\\/elestataldemexico.com\\\/index.php\\\/2024\\\/02\\\/17\\\/buscan-mejorar-situacion-psicologica-de-ninos-y-ninas-acapulquenos\\\/#primaryimage\"},\"thumbnailUrl\":\"https:\\\/\\\/elestataldemexico.com\\\/wp-content\\\/uploads\\\/2024\\\/02\\\/3076094.jpg\",\"datePublished\":\"2024-02-17T15:36:40+00:00\",\"breadcrumb\":{\"@id\":\"https:\\\/\\\/elestataldemexico.com\\\/index.php\\\/2024\\\/02\\\/17\\\/buscan-mejorar-situacion-psicologica-de-ninos-y-ninas-acapulquenos\\\/#breadcrumb\"},\"inLanguage\":\"es\",\"potentialAction\":[{\"@type\":\"ReadAction\",\"target\":[\"https:\\\/\\\/elestataldemexico.com\\\/index.php\\\/2024\\\/02\\\/17\\\/buscan-mejorar-situacion-psicologica-de-ninos-y-ninas-acapulquenos\\\/\"]}]},{\"@type\":\"ImageObject\",\"inLanguage\":\"es\",\"@id\":\"https:\\\/\\\/elestataldemexico.com\\\/index.php\\\/2024\\\/02\\\/17\\\/buscan-mejorar-situacion-psicologica-de-ninos-y-ninas-acapulquenos\\\/#primaryimage\",\"url\":\"https:\\\/\\\/elestataldemexico.com\\\/wp-content\\\/uploads\\\/2024\\\/02\\\/3076094.jpg\",\"contentUrl\":\"https:\\\/\\\/elestataldemexico.com\\\/wp-content\\\/uploads\\\/2024\\\/02\\\/3076094.jpg\",\"width\":664,\"height\":498},{\"@type\":\"BreadcrumbList\",\"@id\":\"https:\\\/\\\/elestataldemexico.com\\\/index.php\\\/2024\\\/02\\\/17\\\/buscan-mejorar-situacion-psicologica-de-ninos-y-ninas-acapulquenos\\\/#breadcrumb\",\"itemListElement\":[{\"@type\":\"ListItem\",\"position\":1,\"name\":\"Portada\",\"item\":\"https:\\\/\\\/elestataldemexico.com\\\/\"},{\"@type\":\"ListItem\",\"position\":2,\"name\":\"Buscan mejorar situaci\u00f3n psicol\u00f3gica de ni\u00f1os y ni\u00f1as acapulque\u00f1os\"}]},{\"@type\":\"WebSite\",\"@id\":\"https:\\\/\\\/elestataldemexico.com\\\/#website\",\"url\":\"https:\\\/\\\/elestataldemexico.com\\\/\",\"name\":\"El Estatal de M\u00e9xico\",\"description\":\"\",\"publisher\":{\"@id\":\"https:\\\/\\\/elestataldemexico.com\\\/#organization\"},\"potentialAction\":[{\"@type\":\"SearchAction\",\"target\":{\"@type\":\"EntryPoint\",\"urlTemplate\":\"https:\\\/\\\/elestataldemexico.com\\\/?s={search_term_string}\"},\"query-input\":{\"@type\":\"PropertyValueSpecification\",\"valueRequired\":true,\"valueName\":\"search_term_string\"}}],\"inLanguage\":\"es\"},{\"@type\":\"Organization\",\"@id\":\"https:\\\/\\\/elestataldemexico.com\\\/#organization\",\"name\":\"El Estatal de M\u00e9xico\",\"url\":\"https:\\\/\\\/elestataldemexico.com\\\/\",\"logo\":{\"@type\":\"ImageObject\",\"inLanguage\":\"es\",\"@id\":\"https:\\\/\\\/elestataldemexico.com\\\/#\\\/schema\\\/logo\\\/image\\\/\",\"url\":\"https:\\\/\\\/elestataldemexico.com\\\/wp-content\\\/uploads\\\/2025\\\/05\\\/cropped-elestatal.png\",\"contentUrl\":\"https:\\\/\\\/elestataldemexico.com\\\/wp-content\\\/uploads\\\/2025\\\/05\\\/cropped-elestatal.png\",\"width\":504,\"height\":97,\"caption\":\"El Estatal de M\u00e9xico\"},\"image\":{\"@id\":\"https:\\\/\\\/elestataldemexico.com\\\/#\\\/schema\\\/logo\\\/image\\\/\"}},{\"@type\":\"Person\",\"@id\":\"https:\\\/\\\/elestataldemexico.com\\\/#\\\/schema\\\/person\\\/6c7813c13d2c1571771f592f0fe866bb\",\"name\":\"admin\",\"image\":{\"@type\":\"ImageObject\",\"inLanguage\":\"es\",\"@id\":\"https:\\\/\\\/secure.gravatar.com\\\/avatar\\\/d5ed2db9923a3ad3c0a47f6b3aec7abcb43924b9322251ade16472fc06f7bb5b?s=96&d=mm&r=g\",\"url\":\"https:\\\/\\\/secure.gravatar.com\\\/avatar\\\/d5ed2db9923a3ad3c0a47f6b3aec7abcb43924b9322251ade16472fc06f7bb5b?s=96&d=mm&r=g\",\"contentUrl\":\"https:\\\/\\\/secure.gravatar.com\\\/avatar\\\/d5ed2db9923a3ad3c0a47f6b3aec7abcb43924b9322251ade16472fc06f7bb5b?s=96&d=mm&r=g\",\"caption\":\"admin\"},\"sameAs\":[\"https:\\\/\\\/elestataldemexico.com\"],\"url\":\"https:\\\/\\\/elestataldemexico.com\\\/index.php\\\/author\\\/info_qk62m3p3\\\/\"}]}<\/script>\n<!-- \/ Yoast SEO plugin. -->","yoast_head_json":{"title":"Buscan mejorar situaci\u00f3n psicol\u00f3gica de ni\u00f1os y ni\u00f1as acapulque\u00f1os - El Estatal de M\u00e9xico","robots":{"index":"index","follow":"follow","max-snippet":"max-snippet:-1","max-image-preview":"max-image-preview:large","max-video-preview":"max-video-preview:-1"},"canonical":"https:\/\/elestataldemexico.com\/index.php\/2024\/02\/17\/buscan-mejorar-situacion-psicologica-de-ninos-y-ninas-acapulquenos\/","og_locale":"es_ES","og_type":"article","og_title":"Buscan mejorar situaci\u00f3n psicol\u00f3gica de ni\u00f1os y ni\u00f1as acapulque\u00f1os - El Estatal de M\u00e9xico","og_description":"La Caravana Meztli ha brindado m\u00e1s de 45 mil atenciones en apoyo a la salud mental y bienestar","og_url":"https:\/\/elestataldemexico.com\/index.php\/2024\/02\/17\/buscan-mejorar-situacion-psicologica-de-ninos-y-ninas-acapulquenos\/","og_site_name":"El Estatal de M\u00e9xico","article_published_time":"2024-02-17T15:36:40+00:00","og_image":[{"width":664,"height":498,"url":"https:\/\/elestataldemexico.com\/wp-content\/uploads\/2024\/02\/3076094.jpg","type":"image\/jpeg"}],"author":"admin","twitter_card":"summary_large_image","twitter_misc":{"Escrito por":"admin","Tiempo de lectura":"1 minuto"},"schema":{"@context":"https:\/\/schema.org","@graph":[{"@type":"Article","@id":"https:\/\/elestataldemexico.com\/index.php\/2024\/02\/17\/buscan-mejorar-situacion-psicologica-de-ninos-y-ninas-acapulquenos\/#article","isPartOf":{"@id":"https:\/\/elestataldemexico.com\/index.php\/2024\/02\/17\/buscan-mejorar-situacion-psicologica-de-ninos-y-ninas-acapulquenos\/"},"author":{"name":"admin","@id":"https:\/\/elestataldemexico.com\/#\/schema\/person\/6c7813c13d2c1571771f592f0fe866bb"},"headline":"Buscan mejorar situaci\u00f3n psicol\u00f3gica de ni\u00f1os y ni\u00f1as acapulque\u00f1os","datePublished":"2024-02-17T15:36:40+00:00","mainEntityOfPage":{"@id":"https:\/\/elestataldemexico.com\/index.php\/2024\/02\/17\/buscan-mejorar-situacion-psicologica-de-ninos-y-ninas-acapulquenos\/"},"wordCount":288,"commentCount":0,"publisher":{"@id":"https:\/\/elestataldemexico.com\/#organization"},"image":{"@id":"https:\/\/elestataldemexico.com\/index.php\/2024\/02\/17\/buscan-mejorar-situacion-psicologica-de-ninos-y-ninas-acapulquenos\/#primaryimage"},"thumbnailUrl":"https:\/\/elestataldemexico.com\/wp-content\/uploads\/2024\/02\/3076094.jpg","articleSection":["Nacional"],"inLanguage":"es","potentialAction":[{"@type":"CommentAction","name":"Comment","target":["https:\/\/elestataldemexico.com\/index.php\/2024\/02\/17\/buscan-mejorar-situacion-psicologica-de-ninos-y-ninas-acapulquenos\/#respond"]}]},{"@type":"WebPage","@id":"https:\/\/elestataldemexico.com\/index.php\/2024\/02\/17\/buscan-mejorar-situacion-psicologica-de-ninos-y-ninas-acapulquenos\/","url":"https:\/\/elestataldemexico.com\/index.php\/2024\/02\/17\/buscan-mejorar-situacion-psicologica-de-ninos-y-ninas-acapulquenos\/","name":"Buscan mejorar situaci\u00f3n psicol\u00f3gica de ni\u00f1os y ni\u00f1as acapulque\u00f1os - El Estatal de M\u00e9xico","isPartOf":{"@id":"https:\/\/elestataldemexico.com\/#website"},"primaryImageOfPage":{"@id":"https:\/\/elestataldemexico.com\/index.php\/2024\/02\/17\/buscan-mejorar-situacion-psicologica-de-ninos-y-ninas-acapulquenos\/#primaryimage"},"image":{"@id":"https:\/\/elestataldemexico.com\/index.php\/2024\/02\/17\/buscan-mejorar-situacion-psicologica-de-ninos-y-ninas-acapulquenos\/#primaryimage"},"thumbnailUrl":"https:\/\/elestataldemexico.com\/wp-content\/uploads\/2024\/02\/3076094.jpg","datePublished":"2024-02-17T15:36:40+00:00","breadcrumb":{"@id":"https:\/\/elestataldemexico.com\/index.php\/2024\/02\/17\/buscan-mejorar-situacion-psicologica-de-ninos-y-ninas-acapulquenos\/#breadcrumb"},"inLanguage":"es","potentialAction":[{"@type":"ReadAction","target":["https:\/\/elestataldemexico.com\/index.php\/2024\/02\/17\/buscan-mejorar-situacion-psicologica-de-ninos-y-ninas-acapulquenos\/"]}]},{"@type":"ImageObject","inLanguage":"es","@id":"https:\/\/elestataldemexico.com\/index.php\/2024\/02\/17\/buscan-mejorar-situacion-psicologica-de-ninos-y-ninas-acapulquenos\/#primaryimage","url":"https:\/\/elestataldemexico.com\/wp-content\/uploads\/2024\/02\/3076094.jpg","contentUrl":"https:\/\/elestataldemexico.com\/wp-content\/uploads\/2024\/02\/3076094.jpg","width":664,"height":498},{"@type":"BreadcrumbList","@id":"https:\/\/elestataldemexico.com\/index.php\/2024\/02\/17\/buscan-mejorar-situacion-psicologica-de-ninos-y-ninas-acapulquenos\/#breadcrumb","itemListElement":[{"@type":"ListItem","position":1,"name":"Portada","item":"https:\/\/elestataldemexico.com\/"},{"@type":"ListItem","position":2,"name":"Buscan mejorar situaci\u00f3n psicol\u00f3gica de ni\u00f1os y ni\u00f1as acapulque\u00f1os"}]},{"@type":"WebSite","@id":"https:\/\/elestataldemexico.com\/#website","url":"https:\/\/elestataldemexico.com\/","name":"El Estatal de M\u00e9xico","description":"","publisher":{"@id":"https:\/\/elestataldemexico.com\/#organization"},"potentialAction":[{"@type":"SearchAction","target":{"@type":"EntryPoint","urlTemplate":"https:\/\/elestataldemexico.com\/?s={search_term_string}"},"query-input":{"@type":"PropertyValueSpecification","valueRequired":true,"valueName":"search_term_string"}}],"inLanguage":"es"},{"@type":"Organization","@id":"https:\/\/elestataldemexico.com\/#organization","name":"El Estatal de M\u00e9xico","url":"https:\/\/elestataldemexico.com\/","logo":{"@type":"ImageObject","inLanguage":"es","@id":"https:\/\/elestataldemexico.com\/#\/schema\/logo\/image\/","url":"https:\/\/elestataldemexico.com\/wp-content\/uploads\/2025\/05\/cropped-elestatal.png","contentUrl":"https:\/\/elestataldemexico.com\/wp-content\/uploads\/2025\/05\/cropped-elestatal.png","width":504,"height":97,"caption":"El Estatal de M\u00e9xico"},"image":{"@id":"https:\/\/elestataldemexico.com\/#\/schema\/logo\/image\/"}},{"@type":"Person","@id":"https:\/\/elestataldemexico.com\/#\/schema\/person\/6c7813c13d2c1571771f592f0fe866bb","name":"admin","image":{"@type":"ImageObject","inLanguage":"es","@id":"https:\/\/secure.gravatar.com\/avatar\/d5ed2db9923a3ad3c0a47f6b3aec7abcb43924b9322251ade16472fc06f7bb5b?s=96&d=mm&r=g","url":"https:\/\/secure.gravatar.com\/avatar\/d5ed2db9923a3ad3c0a47f6b3aec7abcb43924b9322251ade16472fc06f7bb5b?s=96&d=mm&r=g","contentUrl":"https:\/\/secure.gravatar.com\/avatar\/d5ed2db9923a3ad3c0a47f6b3aec7abcb43924b9322251ade16472fc06f7bb5b?s=96&d=mm&r=g","caption":"admin"},"sameAs":["https:\/\/elestataldemexico.com"],"url":"https:\/\/elestataldemexico.com\/index.php\/author\/info_qk62m3p3\/"}]}},"_links":{"self":[{"href":"https:\/\/elestataldemexico.com\/index.php\/wp-json\/wp\/v2\/posts\/20773","targetHints":{"allow":["GET"]}}],"collection":[{"href":"https:\/\/elestataldemexico.com\/index.php\/wp-json\/wp\/v2\/posts"}],"about":[{"href":"https:\/\/elestataldemexico.com\/index.php\/wp-json\/wp\/v2\/types\/post"}],"author":[{"embeddable":true,"href":"https:\/\/elestataldemexico.com\/index.php\/wp-json\/wp\/v2\/users\/1"}],"replies":[{"embeddable":true,"href":"https:\/\/elestataldemexico.com\/index.php\/wp-json\/wp\/v2\/comments?post=20773"}],"version-history":[{"count":0,"href":"https:\/\/elestataldemexico.com\/index.php\/wp-json\/wp\/v2\/posts\/20773\/revisions"}],"wp:featuredmedia":[{"embeddable":true,"href":"https:\/\/elestataldemexico.com\/index.php\/wp-json\/wp\/v2\/media\/20775"}],"wp:attachment":[{"href":"https:\/\/elestataldemexico.com\/index.php\/wp-json\/wp\/v2\/media?parent=20773"}],"wp:term":[{"taxonomy":"category","embeddable":true,"href":"https:\/\/elestataldemexico.com\/index.php\/wp-json\/wp\/v2\/categories?post=20773"},{"taxonomy":"post_tag","embeddable":true,"href":"https:\/\/elestataldemexico.com\/index.php\/wp-json\/wp\/v2\/tags?post=20773"}],"curies":[{"name":"wp","href":"https:\/\/api.w.org\/{rel}","templated":true}]}}