{"id":20686,"date":"2024-02-12T11:47:51","date_gmt":"2024-02-12T16:47:51","guid":{"rendered":"https:\/\/podernacional.com\/?p=20686"},"modified":"2024-02-12T11:47:51","modified_gmt":"2024-02-12T16:47:51","slug":"cupula-de-estados-unidos-defiende-a-joe-biden-tras-pifias","status":"publish","type":"post","link":"https:\/\/elestataldemexico.com\/index.php\/2024\/02\/12\/cupula-de-estados-unidos-defiende-a-joe-biden-tras-pifias\/","title":{"rendered":"C\u00fapula de Estados Unidos defiende a Joe Biden tras pifias"},"content":{"rendered":"<p>La Casa Blanca y la vicepresidenta de Estados Unidos, Kamala Harris, respondieron a los se\u00f1alamientos sobre las confusiones del presidente Joe Biden.<\/p>\n<p>La forma en que se caracteriz\u00f3 el comportamiento del presidente en ese informe no podr\u00eda ser m\u00e1s err\u00f3nea en cuanto a los hechos y (estaba) claramente motivada pol\u00edticamente\u201d, declar\u00f3 Harris ante medios de comunicaci\u00f3n.<\/p>\n<p>La n\u00famero dos del equipo del dem\u00f3crata calific\u00f3 de \u201cinapropiados\u201d los comentarios sobre la memoria de Biden, incluidos en un informe del fiscal especial Robert Hur.<\/p>\n<p>La investigaci\u00f3n de Hur descart\u00f3 cargos contra \u00e9l por retenci\u00f3n de documentos clasificados pero lo describe como un \u201canciano bien intencionado y con mala memoria\u201d.<\/p>\n<p>La avanzada edad de Biden, de 81 a\u00f1os, se ha convertido en un tema central de la campa\u00f1a para las presidenciales de noviembre y ha dirigido el foco hacia Harris, quien le suceder\u00eda en el puesto si renunciara o quedara incapacitado.<\/p>\n<p>El pasado jueves, Biden confundi\u00f3 a M\u00e9xico con Egipto, al abordar la guerra en Oriente Medio.<\/p>\n<p>Ian Sams, el portavoz de la oficina del asesor legal de la Casa Blanca, tambi\u00e9n defendi\u00f3 a Biden.<\/p>\n<p>Cuando la conclusi\u00f3n inevitable es que los hechos y las pruebas no respaldan ninguna acusaci\u00f3n, uno se pregunta por qu\u00e9 este informe dedica tiempo a hacer cr\u00edticas gratuitas e inapropiadas al presidente\u201d, afirm\u00f3 Ian Sams ante periodistas.<\/p>\n","protected":false},"excerpt":{"rendered":"<p>La Casa Blanca y la vicepresidenta de Estados Unidos, Kamala Harris, respondieron a los se\u00f1alamientos sobre las confusiones<\/p>\n","protected":false},"author":1,"featured_media":20688,"comment_status":"open","ping_status":"closed","sticky":false,"template":"","format":"standard","meta":{"footnotes":""},"categories":[10],"tags":[],"class_list":["post-20686","post","type-post","status-publish","format-standard","has-post-thumbnail","hentry","category-internacional"],"yoast_head":"<!-- This site is optimized with the Yoast SEO plugin v27.5 - https:\/\/yoast.com\/product\/yoast-seo-wordpress\/ -->\n<title>C\u00fapula de Estados Unidos defiende a Joe Biden tras pifias - El Estatal de M\u00e9xico<\/title>\n<meta name=\"robots\" content=\"index, follow, max-snippet:-1, max-image-preview:large, max-video-preview:-1\" \/>\n<link rel=\"canonical\" href=\"https:\/\/elestataldemexico.com\/index.php\/2024\/02\/12\/cupula-de-estados-unidos-defiende-a-joe-biden-tras-pifias\/\" \/>\n<meta property=\"og:locale\" content=\"es_ES\" \/>\n<meta property=\"og:type\" content=\"article\" \/>\n<meta property=\"og:title\" content=\"C\u00fapula de Estados Unidos defiende a Joe Biden tras pifias - El Estatal de M\u00e9xico\" \/>\n<meta property=\"og:description\" content=\"La Casa Blanca y la vicepresidenta de Estados Unidos, Kamala Harris, respondieron a los se\u00f1alamientos sobre las confusiones\" \/>\n<meta property=\"og:url\" content=\"https:\/\/elestataldemexico.com\/index.php\/2024\/02\/12\/cupula-de-estados-unidos-defiende-a-joe-biden-tras-pifias\/\" \/>\n<meta property=\"og:site_name\" content=\"El Estatal de M\u00e9xico\" \/>\n<meta property=\"article:published_time\" content=\"2024-02-12T16:47:51+00:00\" \/>\n<meta property=\"og:image\" content=\"https:\/\/elestataldemexico.com\/wp-content\/uploads\/2024\/02\/WhatsApp-Image-2024-02-12-at-11.45.27.jpeg\" \/>\n\t<meta property=\"og:image:width\" content=\"830\" \/>\n\t<meta property=\"og:image:height\" content=\"623\" \/>\n\t<meta property=\"og:image:type\" content=\"image\/jpeg\" \/>\n<meta name=\"author\" content=\"admin\" \/>\n<meta name=\"twitter:card\" content=\"summary_large_image\" \/>\n<meta name=\"twitter:label1\" content=\"Escrito por\" \/>\n\t<meta name=\"twitter:data1\" content=\"admin\" \/>\n\t<meta name=\"twitter:label2\" content=\"Tiempo de lectura\" \/>\n\t<meta name=\"twitter:data2\" content=\"1 minuto\" \/>\n<script type=\"application\/ld+json\" class=\"yoast-schema-graph\">{\"@context\":\"https:\\\/\\\/schema.org\",\"@graph\":[{\"@type\":\"Article\",\"@id\":\"https:\\\/\\\/elestataldemexico.com\\\/index.php\\\/2024\\\/02\\\/12\\\/cupula-de-estados-unidos-defiende-a-joe-biden-tras-pifias\\\/#article\",\"isPartOf\":{\"@id\":\"https:\\\/\\\/elestataldemexico.com\\\/index.php\\\/2024\\\/02\\\/12\\\/cupula-de-estados-unidos-defiende-a-joe-biden-tras-pifias\\\/\"},\"author\":{\"name\":\"admin\",\"@id\":\"https:\\\/\\\/elestataldemexico.com\\\/#\\\/schema\\\/person\\\/6c7813c13d2c1571771f592f0fe866bb\"},\"headline\":\"C\u00fapula de Estados Unidos defiende a Joe Biden tras pifias\",\"datePublished\":\"2024-02-12T16:47:51+00:00\",\"mainEntityOfPage\":{\"@id\":\"https:\\\/\\\/elestataldemexico.com\\\/index.php\\\/2024\\\/02\\\/12\\\/cupula-de-estados-unidos-defiende-a-joe-biden-tras-pifias\\\/\"},\"wordCount\":247,\"commentCount\":0,\"publisher\":{\"@id\":\"https:\\\/\\\/elestataldemexico.com\\\/#organization\"},\"image\":{\"@id\":\"https:\\\/\\\/elestataldemexico.com\\\/index.php\\\/2024\\\/02\\\/12\\\/cupula-de-estados-unidos-defiende-a-joe-biden-tras-pifias\\\/#primaryimage\"},\"thumbnailUrl\":\"https:\\\/\\\/elestataldemexico.com\\\/wp-content\\\/uploads\\\/2024\\\/02\\\/WhatsApp-Image-2024-02-12-at-11.45.27.jpeg\",\"articleSection\":[\"Internacional\"],\"inLanguage\":\"es\",\"potentialAction\":[{\"@type\":\"CommentAction\",\"name\":\"Comment\",\"target\":[\"https:\\\/\\\/elestataldemexico.com\\\/index.php\\\/2024\\\/02\\\/12\\\/cupula-de-estados-unidos-defiende-a-joe-biden-tras-pifias\\\/#respond\"]}]},{\"@type\":\"WebPage\",\"@id\":\"https:\\\/\\\/elestataldemexico.com\\\/index.php\\\/2024\\\/02\\\/12\\\/cupula-de-estados-unidos-defiende-a-joe-biden-tras-pifias\\\/\",\"url\":\"https:\\\/\\\/elestataldemexico.com\\\/index.php\\\/2024\\\/02\\\/12\\\/cupula-de-estados-unidos-defiende-a-joe-biden-tras-pifias\\\/\",\"name\":\"C\u00fapula de Estados Unidos defiende a Joe Biden tras pifias - El Estatal de M\u00e9xico\",\"isPartOf\":{\"@id\":\"https:\\\/\\\/elestataldemexico.com\\\/#website\"},\"primaryImageOfPage\":{\"@id\":\"https:\\\/\\\/elestataldemexico.com\\\/index.php\\\/2024\\\/02\\\/12\\\/cupula-de-estados-unidos-defiende-a-joe-biden-tras-pifias\\\/#primaryimage\"},\"image\":{\"@id\":\"https:\\\/\\\/elestataldemexico.com\\\/index.php\\\/2024\\\/02\\\/12\\\/cupula-de-estados-unidos-defiende-a-joe-biden-tras-pifias\\\/#primaryimage\"},\"thumbnailUrl\":\"https:\\\/\\\/elestataldemexico.com\\\/wp-content\\\/uploads\\\/2024\\\/02\\\/WhatsApp-Image-2024-02-12-at-11.45.27.jpeg\",\"datePublished\":\"2024-02-12T16:47:51+00:00\",\"breadcrumb\":{\"@id\":\"https:\\\/\\\/elestataldemexico.com\\\/index.php\\\/2024\\\/02\\\/12\\\/cupula-de-estados-unidos-defiende-a-joe-biden-tras-pifias\\\/#breadcrumb\"},\"inLanguage\":\"es\",\"potentialAction\":[{\"@type\":\"ReadAction\",\"target\":[\"https:\\\/\\\/elestataldemexico.com\\\/index.php\\\/2024\\\/02\\\/12\\\/cupula-de-estados-unidos-defiende-a-joe-biden-tras-pifias\\\/\"]}]},{\"@type\":\"ImageObject\",\"inLanguage\":\"es\",\"@id\":\"https:\\\/\\\/elestataldemexico.com\\\/index.php\\\/2024\\\/02\\\/12\\\/cupula-de-estados-unidos-defiende-a-joe-biden-tras-pifias\\\/#primaryimage\",\"url\":\"https:\\\/\\\/elestataldemexico.com\\\/wp-content\\\/uploads\\\/2024\\\/02\\\/WhatsApp-Image-2024-02-12-at-11.45.27.jpeg\",\"contentUrl\":\"https:\\\/\\\/elestataldemexico.com\\\/wp-content\\\/uploads\\\/2024\\\/02\\\/WhatsApp-Image-2024-02-12-at-11.45.27.jpeg\",\"width\":830,\"height\":623},{\"@type\":\"BreadcrumbList\",\"@id\":\"https:\\\/\\\/elestataldemexico.com\\\/index.php\\\/2024\\\/02\\\/12\\\/cupula-de-estados-unidos-defiende-a-joe-biden-tras-pifias\\\/#breadcrumb\",\"itemListElement\":[{\"@type\":\"ListItem\",\"position\":1,\"name\":\"Portada\",\"item\":\"https:\\\/\\\/elestataldemexico.com\\\/\"},{\"@type\":\"ListItem\",\"position\":2,\"name\":\"C\u00fapula de Estados Unidos defiende a Joe Biden tras pifias\"}]},{\"@type\":\"WebSite\",\"@id\":\"https:\\\/\\\/elestataldemexico.com\\\/#website\",\"url\":\"https:\\\/\\\/elestataldemexico.com\\\/\",\"name\":\"El Estatal de M\u00e9xico\",\"description\":\"\",\"publisher\":{\"@id\":\"https:\\\/\\\/elestataldemexico.com\\\/#organization\"},\"potentialAction\":[{\"@type\":\"SearchAction\",\"target\":{\"@type\":\"EntryPoint\",\"urlTemplate\":\"https:\\\/\\\/elestataldemexico.com\\\/?s={search_term_string}\"},\"query-input\":{\"@type\":\"PropertyValueSpecification\",\"valueRequired\":true,\"valueName\":\"search_term_string\"}}],\"inLanguage\":\"es\"},{\"@type\":\"Organization\",\"@id\":\"https:\\\/\\\/elestataldemexico.com\\\/#organization\",\"name\":\"El Estatal de M\u00e9xico\",\"url\":\"https:\\\/\\\/elestataldemexico.com\\\/\",\"logo\":{\"@type\":\"ImageObject\",\"inLanguage\":\"es\",\"@id\":\"https:\\\/\\\/elestataldemexico.com\\\/#\\\/schema\\\/logo\\\/image\\\/\",\"url\":\"https:\\\/\\\/elestataldemexico.com\\\/wp-content\\\/uploads\\\/2025\\\/05\\\/cropped-elestatal.png\",\"contentUrl\":\"https:\\\/\\\/elestataldemexico.com\\\/wp-content\\\/uploads\\\/2025\\\/05\\\/cropped-elestatal.png\",\"width\":504,\"height\":97,\"caption\":\"El Estatal de M\u00e9xico\"},\"image\":{\"@id\":\"https:\\\/\\\/elestataldemexico.com\\\/#\\\/schema\\\/logo\\\/image\\\/\"}},{\"@type\":\"Person\",\"@id\":\"https:\\\/\\\/elestataldemexico.com\\\/#\\\/schema\\\/person\\\/6c7813c13d2c1571771f592f0fe866bb\",\"name\":\"admin\",\"image\":{\"@type\":\"ImageObject\",\"inLanguage\":\"es\",\"@id\":\"https:\\\/\\\/secure.gravatar.com\\\/avatar\\\/d5ed2db9923a3ad3c0a47f6b3aec7abcb43924b9322251ade16472fc06f7bb5b?s=96&d=mm&r=g\",\"url\":\"https:\\\/\\\/secure.gravatar.com\\\/avatar\\\/d5ed2db9923a3ad3c0a47f6b3aec7abcb43924b9322251ade16472fc06f7bb5b?s=96&d=mm&r=g\",\"contentUrl\":\"https:\\\/\\\/secure.gravatar.com\\\/avatar\\\/d5ed2db9923a3ad3c0a47f6b3aec7abcb43924b9322251ade16472fc06f7bb5b?s=96&d=mm&r=g\",\"caption\":\"admin\"},\"sameAs\":[\"https:\\\/\\\/elestataldemexico.com\"],\"url\":\"https:\\\/\\\/elestataldemexico.com\\\/index.php\\\/author\\\/info_qk62m3p3\\\/\"}]}<\/script>\n<!-- \/ Yoast SEO plugin. -->","yoast_head_json":{"title":"C\u00fapula de Estados Unidos defiende a Joe Biden tras pifias - El Estatal de M\u00e9xico","robots":{"index":"index","follow":"follow","max-snippet":"max-snippet:-1","max-image-preview":"max-image-preview:large","max-video-preview":"max-video-preview:-1"},"canonical":"https:\/\/elestataldemexico.com\/index.php\/2024\/02\/12\/cupula-de-estados-unidos-defiende-a-joe-biden-tras-pifias\/","og_locale":"es_ES","og_type":"article","og_title":"C\u00fapula de Estados Unidos defiende a Joe Biden tras pifias - El Estatal de M\u00e9xico","og_description":"La Casa Blanca y la vicepresidenta de Estados Unidos, Kamala Harris, respondieron a los se\u00f1alamientos sobre las confusiones","og_url":"https:\/\/elestataldemexico.com\/index.php\/2024\/02\/12\/cupula-de-estados-unidos-defiende-a-joe-biden-tras-pifias\/","og_site_name":"El Estatal de M\u00e9xico","article_published_time":"2024-02-12T16:47:51+00:00","og_image":[{"width":830,"height":623,"url":"https:\/\/elestataldemexico.com\/wp-content\/uploads\/2024\/02\/WhatsApp-Image-2024-02-12-at-11.45.27.jpeg","type":"image\/jpeg"}],"author":"admin","twitter_card":"summary_large_image","twitter_misc":{"Escrito por":"admin","Tiempo de lectura":"1 minuto"},"schema":{"@context":"https:\/\/schema.org","@graph":[{"@type":"Article","@id":"https:\/\/elestataldemexico.com\/index.php\/2024\/02\/12\/cupula-de-estados-unidos-defiende-a-joe-biden-tras-pifias\/#article","isPartOf":{"@id":"https:\/\/elestataldemexico.com\/index.php\/2024\/02\/12\/cupula-de-estados-unidos-defiende-a-joe-biden-tras-pifias\/"},"author":{"name":"admin","@id":"https:\/\/elestataldemexico.com\/#\/schema\/person\/6c7813c13d2c1571771f592f0fe866bb"},"headline":"C\u00fapula de Estados Unidos defiende a Joe Biden tras pifias","datePublished":"2024-02-12T16:47:51+00:00","mainEntityOfPage":{"@id":"https:\/\/elestataldemexico.com\/index.php\/2024\/02\/12\/cupula-de-estados-unidos-defiende-a-joe-biden-tras-pifias\/"},"wordCount":247,"commentCount":0,"publisher":{"@id":"https:\/\/elestataldemexico.com\/#organization"},"image":{"@id":"https:\/\/elestataldemexico.com\/index.php\/2024\/02\/12\/cupula-de-estados-unidos-defiende-a-joe-biden-tras-pifias\/#primaryimage"},"thumbnailUrl":"https:\/\/elestataldemexico.com\/wp-content\/uploads\/2024\/02\/WhatsApp-Image-2024-02-12-at-11.45.27.jpeg","articleSection":["Internacional"],"inLanguage":"es","potentialAction":[{"@type":"CommentAction","name":"Comment","target":["https:\/\/elestataldemexico.com\/index.php\/2024\/02\/12\/cupula-de-estados-unidos-defiende-a-joe-biden-tras-pifias\/#respond"]}]},{"@type":"WebPage","@id":"https:\/\/elestataldemexico.com\/index.php\/2024\/02\/12\/cupula-de-estados-unidos-defiende-a-joe-biden-tras-pifias\/","url":"https:\/\/elestataldemexico.com\/index.php\/2024\/02\/12\/cupula-de-estados-unidos-defiende-a-joe-biden-tras-pifias\/","name":"C\u00fapula de Estados Unidos defiende a Joe Biden tras pifias - El Estatal de M\u00e9xico","isPartOf":{"@id":"https:\/\/elestataldemexico.com\/#website"},"primaryImageOfPage":{"@id":"https:\/\/elestataldemexico.com\/index.php\/2024\/02\/12\/cupula-de-estados-unidos-defiende-a-joe-biden-tras-pifias\/#primaryimage"},"image":{"@id":"https:\/\/elestataldemexico.com\/index.php\/2024\/02\/12\/cupula-de-estados-unidos-defiende-a-joe-biden-tras-pifias\/#primaryimage"},"thumbnailUrl":"https:\/\/elestataldemexico.com\/wp-content\/uploads\/2024\/02\/WhatsApp-Image-2024-02-12-at-11.45.27.jpeg","datePublished":"2024-02-12T16:47:51+00:00","breadcrumb":{"@id":"https:\/\/elestataldemexico.com\/index.php\/2024\/02\/12\/cupula-de-estados-unidos-defiende-a-joe-biden-tras-pifias\/#breadcrumb"},"inLanguage":"es","potentialAction":[{"@type":"ReadAction","target":["https:\/\/elestataldemexico.com\/index.php\/2024\/02\/12\/cupula-de-estados-unidos-defiende-a-joe-biden-tras-pifias\/"]}]},{"@type":"ImageObject","inLanguage":"es","@id":"https:\/\/elestataldemexico.com\/index.php\/2024\/02\/12\/cupula-de-estados-unidos-defiende-a-joe-biden-tras-pifias\/#primaryimage","url":"https:\/\/elestataldemexico.com\/wp-content\/uploads\/2024\/02\/WhatsApp-Image-2024-02-12-at-11.45.27.jpeg","contentUrl":"https:\/\/elestataldemexico.com\/wp-content\/uploads\/2024\/02\/WhatsApp-Image-2024-02-12-at-11.45.27.jpeg","width":830,"height":623},{"@type":"BreadcrumbList","@id":"https:\/\/elestataldemexico.com\/index.php\/2024\/02\/12\/cupula-de-estados-unidos-defiende-a-joe-biden-tras-pifias\/#breadcrumb","itemListElement":[{"@type":"ListItem","position":1,"name":"Portada","item":"https:\/\/elestataldemexico.com\/"},{"@type":"ListItem","position":2,"name":"C\u00fapula de Estados Unidos defiende a Joe Biden tras pifias"}]},{"@type":"WebSite","@id":"https:\/\/elestataldemexico.com\/#website","url":"https:\/\/elestataldemexico.com\/","name":"El Estatal de M\u00e9xico","description":"","publisher":{"@id":"https:\/\/elestataldemexico.com\/#organization"},"potentialAction":[{"@type":"SearchAction","target":{"@type":"EntryPoint","urlTemplate":"https:\/\/elestataldemexico.com\/?s={search_term_string}"},"query-input":{"@type":"PropertyValueSpecification","valueRequired":true,"valueName":"search_term_string"}}],"inLanguage":"es"},{"@type":"Organization","@id":"https:\/\/elestataldemexico.com\/#organization","name":"El Estatal de M\u00e9xico","url":"https:\/\/elestataldemexico.com\/","logo":{"@type":"ImageObject","inLanguage":"es","@id":"https:\/\/elestataldemexico.com\/#\/schema\/logo\/image\/","url":"https:\/\/elestataldemexico.com\/wp-content\/uploads\/2025\/05\/cropped-elestatal.png","contentUrl":"https:\/\/elestataldemexico.com\/wp-content\/uploads\/2025\/05\/cropped-elestatal.png","width":504,"height":97,"caption":"El Estatal de M\u00e9xico"},"image":{"@id":"https:\/\/elestataldemexico.com\/#\/schema\/logo\/image\/"}},{"@type":"Person","@id":"https:\/\/elestataldemexico.com\/#\/schema\/person\/6c7813c13d2c1571771f592f0fe866bb","name":"admin","image":{"@type":"ImageObject","inLanguage":"es","@id":"https:\/\/secure.gravatar.com\/avatar\/d5ed2db9923a3ad3c0a47f6b3aec7abcb43924b9322251ade16472fc06f7bb5b?s=96&d=mm&r=g","url":"https:\/\/secure.gravatar.com\/avatar\/d5ed2db9923a3ad3c0a47f6b3aec7abcb43924b9322251ade16472fc06f7bb5b?s=96&d=mm&r=g","contentUrl":"https:\/\/secure.gravatar.com\/avatar\/d5ed2db9923a3ad3c0a47f6b3aec7abcb43924b9322251ade16472fc06f7bb5b?s=96&d=mm&r=g","caption":"admin"},"sameAs":["https:\/\/elestataldemexico.com"],"url":"https:\/\/elestataldemexico.com\/index.php\/author\/info_qk62m3p3\/"}]}},"_links":{"self":[{"href":"https:\/\/elestataldemexico.com\/index.php\/wp-json\/wp\/v2\/posts\/20686","targetHints":{"allow":["GET"]}}],"collection":[{"href":"https:\/\/elestataldemexico.com\/index.php\/wp-json\/wp\/v2\/posts"}],"about":[{"href":"https:\/\/elestataldemexico.com\/index.php\/wp-json\/wp\/v2\/types\/post"}],"author":[{"embeddable":true,"href":"https:\/\/elestataldemexico.com\/index.php\/wp-json\/wp\/v2\/users\/1"}],"replies":[{"embeddable":true,"href":"https:\/\/elestataldemexico.com\/index.php\/wp-json\/wp\/v2\/comments?post=20686"}],"version-history":[{"count":0,"href":"https:\/\/elestataldemexico.com\/index.php\/wp-json\/wp\/v2\/posts\/20686\/revisions"}],"wp:featuredmedia":[{"embeddable":true,"href":"https:\/\/elestataldemexico.com\/index.php\/wp-json\/wp\/v2\/media\/20688"}],"wp:attachment":[{"href":"https:\/\/elestataldemexico.com\/index.php\/wp-json\/wp\/v2\/media?parent=20686"}],"wp:term":[{"taxonomy":"category","embeddable":true,"href":"https:\/\/elestataldemexico.com\/index.php\/wp-json\/wp\/v2\/categories?post=20686"},{"taxonomy":"post_tag","embeddable":true,"href":"https:\/\/elestataldemexico.com\/index.php\/wp-json\/wp\/v2\/tags?post=20686"}],"curies":[{"name":"wp","href":"https:\/\/api.w.org\/{rel}","templated":true}]}}