{"id":20683,"date":"2024-02-12T11:43:44","date_gmt":"2024-02-12T16:43:44","guid":{"rendered":"https:\/\/podernacional.com\/?p=20683"},"modified":"2024-02-12T11:43:44","modified_gmt":"2024-02-12T16:43:44","slug":"mas-bombardeos-israel-ataca-el-ultimo-refugio-de-gaza","status":"publish","type":"post","link":"https:\/\/elestataldemexico.com\/index.php\/2024\/02\/12\/mas-bombardeos-israel-ataca-el-ultimo-refugio-de-gaza\/","title":{"rendered":"M\u00e1s bombardeos: Israel ataca el \u00faltimo refugio de Gaza"},"content":{"rendered":"<p>El primer ministro de Israel, Benjamin Netanyahu, orden\u00f3 atacar la ciudad de Raf\u00e1, en el sur de la Franja de Gaza.<\/p>\n<p>Se trata de una zona que recibi\u00f3 a miles de desplazados cuando comenz\u00f3 la ofensiva en octubre del a\u00f1o pasado.<\/p>\n<p>Y es la puerta de ingreso de la ayuda humanitaria v\u00eda Egipto.<\/p>\n<p>El primer ministro, Benjam\u00edn Netanyahu orden\u00f3 a las fuerzas y a los responsables de seguridad israel\u00edes entregar un plan combinado para evacuar a la poblaci\u00f3n y destruir los batallones de Ham\u00e1s\u201d, seg\u00fan un comunicado de la oficina del premier.<\/p>\n<p>Es imposible lograr el objetivo de la guerra sin eliminar a Ham\u00e1s y dejando cuatro batallones de Ham\u00e1s en Raf\u00e1\u201d, afirm\u00f3 Netanyahu.<\/p>\n<p>Para ello, es necesario que los civiles evacuen las zonas de combate\u201d, a\u00f1adi\u00f3.<\/p>\n<p>En las \u00faltimas 24 horas, al menos 107 palestinos murieron en los bombardeos lanzados contra el estrecho territorio de 362 kil\u00f3metros cuadrados, seg\u00fan el Ministerio de Salud del gobierno de Ham\u00e1s.<\/p>\n<p>Las fuerzas israel\u00edes concentraron inicialmente sus operaciones en la ciudad de Gaza, en el norte de la Franja, y luego se desplazaron hacia Jan Yunis, m\u00e1s al sur.<\/p>\n<p>Ante el anuncio de invasi\u00f3n en Rafa, aument\u00f3 la condena de la comunidad internacional.<\/p>\n<p>El director de la Agencia de la ONU para los Refugiados Palestinos (UNRWA), Philippe Lazzarini, volvi\u00f3 a pedir un alto el fuego humanitario.<\/p>\n<p>Adem\u00e1s, el funcionario advirti\u00f3 que cualquier ofensiva militar israel\u00ed en Raf\u00e1 empeorar\u00e1 la \u201ctragedia sin fin\u201d entre la poblaci\u00f3n.<\/p>\n<p>El presidente de Estados Unidos, Joe Biden, conden\u00f3 la intensidad de la respuesta de Israel contra Gaza tras el ataque terrorista del 7 de octubre.<\/p>\n<p>Mi opini\u00f3n es que la respuesta en Gaza, en la Franja de Gaza, ha sido excesiva\u201d, declar\u00f3 Biden, en una inusual cr\u00edtica a su aliado.<\/p>\n<p>Hay mucha gente inocente pasando hambre, mucha gente inocente pas\u00e1ndolo mal y muriendo, y esto tiene que parar\u201d, se\u00f1al\u00f3 el dem\u00f3crata.<\/p>\n<p>Por su parte, el secretario general de Naciones Unidas, Antonio Guterres, se dijo \u201calarmado\u201d por la operaci\u00f3n.<\/p>\n<p>Aumentar\u00eda exponencialmente lo que ya es una pesadilla humanitaria\u201d, declar\u00f3.<\/p>\n<p>La guerra estall\u00f3 el 7 de octubre cuando milicianos islamistas mataron a mil 200 personas, en su mayor\u00eda civiles, y secuestraron a unas 250 en un ataque en el sur de Israel.<\/p>\n<p>Entre los muertos hay m\u00e1s de 300 militares.<\/p>\n<p>En los bombardeos y operaciones israel\u00edes de represalia en Gaza han muerto 27 mil 940 personas, en su mayor\u00eda mujeres, ni\u00f1os y adolescentes.<\/p>\n<p>Si Israel realiza un ataque terrestre contra Rafah, moriremos en nuestras casas\u201d, dijo Jaber Al Bardini.<\/p>\n","protected":false},"excerpt":{"rendered":"<p>El primer ministro de Israel, Benjamin Netanyahu, orden\u00f3 atacar la ciudad de Raf\u00e1, en el sur de la<\/p>\n","protected":false},"author":1,"featured_media":20685,"comment_status":"open","ping_status":"closed","sticky":false,"template":"","format":"standard","meta":{"footnotes":""},"categories":[10],"tags":[],"class_list":["post-20683","post","type-post","status-publish","format-standard","has-post-thumbnail","hentry","category-internacional"],"yoast_head":"<!-- This site is optimized with the Yoast SEO plugin v27.5 - https:\/\/yoast.com\/product\/yoast-seo-wordpress\/ -->\n<title>M\u00e1s bombardeos: Israel ataca el \u00faltimo refugio de Gaza - El Estatal de M\u00e9xico<\/title>\n<meta name=\"robots\" content=\"index, follow, max-snippet:-1, max-image-preview:large, max-video-preview:-1\" \/>\n<link rel=\"canonical\" href=\"https:\/\/elestataldemexico.com\/index.php\/2024\/02\/12\/mas-bombardeos-israel-ataca-el-ultimo-refugio-de-gaza\/\" \/>\n<meta property=\"og:locale\" content=\"es_ES\" \/>\n<meta property=\"og:type\" content=\"article\" \/>\n<meta property=\"og:title\" content=\"M\u00e1s bombardeos: Israel ataca el \u00faltimo refugio de Gaza - El Estatal de M\u00e9xico\" \/>\n<meta property=\"og:description\" content=\"El primer ministro de Israel, Benjamin Netanyahu, orden\u00f3 atacar la ciudad de Raf\u00e1, en el sur de la\" \/>\n<meta property=\"og:url\" content=\"https:\/\/elestataldemexico.com\/index.php\/2024\/02\/12\/mas-bombardeos-israel-ataca-el-ultimo-refugio-de-gaza\/\" \/>\n<meta property=\"og:site_name\" content=\"El Estatal de M\u00e9xico\" \/>\n<meta property=\"article:published_time\" content=\"2024-02-12T16:43:44+00:00\" \/>\n<meta property=\"og:image\" content=\"https:\/\/elestataldemexico.com\/wp-content\/uploads\/2024\/02\/WhatsApp-Image-2024-02-12-at-11.40.50.jpeg\" \/>\n\t<meta property=\"og:image:width\" content=\"830\" \/>\n\t<meta property=\"og:image:height\" content=\"623\" \/>\n\t<meta property=\"og:image:type\" content=\"image\/jpeg\" \/>\n<meta name=\"author\" content=\"admin\" \/>\n<meta name=\"twitter:card\" content=\"summary_large_image\" \/>\n<meta name=\"twitter:label1\" content=\"Escrito por\" \/>\n\t<meta name=\"twitter:data1\" content=\"admin\" \/>\n\t<meta name=\"twitter:label2\" content=\"Tiempo de lectura\" \/>\n\t<meta name=\"twitter:data2\" content=\"2 minutos\" \/>\n<script type=\"application\/ld+json\" class=\"yoast-schema-graph\">{\"@context\":\"https:\\\/\\\/schema.org\",\"@graph\":[{\"@type\":\"Article\",\"@id\":\"https:\\\/\\\/elestataldemexico.com\\\/index.php\\\/2024\\\/02\\\/12\\\/mas-bombardeos-israel-ataca-el-ultimo-refugio-de-gaza\\\/#article\",\"isPartOf\":{\"@id\":\"https:\\\/\\\/elestataldemexico.com\\\/index.php\\\/2024\\\/02\\\/12\\\/mas-bombardeos-israel-ataca-el-ultimo-refugio-de-gaza\\\/\"},\"author\":{\"name\":\"admin\",\"@id\":\"https:\\\/\\\/elestataldemexico.com\\\/#\\\/schema\\\/person\\\/6c7813c13d2c1571771f592f0fe866bb\"},\"headline\":\"M\u00e1s bombardeos: Israel ataca el \u00faltimo refugio de Gaza\",\"datePublished\":\"2024-02-12T16:43:44+00:00\",\"mainEntityOfPage\":{\"@id\":\"https:\\\/\\\/elestataldemexico.com\\\/index.php\\\/2024\\\/02\\\/12\\\/mas-bombardeos-israel-ataca-el-ultimo-refugio-de-gaza\\\/\"},\"wordCount\":449,\"commentCount\":0,\"publisher\":{\"@id\":\"https:\\\/\\\/elestataldemexico.com\\\/#organization\"},\"image\":{\"@id\":\"https:\\\/\\\/elestataldemexico.com\\\/index.php\\\/2024\\\/02\\\/12\\\/mas-bombardeos-israel-ataca-el-ultimo-refugio-de-gaza\\\/#primaryimage\"},\"thumbnailUrl\":\"https:\\\/\\\/elestataldemexico.com\\\/wp-content\\\/uploads\\\/2024\\\/02\\\/WhatsApp-Image-2024-02-12-at-11.40.50.jpeg\",\"articleSection\":[\"Internacional\"],\"inLanguage\":\"es\",\"potentialAction\":[{\"@type\":\"CommentAction\",\"name\":\"Comment\",\"target\":[\"https:\\\/\\\/elestataldemexico.com\\\/index.php\\\/2024\\\/02\\\/12\\\/mas-bombardeos-israel-ataca-el-ultimo-refugio-de-gaza\\\/#respond\"]}]},{\"@type\":\"WebPage\",\"@id\":\"https:\\\/\\\/elestataldemexico.com\\\/index.php\\\/2024\\\/02\\\/12\\\/mas-bombardeos-israel-ataca-el-ultimo-refugio-de-gaza\\\/\",\"url\":\"https:\\\/\\\/elestataldemexico.com\\\/index.php\\\/2024\\\/02\\\/12\\\/mas-bombardeos-israel-ataca-el-ultimo-refugio-de-gaza\\\/\",\"name\":\"M\u00e1s bombardeos: Israel ataca el \u00faltimo refugio de Gaza - El Estatal de M\u00e9xico\",\"isPartOf\":{\"@id\":\"https:\\\/\\\/elestataldemexico.com\\\/#website\"},\"primaryImageOfPage\":{\"@id\":\"https:\\\/\\\/elestataldemexico.com\\\/index.php\\\/2024\\\/02\\\/12\\\/mas-bombardeos-israel-ataca-el-ultimo-refugio-de-gaza\\\/#primaryimage\"},\"image\":{\"@id\":\"https:\\\/\\\/elestataldemexico.com\\\/index.php\\\/2024\\\/02\\\/12\\\/mas-bombardeos-israel-ataca-el-ultimo-refugio-de-gaza\\\/#primaryimage\"},\"thumbnailUrl\":\"https:\\\/\\\/elestataldemexico.com\\\/wp-content\\\/uploads\\\/2024\\\/02\\\/WhatsApp-Image-2024-02-12-at-11.40.50.jpeg\",\"datePublished\":\"2024-02-12T16:43:44+00:00\",\"breadcrumb\":{\"@id\":\"https:\\\/\\\/elestataldemexico.com\\\/index.php\\\/2024\\\/02\\\/12\\\/mas-bombardeos-israel-ataca-el-ultimo-refugio-de-gaza\\\/#breadcrumb\"},\"inLanguage\":\"es\",\"potentialAction\":[{\"@type\":\"ReadAction\",\"target\":[\"https:\\\/\\\/elestataldemexico.com\\\/index.php\\\/2024\\\/02\\\/12\\\/mas-bombardeos-israel-ataca-el-ultimo-refugio-de-gaza\\\/\"]}]},{\"@type\":\"ImageObject\",\"inLanguage\":\"es\",\"@id\":\"https:\\\/\\\/elestataldemexico.com\\\/index.php\\\/2024\\\/02\\\/12\\\/mas-bombardeos-israel-ataca-el-ultimo-refugio-de-gaza\\\/#primaryimage\",\"url\":\"https:\\\/\\\/elestataldemexico.com\\\/wp-content\\\/uploads\\\/2024\\\/02\\\/WhatsApp-Image-2024-02-12-at-11.40.50.jpeg\",\"contentUrl\":\"https:\\\/\\\/elestataldemexico.com\\\/wp-content\\\/uploads\\\/2024\\\/02\\\/WhatsApp-Image-2024-02-12-at-11.40.50.jpeg\",\"width\":830,\"height\":623},{\"@type\":\"BreadcrumbList\",\"@id\":\"https:\\\/\\\/elestataldemexico.com\\\/index.php\\\/2024\\\/02\\\/12\\\/mas-bombardeos-israel-ataca-el-ultimo-refugio-de-gaza\\\/#breadcrumb\",\"itemListElement\":[{\"@type\":\"ListItem\",\"position\":1,\"name\":\"Portada\",\"item\":\"https:\\\/\\\/elestataldemexico.com\\\/\"},{\"@type\":\"ListItem\",\"position\":2,\"name\":\"M\u00e1s bombardeos: Israel ataca el \u00faltimo refugio de Gaza\"}]},{\"@type\":\"WebSite\",\"@id\":\"https:\\\/\\\/elestataldemexico.com\\\/#website\",\"url\":\"https:\\\/\\\/elestataldemexico.com\\\/\",\"name\":\"El Estatal de M\u00e9xico\",\"description\":\"\",\"publisher\":{\"@id\":\"https:\\\/\\\/elestataldemexico.com\\\/#organization\"},\"potentialAction\":[{\"@type\":\"SearchAction\",\"target\":{\"@type\":\"EntryPoint\",\"urlTemplate\":\"https:\\\/\\\/elestataldemexico.com\\\/?s={search_term_string}\"},\"query-input\":{\"@type\":\"PropertyValueSpecification\",\"valueRequired\":true,\"valueName\":\"search_term_string\"}}],\"inLanguage\":\"es\"},{\"@type\":\"Organization\",\"@id\":\"https:\\\/\\\/elestataldemexico.com\\\/#organization\",\"name\":\"El Estatal de M\u00e9xico\",\"url\":\"https:\\\/\\\/elestataldemexico.com\\\/\",\"logo\":{\"@type\":\"ImageObject\",\"inLanguage\":\"es\",\"@id\":\"https:\\\/\\\/elestataldemexico.com\\\/#\\\/schema\\\/logo\\\/image\\\/\",\"url\":\"https:\\\/\\\/elestataldemexico.com\\\/wp-content\\\/uploads\\\/2025\\\/05\\\/cropped-elestatal.png\",\"contentUrl\":\"https:\\\/\\\/elestataldemexico.com\\\/wp-content\\\/uploads\\\/2025\\\/05\\\/cropped-elestatal.png\",\"width\":504,\"height\":97,\"caption\":\"El Estatal de M\u00e9xico\"},\"image\":{\"@id\":\"https:\\\/\\\/elestataldemexico.com\\\/#\\\/schema\\\/logo\\\/image\\\/\"}},{\"@type\":\"Person\",\"@id\":\"https:\\\/\\\/elestataldemexico.com\\\/#\\\/schema\\\/person\\\/6c7813c13d2c1571771f592f0fe866bb\",\"name\":\"admin\",\"image\":{\"@type\":\"ImageObject\",\"inLanguage\":\"es\",\"@id\":\"https:\\\/\\\/secure.gravatar.com\\\/avatar\\\/d5ed2db9923a3ad3c0a47f6b3aec7abcb43924b9322251ade16472fc06f7bb5b?s=96&d=mm&r=g\",\"url\":\"https:\\\/\\\/secure.gravatar.com\\\/avatar\\\/d5ed2db9923a3ad3c0a47f6b3aec7abcb43924b9322251ade16472fc06f7bb5b?s=96&d=mm&r=g\",\"contentUrl\":\"https:\\\/\\\/secure.gravatar.com\\\/avatar\\\/d5ed2db9923a3ad3c0a47f6b3aec7abcb43924b9322251ade16472fc06f7bb5b?s=96&d=mm&r=g\",\"caption\":\"admin\"},\"sameAs\":[\"https:\\\/\\\/elestataldemexico.com\"],\"url\":\"https:\\\/\\\/elestataldemexico.com\\\/index.php\\\/author\\\/info_qk62m3p3\\\/\"}]}<\/script>\n<!-- \/ Yoast SEO plugin. -->","yoast_head_json":{"title":"M\u00e1s bombardeos: Israel ataca el \u00faltimo refugio de Gaza - El Estatal de M\u00e9xico","robots":{"index":"index","follow":"follow","max-snippet":"max-snippet:-1","max-image-preview":"max-image-preview:large","max-video-preview":"max-video-preview:-1"},"canonical":"https:\/\/elestataldemexico.com\/index.php\/2024\/02\/12\/mas-bombardeos-israel-ataca-el-ultimo-refugio-de-gaza\/","og_locale":"es_ES","og_type":"article","og_title":"M\u00e1s bombardeos: Israel ataca el \u00faltimo refugio de Gaza - El Estatal de M\u00e9xico","og_description":"El primer ministro de Israel, Benjamin Netanyahu, orden\u00f3 atacar la ciudad de Raf\u00e1, en el sur de la","og_url":"https:\/\/elestataldemexico.com\/index.php\/2024\/02\/12\/mas-bombardeos-israel-ataca-el-ultimo-refugio-de-gaza\/","og_site_name":"El Estatal de M\u00e9xico","article_published_time":"2024-02-12T16:43:44+00:00","og_image":[{"width":830,"height":623,"url":"https:\/\/elestataldemexico.com\/wp-content\/uploads\/2024\/02\/WhatsApp-Image-2024-02-12-at-11.40.50.jpeg","type":"image\/jpeg"}],"author":"admin","twitter_card":"summary_large_image","twitter_misc":{"Escrito por":"admin","Tiempo de lectura":"2 minutos"},"schema":{"@context":"https:\/\/schema.org","@graph":[{"@type":"Article","@id":"https:\/\/elestataldemexico.com\/index.php\/2024\/02\/12\/mas-bombardeos-israel-ataca-el-ultimo-refugio-de-gaza\/#article","isPartOf":{"@id":"https:\/\/elestataldemexico.com\/index.php\/2024\/02\/12\/mas-bombardeos-israel-ataca-el-ultimo-refugio-de-gaza\/"},"author":{"name":"admin","@id":"https:\/\/elestataldemexico.com\/#\/schema\/person\/6c7813c13d2c1571771f592f0fe866bb"},"headline":"M\u00e1s bombardeos: Israel ataca el \u00faltimo refugio de Gaza","datePublished":"2024-02-12T16:43:44+00:00","mainEntityOfPage":{"@id":"https:\/\/elestataldemexico.com\/index.php\/2024\/02\/12\/mas-bombardeos-israel-ataca-el-ultimo-refugio-de-gaza\/"},"wordCount":449,"commentCount":0,"publisher":{"@id":"https:\/\/elestataldemexico.com\/#organization"},"image":{"@id":"https:\/\/elestataldemexico.com\/index.php\/2024\/02\/12\/mas-bombardeos-israel-ataca-el-ultimo-refugio-de-gaza\/#primaryimage"},"thumbnailUrl":"https:\/\/elestataldemexico.com\/wp-content\/uploads\/2024\/02\/WhatsApp-Image-2024-02-12-at-11.40.50.jpeg","articleSection":["Internacional"],"inLanguage":"es","potentialAction":[{"@type":"CommentAction","name":"Comment","target":["https:\/\/elestataldemexico.com\/index.php\/2024\/02\/12\/mas-bombardeos-israel-ataca-el-ultimo-refugio-de-gaza\/#respond"]}]},{"@type":"WebPage","@id":"https:\/\/elestataldemexico.com\/index.php\/2024\/02\/12\/mas-bombardeos-israel-ataca-el-ultimo-refugio-de-gaza\/","url":"https:\/\/elestataldemexico.com\/index.php\/2024\/02\/12\/mas-bombardeos-israel-ataca-el-ultimo-refugio-de-gaza\/","name":"M\u00e1s bombardeos: Israel ataca el \u00faltimo refugio de Gaza - El Estatal de M\u00e9xico","isPartOf":{"@id":"https:\/\/elestataldemexico.com\/#website"},"primaryImageOfPage":{"@id":"https:\/\/elestataldemexico.com\/index.php\/2024\/02\/12\/mas-bombardeos-israel-ataca-el-ultimo-refugio-de-gaza\/#primaryimage"},"image":{"@id":"https:\/\/elestataldemexico.com\/index.php\/2024\/02\/12\/mas-bombardeos-israel-ataca-el-ultimo-refugio-de-gaza\/#primaryimage"},"thumbnailUrl":"https:\/\/elestataldemexico.com\/wp-content\/uploads\/2024\/02\/WhatsApp-Image-2024-02-12-at-11.40.50.jpeg","datePublished":"2024-02-12T16:43:44+00:00","breadcrumb":{"@id":"https:\/\/elestataldemexico.com\/index.php\/2024\/02\/12\/mas-bombardeos-israel-ataca-el-ultimo-refugio-de-gaza\/#breadcrumb"},"inLanguage":"es","potentialAction":[{"@type":"ReadAction","target":["https:\/\/elestataldemexico.com\/index.php\/2024\/02\/12\/mas-bombardeos-israel-ataca-el-ultimo-refugio-de-gaza\/"]}]},{"@type":"ImageObject","inLanguage":"es","@id":"https:\/\/elestataldemexico.com\/index.php\/2024\/02\/12\/mas-bombardeos-israel-ataca-el-ultimo-refugio-de-gaza\/#primaryimage","url":"https:\/\/elestataldemexico.com\/wp-content\/uploads\/2024\/02\/WhatsApp-Image-2024-02-12-at-11.40.50.jpeg","contentUrl":"https:\/\/elestataldemexico.com\/wp-content\/uploads\/2024\/02\/WhatsApp-Image-2024-02-12-at-11.40.50.jpeg","width":830,"height":623},{"@type":"BreadcrumbList","@id":"https:\/\/elestataldemexico.com\/index.php\/2024\/02\/12\/mas-bombardeos-israel-ataca-el-ultimo-refugio-de-gaza\/#breadcrumb","itemListElement":[{"@type":"ListItem","position":1,"name":"Portada","item":"https:\/\/elestataldemexico.com\/"},{"@type":"ListItem","position":2,"name":"M\u00e1s bombardeos: Israel ataca el \u00faltimo refugio de Gaza"}]},{"@type":"WebSite","@id":"https:\/\/elestataldemexico.com\/#website","url":"https:\/\/elestataldemexico.com\/","name":"El Estatal de M\u00e9xico","description":"","publisher":{"@id":"https:\/\/elestataldemexico.com\/#organization"},"potentialAction":[{"@type":"SearchAction","target":{"@type":"EntryPoint","urlTemplate":"https:\/\/elestataldemexico.com\/?s={search_term_string}"},"query-input":{"@type":"PropertyValueSpecification","valueRequired":true,"valueName":"search_term_string"}}],"inLanguage":"es"},{"@type":"Organization","@id":"https:\/\/elestataldemexico.com\/#organization","name":"El Estatal de M\u00e9xico","url":"https:\/\/elestataldemexico.com\/","logo":{"@type":"ImageObject","inLanguage":"es","@id":"https:\/\/elestataldemexico.com\/#\/schema\/logo\/image\/","url":"https:\/\/elestataldemexico.com\/wp-content\/uploads\/2025\/05\/cropped-elestatal.png","contentUrl":"https:\/\/elestataldemexico.com\/wp-content\/uploads\/2025\/05\/cropped-elestatal.png","width":504,"height":97,"caption":"El Estatal de M\u00e9xico"},"image":{"@id":"https:\/\/elestataldemexico.com\/#\/schema\/logo\/image\/"}},{"@type":"Person","@id":"https:\/\/elestataldemexico.com\/#\/schema\/person\/6c7813c13d2c1571771f592f0fe866bb","name":"admin","image":{"@type":"ImageObject","inLanguage":"es","@id":"https:\/\/secure.gravatar.com\/avatar\/d5ed2db9923a3ad3c0a47f6b3aec7abcb43924b9322251ade16472fc06f7bb5b?s=96&d=mm&r=g","url":"https:\/\/secure.gravatar.com\/avatar\/d5ed2db9923a3ad3c0a47f6b3aec7abcb43924b9322251ade16472fc06f7bb5b?s=96&d=mm&r=g","contentUrl":"https:\/\/secure.gravatar.com\/avatar\/d5ed2db9923a3ad3c0a47f6b3aec7abcb43924b9322251ade16472fc06f7bb5b?s=96&d=mm&r=g","caption":"admin"},"sameAs":["https:\/\/elestataldemexico.com"],"url":"https:\/\/elestataldemexico.com\/index.php\/author\/info_qk62m3p3\/"}]}},"_links":{"self":[{"href":"https:\/\/elestataldemexico.com\/index.php\/wp-json\/wp\/v2\/posts\/20683","targetHints":{"allow":["GET"]}}],"collection":[{"href":"https:\/\/elestataldemexico.com\/index.php\/wp-json\/wp\/v2\/posts"}],"about":[{"href":"https:\/\/elestataldemexico.com\/index.php\/wp-json\/wp\/v2\/types\/post"}],"author":[{"embeddable":true,"href":"https:\/\/elestataldemexico.com\/index.php\/wp-json\/wp\/v2\/users\/1"}],"replies":[{"embeddable":true,"href":"https:\/\/elestataldemexico.com\/index.php\/wp-json\/wp\/v2\/comments?post=20683"}],"version-history":[{"count":0,"href":"https:\/\/elestataldemexico.com\/index.php\/wp-json\/wp\/v2\/posts\/20683\/revisions"}],"wp:featuredmedia":[{"embeddable":true,"href":"https:\/\/elestataldemexico.com\/index.php\/wp-json\/wp\/v2\/media\/20685"}],"wp:attachment":[{"href":"https:\/\/elestataldemexico.com\/index.php\/wp-json\/wp\/v2\/media?parent=20683"}],"wp:term":[{"taxonomy":"category","embeddable":true,"href":"https:\/\/elestataldemexico.com\/index.php\/wp-json\/wp\/v2\/categories?post=20683"},{"taxonomy":"post_tag","embeddable":true,"href":"https:\/\/elestataldemexico.com\/index.php\/wp-json\/wp\/v2\/tags?post=20683"}],"curies":[{"name":"wp","href":"https:\/\/api.w.org\/{rel}","templated":true}]}}