{"id":20680,"date":"2024-02-12T10:56:19","date_gmt":"2024-02-12T15:56:19","guid":{"rendered":"https:\/\/podernacional.com\/?p=20680"},"modified":"2024-02-12T10:56:19","modified_gmt":"2024-02-12T15:56:19","slug":"con-poderoso-mensaje-angelique-boyer-y-sebastian-rulli-aclaran-si-se-acabo-el-amor","status":"publish","type":"post","link":"https:\/\/elestataldemexico.com\/index.php\/2024\/02\/12\/con-poderoso-mensaje-angelique-boyer-y-sebastian-rulli-aclaran-si-se-acabo-el-amor\/","title":{"rendered":"Con poderoso mensaje, Angelique Boyer y Sebasti\u00e1n Rulli aclaran si se acab\u00f3 el amor"},"content":{"rendered":"<p>Angelique Boyer y Sebasti\u00e1n Rulli terminaron con los rumores sobre su ruptura y con un poderoso mensaje aclararon que siguen juntos. La pareja de actores lleva nueve a\u00f1os juntos y en sus fotos m\u00e1s recientes dejaron claro que la llama del amor contin\u00faa viva.<\/p>\n<p>En d\u00edas pasados se especul\u00f3 en redes sociales que una de las primeras rupturas de famosos en 2024 podr\u00eda haber sido la de Sebasti\u00e1n Rulli y Angelique Boyer. Ahora, los actores confirmaron que todo se trat\u00f3 de rumores.<\/p>\n<p>Angelique Boyer presumi\u00f3 el viaje que hizo con su novio a las Cataratas del Iguaz\u00fa, en Argentina y fue el amoroso mensaje que le escribi\u00f3 Sebastian Rulli el que termin\u00f3 con los rumores sobre una separaci\u00f3n entre ellos.<\/p>\n<p>\u201cUna maravilla natural del mundo. Un lugar que une tres fronteras de pa\u00edses que amo: Argentina, Brasil y Paraguay (\u2026) La pasamos incre\u00edble\u201d<\/p>\n<p>Escribi\u00f3 Angelique Boyer<\/p>\n<p>A la publicaci\u00f3n de la estrella de \u201cTeresa\u201d reaccion\u00f3 Sebasti\u00e1n Rulli con palabras que comprueban que sigue muy enamorado:<\/p>\n<p>\u201c\u00a1Todo a tu lado es hermoso! Pero si adem\u00e1s es hermoso por s\u00ed solo\u2026 \u00a1a tu lado se convierte en espectacular! Amo viajar junto a ti y descubrir el mundo y lo que nos provoca\u201d<\/p>\n<p>Los fans de Sebasti\u00e1n y Angelique celebraron que siguen juntos y que su supuesto truene s\u00f3lo se trat\u00f3 de un rumor. Sus seguidores escribieron comentarios como:<\/p>\n<p>Los actores pasaron sus vacaciones en Argentina y las recordaron con fotos en las que presumen los sorprendentes paisajes de las Cataratas del Iguaz\u00fa, en Argentina, pa\u00eds de origen de Sebasti\u00e1n.<\/p>\n","protected":false},"excerpt":{"rendered":"<p>Angelique Boyer y Sebasti\u00e1n Rulli terminaron con los rumores sobre su ruptura y con un poderoso mensaje aclararon<\/p>\n","protected":false},"author":1,"featured_media":20682,"comment_status":"open","ping_status":"closed","sticky":false,"template":"","format":"standard","meta":{"footnotes":""},"categories":[11],"tags":[],"class_list":["post-20680","post","type-post","status-publish","format-standard","has-post-thumbnail","hentry","category-espectaculos"],"yoast_head":"<!-- This site is optimized with the Yoast SEO plugin v27.5 - https:\/\/yoast.com\/product\/yoast-seo-wordpress\/ -->\n<title>Con poderoso mensaje, Angelique Boyer y Sebasti\u00e1n Rulli aclaran si se acab\u00f3 el amor - El Estatal de M\u00e9xico<\/title>\n<meta name=\"robots\" content=\"index, follow, max-snippet:-1, max-image-preview:large, max-video-preview:-1\" \/>\n<link rel=\"canonical\" href=\"https:\/\/elestataldemexico.com\/index.php\/2024\/02\/12\/con-poderoso-mensaje-angelique-boyer-y-sebastian-rulli-aclaran-si-se-acabo-el-amor\/\" \/>\n<meta property=\"og:locale\" content=\"es_ES\" \/>\n<meta property=\"og:type\" content=\"article\" \/>\n<meta property=\"og:title\" content=\"Con poderoso mensaje, Angelique Boyer y Sebasti\u00e1n Rulli aclaran si se acab\u00f3 el amor - El Estatal de M\u00e9xico\" \/>\n<meta property=\"og:description\" content=\"Angelique Boyer y Sebasti\u00e1n Rulli terminaron con los rumores sobre su ruptura y con un poderoso mensaje aclararon\" \/>\n<meta property=\"og:url\" content=\"https:\/\/elestataldemexico.com\/index.php\/2024\/02\/12\/con-poderoso-mensaje-angelique-boyer-y-sebastian-rulli-aclaran-si-se-acabo-el-amor\/\" \/>\n<meta property=\"og:site_name\" content=\"El Estatal de M\u00e9xico\" \/>\n<meta property=\"article:published_time\" content=\"2024-02-12T15:56:19+00:00\" \/>\n<meta property=\"og:image\" content=\"https:\/\/elestataldemexico.com\/wp-content\/uploads\/2024\/02\/angelique-boyer-sebastian-rulli-siguen-juntos-083132.jpg\" \/>\n\t<meta property=\"og:image:width\" content=\"1200\" \/>\n\t<meta property=\"og:image:height\" content=\"675\" \/>\n\t<meta property=\"og:image:type\" content=\"image\/jpeg\" \/>\n<meta name=\"author\" content=\"admin\" \/>\n<meta name=\"twitter:card\" content=\"summary_large_image\" \/>\n<meta name=\"twitter:label1\" content=\"Escrito por\" \/>\n\t<meta name=\"twitter:data1\" content=\"admin\" \/>\n\t<meta name=\"twitter:label2\" content=\"Tiempo de lectura\" \/>\n\t<meta name=\"twitter:data2\" content=\"1 minuto\" \/>\n<script type=\"application\/ld+json\" class=\"yoast-schema-graph\">{\"@context\":\"https:\\\/\\\/schema.org\",\"@graph\":[{\"@type\":\"Article\",\"@id\":\"https:\\\/\\\/elestataldemexico.com\\\/index.php\\\/2024\\\/02\\\/12\\\/con-poderoso-mensaje-angelique-boyer-y-sebastian-rulli-aclaran-si-se-acabo-el-amor\\\/#article\",\"isPartOf\":{\"@id\":\"https:\\\/\\\/elestataldemexico.com\\\/index.php\\\/2024\\\/02\\\/12\\\/con-poderoso-mensaje-angelique-boyer-y-sebastian-rulli-aclaran-si-se-acabo-el-amor\\\/\"},\"author\":{\"name\":\"admin\",\"@id\":\"https:\\\/\\\/elestataldemexico.com\\\/#\\\/schema\\\/person\\\/6c7813c13d2c1571771f592f0fe866bb\"},\"headline\":\"Con poderoso mensaje, Angelique Boyer y Sebasti\u00e1n Rulli aclaran si se acab\u00f3 el amor\",\"datePublished\":\"2024-02-12T15:56:19+00:00\",\"mainEntityOfPage\":{\"@id\":\"https:\\\/\\\/elestataldemexico.com\\\/index.php\\\/2024\\\/02\\\/12\\\/con-poderoso-mensaje-angelique-boyer-y-sebastian-rulli-aclaran-si-se-acabo-el-amor\\\/\"},\"wordCount\":287,\"commentCount\":0,\"publisher\":{\"@id\":\"https:\\\/\\\/elestataldemexico.com\\\/#organization\"},\"image\":{\"@id\":\"https:\\\/\\\/elestataldemexico.com\\\/index.php\\\/2024\\\/02\\\/12\\\/con-poderoso-mensaje-angelique-boyer-y-sebastian-rulli-aclaran-si-se-acabo-el-amor\\\/#primaryimage\"},\"thumbnailUrl\":\"https:\\\/\\\/elestataldemexico.com\\\/wp-content\\\/uploads\\\/2024\\\/02\\\/angelique-boyer-sebastian-rulli-siguen-juntos-083132.jpg\",\"articleSection\":[\"Espectaculos\"],\"inLanguage\":\"es\",\"potentialAction\":[{\"@type\":\"CommentAction\",\"name\":\"Comment\",\"target\":[\"https:\\\/\\\/elestataldemexico.com\\\/index.php\\\/2024\\\/02\\\/12\\\/con-poderoso-mensaje-angelique-boyer-y-sebastian-rulli-aclaran-si-se-acabo-el-amor\\\/#respond\"]}]},{\"@type\":\"WebPage\",\"@id\":\"https:\\\/\\\/elestataldemexico.com\\\/index.php\\\/2024\\\/02\\\/12\\\/con-poderoso-mensaje-angelique-boyer-y-sebastian-rulli-aclaran-si-se-acabo-el-amor\\\/\",\"url\":\"https:\\\/\\\/elestataldemexico.com\\\/index.php\\\/2024\\\/02\\\/12\\\/con-poderoso-mensaje-angelique-boyer-y-sebastian-rulli-aclaran-si-se-acabo-el-amor\\\/\",\"name\":\"Con poderoso mensaje, Angelique Boyer y Sebasti\u00e1n Rulli aclaran si se acab\u00f3 el amor - El Estatal de M\u00e9xico\",\"isPartOf\":{\"@id\":\"https:\\\/\\\/elestataldemexico.com\\\/#website\"},\"primaryImageOfPage\":{\"@id\":\"https:\\\/\\\/elestataldemexico.com\\\/index.php\\\/2024\\\/02\\\/12\\\/con-poderoso-mensaje-angelique-boyer-y-sebastian-rulli-aclaran-si-se-acabo-el-amor\\\/#primaryimage\"},\"image\":{\"@id\":\"https:\\\/\\\/elestataldemexico.com\\\/index.php\\\/2024\\\/02\\\/12\\\/con-poderoso-mensaje-angelique-boyer-y-sebastian-rulli-aclaran-si-se-acabo-el-amor\\\/#primaryimage\"},\"thumbnailUrl\":\"https:\\\/\\\/elestataldemexico.com\\\/wp-content\\\/uploads\\\/2024\\\/02\\\/angelique-boyer-sebastian-rulli-siguen-juntos-083132.jpg\",\"datePublished\":\"2024-02-12T15:56:19+00:00\",\"breadcrumb\":{\"@id\":\"https:\\\/\\\/elestataldemexico.com\\\/index.php\\\/2024\\\/02\\\/12\\\/con-poderoso-mensaje-angelique-boyer-y-sebastian-rulli-aclaran-si-se-acabo-el-amor\\\/#breadcrumb\"},\"inLanguage\":\"es\",\"potentialAction\":[{\"@type\":\"ReadAction\",\"target\":[\"https:\\\/\\\/elestataldemexico.com\\\/index.php\\\/2024\\\/02\\\/12\\\/con-poderoso-mensaje-angelique-boyer-y-sebastian-rulli-aclaran-si-se-acabo-el-amor\\\/\"]}]},{\"@type\":\"ImageObject\",\"inLanguage\":\"es\",\"@id\":\"https:\\\/\\\/elestataldemexico.com\\\/index.php\\\/2024\\\/02\\\/12\\\/con-poderoso-mensaje-angelique-boyer-y-sebastian-rulli-aclaran-si-se-acabo-el-amor\\\/#primaryimage\",\"url\":\"https:\\\/\\\/elestataldemexico.com\\\/wp-content\\\/uploads\\\/2024\\\/02\\\/angelique-boyer-sebastian-rulli-siguen-juntos-083132.jpg\",\"contentUrl\":\"https:\\\/\\\/elestataldemexico.com\\\/wp-content\\\/uploads\\\/2024\\\/02\\\/angelique-boyer-sebastian-rulli-siguen-juntos-083132.jpg\",\"width\":1200,\"height\":675},{\"@type\":\"BreadcrumbList\",\"@id\":\"https:\\\/\\\/elestataldemexico.com\\\/index.php\\\/2024\\\/02\\\/12\\\/con-poderoso-mensaje-angelique-boyer-y-sebastian-rulli-aclaran-si-se-acabo-el-amor\\\/#breadcrumb\",\"itemListElement\":[{\"@type\":\"ListItem\",\"position\":1,\"name\":\"Portada\",\"item\":\"https:\\\/\\\/elestataldemexico.com\\\/\"},{\"@type\":\"ListItem\",\"position\":2,\"name\":\"Con poderoso mensaje, Angelique Boyer y Sebasti\u00e1n Rulli aclaran si se acab\u00f3 el amor\"}]},{\"@type\":\"WebSite\",\"@id\":\"https:\\\/\\\/elestataldemexico.com\\\/#website\",\"url\":\"https:\\\/\\\/elestataldemexico.com\\\/\",\"name\":\"El Estatal de M\u00e9xico\",\"description\":\"\",\"publisher\":{\"@id\":\"https:\\\/\\\/elestataldemexico.com\\\/#organization\"},\"potentialAction\":[{\"@type\":\"SearchAction\",\"target\":{\"@type\":\"EntryPoint\",\"urlTemplate\":\"https:\\\/\\\/elestataldemexico.com\\\/?s={search_term_string}\"},\"query-input\":{\"@type\":\"PropertyValueSpecification\",\"valueRequired\":true,\"valueName\":\"search_term_string\"}}],\"inLanguage\":\"es\"},{\"@type\":\"Organization\",\"@id\":\"https:\\\/\\\/elestataldemexico.com\\\/#organization\",\"name\":\"El Estatal de M\u00e9xico\",\"url\":\"https:\\\/\\\/elestataldemexico.com\\\/\",\"logo\":{\"@type\":\"ImageObject\",\"inLanguage\":\"es\",\"@id\":\"https:\\\/\\\/elestataldemexico.com\\\/#\\\/schema\\\/logo\\\/image\\\/\",\"url\":\"https:\\\/\\\/elestataldemexico.com\\\/wp-content\\\/uploads\\\/2025\\\/05\\\/cropped-elestatal.png\",\"contentUrl\":\"https:\\\/\\\/elestataldemexico.com\\\/wp-content\\\/uploads\\\/2025\\\/05\\\/cropped-elestatal.png\",\"width\":504,\"height\":97,\"caption\":\"El Estatal de M\u00e9xico\"},\"image\":{\"@id\":\"https:\\\/\\\/elestataldemexico.com\\\/#\\\/schema\\\/logo\\\/image\\\/\"}},{\"@type\":\"Person\",\"@id\":\"https:\\\/\\\/elestataldemexico.com\\\/#\\\/schema\\\/person\\\/6c7813c13d2c1571771f592f0fe866bb\",\"name\":\"admin\",\"image\":{\"@type\":\"ImageObject\",\"inLanguage\":\"es\",\"@id\":\"https:\\\/\\\/secure.gravatar.com\\\/avatar\\\/d5ed2db9923a3ad3c0a47f6b3aec7abcb43924b9322251ade16472fc06f7bb5b?s=96&d=mm&r=g\",\"url\":\"https:\\\/\\\/secure.gravatar.com\\\/avatar\\\/d5ed2db9923a3ad3c0a47f6b3aec7abcb43924b9322251ade16472fc06f7bb5b?s=96&d=mm&r=g\",\"contentUrl\":\"https:\\\/\\\/secure.gravatar.com\\\/avatar\\\/d5ed2db9923a3ad3c0a47f6b3aec7abcb43924b9322251ade16472fc06f7bb5b?s=96&d=mm&r=g\",\"caption\":\"admin\"},\"sameAs\":[\"https:\\\/\\\/elestataldemexico.com\"],\"url\":\"https:\\\/\\\/elestataldemexico.com\\\/index.php\\\/author\\\/info_qk62m3p3\\\/\"}]}<\/script>\n<!-- \/ Yoast SEO plugin. -->","yoast_head_json":{"title":"Con poderoso mensaje, Angelique Boyer y Sebasti\u00e1n Rulli aclaran si se acab\u00f3 el amor - El Estatal de M\u00e9xico","robots":{"index":"index","follow":"follow","max-snippet":"max-snippet:-1","max-image-preview":"max-image-preview:large","max-video-preview":"max-video-preview:-1"},"canonical":"https:\/\/elestataldemexico.com\/index.php\/2024\/02\/12\/con-poderoso-mensaje-angelique-boyer-y-sebastian-rulli-aclaran-si-se-acabo-el-amor\/","og_locale":"es_ES","og_type":"article","og_title":"Con poderoso mensaje, Angelique Boyer y Sebasti\u00e1n Rulli aclaran si se acab\u00f3 el amor - El Estatal de M\u00e9xico","og_description":"Angelique Boyer y Sebasti\u00e1n Rulli terminaron con los rumores sobre su ruptura y con un poderoso mensaje aclararon","og_url":"https:\/\/elestataldemexico.com\/index.php\/2024\/02\/12\/con-poderoso-mensaje-angelique-boyer-y-sebastian-rulli-aclaran-si-se-acabo-el-amor\/","og_site_name":"El Estatal de M\u00e9xico","article_published_time":"2024-02-12T15:56:19+00:00","og_image":[{"width":1200,"height":675,"url":"https:\/\/elestataldemexico.com\/wp-content\/uploads\/2024\/02\/angelique-boyer-sebastian-rulli-siguen-juntos-083132.jpg","type":"image\/jpeg"}],"author":"admin","twitter_card":"summary_large_image","twitter_misc":{"Escrito por":"admin","Tiempo de lectura":"1 minuto"},"schema":{"@context":"https:\/\/schema.org","@graph":[{"@type":"Article","@id":"https:\/\/elestataldemexico.com\/index.php\/2024\/02\/12\/con-poderoso-mensaje-angelique-boyer-y-sebastian-rulli-aclaran-si-se-acabo-el-amor\/#article","isPartOf":{"@id":"https:\/\/elestataldemexico.com\/index.php\/2024\/02\/12\/con-poderoso-mensaje-angelique-boyer-y-sebastian-rulli-aclaran-si-se-acabo-el-amor\/"},"author":{"name":"admin","@id":"https:\/\/elestataldemexico.com\/#\/schema\/person\/6c7813c13d2c1571771f592f0fe866bb"},"headline":"Con poderoso mensaje, Angelique Boyer y Sebasti\u00e1n Rulli aclaran si se acab\u00f3 el amor","datePublished":"2024-02-12T15:56:19+00:00","mainEntityOfPage":{"@id":"https:\/\/elestataldemexico.com\/index.php\/2024\/02\/12\/con-poderoso-mensaje-angelique-boyer-y-sebastian-rulli-aclaran-si-se-acabo-el-amor\/"},"wordCount":287,"commentCount":0,"publisher":{"@id":"https:\/\/elestataldemexico.com\/#organization"},"image":{"@id":"https:\/\/elestataldemexico.com\/index.php\/2024\/02\/12\/con-poderoso-mensaje-angelique-boyer-y-sebastian-rulli-aclaran-si-se-acabo-el-amor\/#primaryimage"},"thumbnailUrl":"https:\/\/elestataldemexico.com\/wp-content\/uploads\/2024\/02\/angelique-boyer-sebastian-rulli-siguen-juntos-083132.jpg","articleSection":["Espectaculos"],"inLanguage":"es","potentialAction":[{"@type":"CommentAction","name":"Comment","target":["https:\/\/elestataldemexico.com\/index.php\/2024\/02\/12\/con-poderoso-mensaje-angelique-boyer-y-sebastian-rulli-aclaran-si-se-acabo-el-amor\/#respond"]}]},{"@type":"WebPage","@id":"https:\/\/elestataldemexico.com\/index.php\/2024\/02\/12\/con-poderoso-mensaje-angelique-boyer-y-sebastian-rulli-aclaran-si-se-acabo-el-amor\/","url":"https:\/\/elestataldemexico.com\/index.php\/2024\/02\/12\/con-poderoso-mensaje-angelique-boyer-y-sebastian-rulli-aclaran-si-se-acabo-el-amor\/","name":"Con poderoso mensaje, Angelique Boyer y Sebasti\u00e1n Rulli aclaran si se acab\u00f3 el amor - El Estatal de M\u00e9xico","isPartOf":{"@id":"https:\/\/elestataldemexico.com\/#website"},"primaryImageOfPage":{"@id":"https:\/\/elestataldemexico.com\/index.php\/2024\/02\/12\/con-poderoso-mensaje-angelique-boyer-y-sebastian-rulli-aclaran-si-se-acabo-el-amor\/#primaryimage"},"image":{"@id":"https:\/\/elestataldemexico.com\/index.php\/2024\/02\/12\/con-poderoso-mensaje-angelique-boyer-y-sebastian-rulli-aclaran-si-se-acabo-el-amor\/#primaryimage"},"thumbnailUrl":"https:\/\/elestataldemexico.com\/wp-content\/uploads\/2024\/02\/angelique-boyer-sebastian-rulli-siguen-juntos-083132.jpg","datePublished":"2024-02-12T15:56:19+00:00","breadcrumb":{"@id":"https:\/\/elestataldemexico.com\/index.php\/2024\/02\/12\/con-poderoso-mensaje-angelique-boyer-y-sebastian-rulli-aclaran-si-se-acabo-el-amor\/#breadcrumb"},"inLanguage":"es","potentialAction":[{"@type":"ReadAction","target":["https:\/\/elestataldemexico.com\/index.php\/2024\/02\/12\/con-poderoso-mensaje-angelique-boyer-y-sebastian-rulli-aclaran-si-se-acabo-el-amor\/"]}]},{"@type":"ImageObject","inLanguage":"es","@id":"https:\/\/elestataldemexico.com\/index.php\/2024\/02\/12\/con-poderoso-mensaje-angelique-boyer-y-sebastian-rulli-aclaran-si-se-acabo-el-amor\/#primaryimage","url":"https:\/\/elestataldemexico.com\/wp-content\/uploads\/2024\/02\/angelique-boyer-sebastian-rulli-siguen-juntos-083132.jpg","contentUrl":"https:\/\/elestataldemexico.com\/wp-content\/uploads\/2024\/02\/angelique-boyer-sebastian-rulli-siguen-juntos-083132.jpg","width":1200,"height":675},{"@type":"BreadcrumbList","@id":"https:\/\/elestataldemexico.com\/index.php\/2024\/02\/12\/con-poderoso-mensaje-angelique-boyer-y-sebastian-rulli-aclaran-si-se-acabo-el-amor\/#breadcrumb","itemListElement":[{"@type":"ListItem","position":1,"name":"Portada","item":"https:\/\/elestataldemexico.com\/"},{"@type":"ListItem","position":2,"name":"Con poderoso mensaje, Angelique Boyer y Sebasti\u00e1n Rulli aclaran si se acab\u00f3 el amor"}]},{"@type":"WebSite","@id":"https:\/\/elestataldemexico.com\/#website","url":"https:\/\/elestataldemexico.com\/","name":"El Estatal de M\u00e9xico","description":"","publisher":{"@id":"https:\/\/elestataldemexico.com\/#organization"},"potentialAction":[{"@type":"SearchAction","target":{"@type":"EntryPoint","urlTemplate":"https:\/\/elestataldemexico.com\/?s={search_term_string}"},"query-input":{"@type":"PropertyValueSpecification","valueRequired":true,"valueName":"search_term_string"}}],"inLanguage":"es"},{"@type":"Organization","@id":"https:\/\/elestataldemexico.com\/#organization","name":"El Estatal de M\u00e9xico","url":"https:\/\/elestataldemexico.com\/","logo":{"@type":"ImageObject","inLanguage":"es","@id":"https:\/\/elestataldemexico.com\/#\/schema\/logo\/image\/","url":"https:\/\/elestataldemexico.com\/wp-content\/uploads\/2025\/05\/cropped-elestatal.png","contentUrl":"https:\/\/elestataldemexico.com\/wp-content\/uploads\/2025\/05\/cropped-elestatal.png","width":504,"height":97,"caption":"El Estatal de M\u00e9xico"},"image":{"@id":"https:\/\/elestataldemexico.com\/#\/schema\/logo\/image\/"}},{"@type":"Person","@id":"https:\/\/elestataldemexico.com\/#\/schema\/person\/6c7813c13d2c1571771f592f0fe866bb","name":"admin","image":{"@type":"ImageObject","inLanguage":"es","@id":"https:\/\/secure.gravatar.com\/avatar\/d5ed2db9923a3ad3c0a47f6b3aec7abcb43924b9322251ade16472fc06f7bb5b?s=96&d=mm&r=g","url":"https:\/\/secure.gravatar.com\/avatar\/d5ed2db9923a3ad3c0a47f6b3aec7abcb43924b9322251ade16472fc06f7bb5b?s=96&d=mm&r=g","contentUrl":"https:\/\/secure.gravatar.com\/avatar\/d5ed2db9923a3ad3c0a47f6b3aec7abcb43924b9322251ade16472fc06f7bb5b?s=96&d=mm&r=g","caption":"admin"},"sameAs":["https:\/\/elestataldemexico.com"],"url":"https:\/\/elestataldemexico.com\/index.php\/author\/info_qk62m3p3\/"}]}},"_links":{"self":[{"href":"https:\/\/elestataldemexico.com\/index.php\/wp-json\/wp\/v2\/posts\/20680","targetHints":{"allow":["GET"]}}],"collection":[{"href":"https:\/\/elestataldemexico.com\/index.php\/wp-json\/wp\/v2\/posts"}],"about":[{"href":"https:\/\/elestataldemexico.com\/index.php\/wp-json\/wp\/v2\/types\/post"}],"author":[{"embeddable":true,"href":"https:\/\/elestataldemexico.com\/index.php\/wp-json\/wp\/v2\/users\/1"}],"replies":[{"embeddable":true,"href":"https:\/\/elestataldemexico.com\/index.php\/wp-json\/wp\/v2\/comments?post=20680"}],"version-history":[{"count":0,"href":"https:\/\/elestataldemexico.com\/index.php\/wp-json\/wp\/v2\/posts\/20680\/revisions"}],"wp:featuredmedia":[{"embeddable":true,"href":"https:\/\/elestataldemexico.com\/index.php\/wp-json\/wp\/v2\/media\/20682"}],"wp:attachment":[{"href":"https:\/\/elestataldemexico.com\/index.php\/wp-json\/wp\/v2\/media?parent=20680"}],"wp:term":[{"taxonomy":"category","embeddable":true,"href":"https:\/\/elestataldemexico.com\/index.php\/wp-json\/wp\/v2\/categories?post=20680"},{"taxonomy":"post_tag","embeddable":true,"href":"https:\/\/elestataldemexico.com\/index.php\/wp-json\/wp\/v2\/tags?post=20680"}],"curies":[{"name":"wp","href":"https:\/\/api.w.org\/{rel}","templated":true}]}}