{"id":20379,"date":"2024-01-25T12:57:04","date_gmt":"2024-01-25T17:57:04","guid":{"rendered":"https:\/\/podernacional.com\/?p=20379"},"modified":"2024-01-25T12:57:04","modified_gmt":"2024-01-25T17:57:04","slug":"eric-clapton-regresa-a-mexico-con-concierto-en-octubre","status":"publish","type":"post","link":"https:\/\/elestataldemexico.com\/index.php\/2024\/01\/25\/eric-clapton-regresa-a-mexico-con-concierto-en-octubre\/","title":{"rendered":"Eric Clapton regresa a M\u00e9xico con concierto en octubre"},"content":{"rendered":"<p>Eric Clapton regresar\u00e1 a M\u00e9xico con un concierto que ofrecer\u00e1 el pr\u00f3ximo 3 de octubre en el Foro Sol de la Ciudad de M\u00e9xico.<\/p>\n<p>Se trata del regreso del artista a M\u00e9xico despu\u00e9s de 23 a\u00f1os pues la \u00faltima vez que pis\u00f3 suelo mexicano fue en 2001 con el Reptile World Tour.<\/p>\n<p>En este concierto, los fan\u00e1ticos podr\u00e1n presenciar los grandes \u00e9xitos del cantautor que, adem\u00e1s, se han convertido en parte de la historia del rock y el blues.<\/p>\n<p>Los boletos para esta presentaci\u00f3n estar\u00e1n disponibles a partir del mi\u00e9rcoles 31 de enero en preventa mientras que la venta general comenzar\u00e1 el jueves 1 de febrero en taquilla y v\u00eda web.<\/p>\n","protected":false},"excerpt":{"rendered":"<p>Eric Clapton regresar\u00e1 a M\u00e9xico con un concierto que ofrecer\u00e1 el pr\u00f3ximo 3 de octubre en el Foro<\/p>\n","protected":false},"author":1,"featured_media":20381,"comment_status":"open","ping_status":"closed","sticky":false,"template":"","format":"standard","meta":{"footnotes":""},"categories":[11],"tags":[],"class_list":["post-20379","post","type-post","status-publish","format-standard","has-post-thumbnail","hentry","category-espectaculos"],"yoast_head":"<!-- This site is optimized with the Yoast SEO plugin v27.5 - https:\/\/yoast.com\/product\/yoast-seo-wordpress\/ -->\n<title>Eric Clapton regresa a M\u00e9xico con concierto en octubre - El Estatal de M\u00e9xico<\/title>\n<meta name=\"robots\" content=\"index, follow, max-snippet:-1, max-image-preview:large, max-video-preview:-1\" \/>\n<link rel=\"canonical\" href=\"https:\/\/elestataldemexico.com\/index.php\/2024\/01\/25\/eric-clapton-regresa-a-mexico-con-concierto-en-octubre\/\" \/>\n<meta property=\"og:locale\" content=\"es_ES\" \/>\n<meta property=\"og:type\" content=\"article\" \/>\n<meta property=\"og:title\" content=\"Eric Clapton regresa a M\u00e9xico con concierto en octubre - El Estatal de M\u00e9xico\" \/>\n<meta property=\"og:description\" content=\"Eric Clapton regresar\u00e1 a M\u00e9xico con un concierto que ofrecer\u00e1 el pr\u00f3ximo 3 de octubre en el Foro\" \/>\n<meta property=\"og:url\" content=\"https:\/\/elestataldemexico.com\/index.php\/2024\/01\/25\/eric-clapton-regresa-a-mexico-con-concierto-en-octubre\/\" \/>\n<meta property=\"og:site_name\" content=\"El Estatal de M\u00e9xico\" \/>\n<meta property=\"article:published_time\" content=\"2024-01-25T17:57:04+00:00\" \/>\n<meta property=\"og:image\" content=\"https:\/\/elestataldemexico.com\/wp-content\/uploads\/2024\/01\/Eric-Clapton.jpg\" \/>\n\t<meta property=\"og:image:width\" content=\"1140\" \/>\n\t<meta property=\"og:image:height\" content=\"712\" \/>\n\t<meta property=\"og:image:type\" content=\"image\/jpeg\" \/>\n<meta name=\"author\" content=\"admin\" \/>\n<meta name=\"twitter:card\" content=\"summary_large_image\" \/>\n<meta name=\"twitter:label1\" content=\"Escrito por\" \/>\n\t<meta name=\"twitter:data1\" content=\"admin\" \/>\n\t<meta name=\"twitter:label2\" content=\"Tiempo de lectura\" \/>\n\t<meta name=\"twitter:data2\" content=\"1 minuto\" \/>\n<script type=\"application\/ld+json\" class=\"yoast-schema-graph\">{\"@context\":\"https:\\\/\\\/schema.org\",\"@graph\":[{\"@type\":\"Article\",\"@id\":\"https:\\\/\\\/elestataldemexico.com\\\/index.php\\\/2024\\\/01\\\/25\\\/eric-clapton-regresa-a-mexico-con-concierto-en-octubre\\\/#article\",\"isPartOf\":{\"@id\":\"https:\\\/\\\/elestataldemexico.com\\\/index.php\\\/2024\\\/01\\\/25\\\/eric-clapton-regresa-a-mexico-con-concierto-en-octubre\\\/\"},\"author\":{\"name\":\"admin\",\"@id\":\"https:\\\/\\\/elestataldemexico.com\\\/#\\\/schema\\\/person\\\/6c7813c13d2c1571771f592f0fe866bb\"},\"headline\":\"Eric Clapton regresa a M\u00e9xico con concierto en octubre\",\"datePublished\":\"2024-01-25T17:57:04+00:00\",\"mainEntityOfPage\":{\"@id\":\"https:\\\/\\\/elestataldemexico.com\\\/index.php\\\/2024\\\/01\\\/25\\\/eric-clapton-regresa-a-mexico-con-concierto-en-octubre\\\/\"},\"wordCount\":129,\"commentCount\":0,\"publisher\":{\"@id\":\"https:\\\/\\\/elestataldemexico.com\\\/#organization\"},\"image\":{\"@id\":\"https:\\\/\\\/elestataldemexico.com\\\/index.php\\\/2024\\\/01\\\/25\\\/eric-clapton-regresa-a-mexico-con-concierto-en-octubre\\\/#primaryimage\"},\"thumbnailUrl\":\"https:\\\/\\\/elestataldemexico.com\\\/wp-content\\\/uploads\\\/2024\\\/01\\\/Eric-Clapton.jpg\",\"articleSection\":[\"Espectaculos\"],\"inLanguage\":\"es\",\"potentialAction\":[{\"@type\":\"CommentAction\",\"name\":\"Comment\",\"target\":[\"https:\\\/\\\/elestataldemexico.com\\\/index.php\\\/2024\\\/01\\\/25\\\/eric-clapton-regresa-a-mexico-con-concierto-en-octubre\\\/#respond\"]}]},{\"@type\":\"WebPage\",\"@id\":\"https:\\\/\\\/elestataldemexico.com\\\/index.php\\\/2024\\\/01\\\/25\\\/eric-clapton-regresa-a-mexico-con-concierto-en-octubre\\\/\",\"url\":\"https:\\\/\\\/elestataldemexico.com\\\/index.php\\\/2024\\\/01\\\/25\\\/eric-clapton-regresa-a-mexico-con-concierto-en-octubre\\\/\",\"name\":\"Eric Clapton regresa a M\u00e9xico con concierto en octubre - El Estatal de M\u00e9xico\",\"isPartOf\":{\"@id\":\"https:\\\/\\\/elestataldemexico.com\\\/#website\"},\"primaryImageOfPage\":{\"@id\":\"https:\\\/\\\/elestataldemexico.com\\\/index.php\\\/2024\\\/01\\\/25\\\/eric-clapton-regresa-a-mexico-con-concierto-en-octubre\\\/#primaryimage\"},\"image\":{\"@id\":\"https:\\\/\\\/elestataldemexico.com\\\/index.php\\\/2024\\\/01\\\/25\\\/eric-clapton-regresa-a-mexico-con-concierto-en-octubre\\\/#primaryimage\"},\"thumbnailUrl\":\"https:\\\/\\\/elestataldemexico.com\\\/wp-content\\\/uploads\\\/2024\\\/01\\\/Eric-Clapton.jpg\",\"datePublished\":\"2024-01-25T17:57:04+00:00\",\"breadcrumb\":{\"@id\":\"https:\\\/\\\/elestataldemexico.com\\\/index.php\\\/2024\\\/01\\\/25\\\/eric-clapton-regresa-a-mexico-con-concierto-en-octubre\\\/#breadcrumb\"},\"inLanguage\":\"es\",\"potentialAction\":[{\"@type\":\"ReadAction\",\"target\":[\"https:\\\/\\\/elestataldemexico.com\\\/index.php\\\/2024\\\/01\\\/25\\\/eric-clapton-regresa-a-mexico-con-concierto-en-octubre\\\/\"]}]},{\"@type\":\"ImageObject\",\"inLanguage\":\"es\",\"@id\":\"https:\\\/\\\/elestataldemexico.com\\\/index.php\\\/2024\\\/01\\\/25\\\/eric-clapton-regresa-a-mexico-con-concierto-en-octubre\\\/#primaryimage\",\"url\":\"https:\\\/\\\/elestataldemexico.com\\\/wp-content\\\/uploads\\\/2024\\\/01\\\/Eric-Clapton.jpg\",\"contentUrl\":\"https:\\\/\\\/elestataldemexico.com\\\/wp-content\\\/uploads\\\/2024\\\/01\\\/Eric-Clapton.jpg\",\"width\":1140,\"height\":712},{\"@type\":\"BreadcrumbList\",\"@id\":\"https:\\\/\\\/elestataldemexico.com\\\/index.php\\\/2024\\\/01\\\/25\\\/eric-clapton-regresa-a-mexico-con-concierto-en-octubre\\\/#breadcrumb\",\"itemListElement\":[{\"@type\":\"ListItem\",\"position\":1,\"name\":\"Portada\",\"item\":\"https:\\\/\\\/elestataldemexico.com\\\/\"},{\"@type\":\"ListItem\",\"position\":2,\"name\":\"Eric Clapton regresa a M\u00e9xico con concierto en octubre\"}]},{\"@type\":\"WebSite\",\"@id\":\"https:\\\/\\\/elestataldemexico.com\\\/#website\",\"url\":\"https:\\\/\\\/elestataldemexico.com\\\/\",\"name\":\"El Estatal de M\u00e9xico\",\"description\":\"\",\"publisher\":{\"@id\":\"https:\\\/\\\/elestataldemexico.com\\\/#organization\"},\"potentialAction\":[{\"@type\":\"SearchAction\",\"target\":{\"@type\":\"EntryPoint\",\"urlTemplate\":\"https:\\\/\\\/elestataldemexico.com\\\/?s={search_term_string}\"},\"query-input\":{\"@type\":\"PropertyValueSpecification\",\"valueRequired\":true,\"valueName\":\"search_term_string\"}}],\"inLanguage\":\"es\"},{\"@type\":\"Organization\",\"@id\":\"https:\\\/\\\/elestataldemexico.com\\\/#organization\",\"name\":\"El Estatal de M\u00e9xico\",\"url\":\"https:\\\/\\\/elestataldemexico.com\\\/\",\"logo\":{\"@type\":\"ImageObject\",\"inLanguage\":\"es\",\"@id\":\"https:\\\/\\\/elestataldemexico.com\\\/#\\\/schema\\\/logo\\\/image\\\/\",\"url\":\"https:\\\/\\\/elestataldemexico.com\\\/wp-content\\\/uploads\\\/2025\\\/05\\\/cropped-elestatal.png\",\"contentUrl\":\"https:\\\/\\\/elestataldemexico.com\\\/wp-content\\\/uploads\\\/2025\\\/05\\\/cropped-elestatal.png\",\"width\":504,\"height\":97,\"caption\":\"El Estatal de M\u00e9xico\"},\"image\":{\"@id\":\"https:\\\/\\\/elestataldemexico.com\\\/#\\\/schema\\\/logo\\\/image\\\/\"}},{\"@type\":\"Person\",\"@id\":\"https:\\\/\\\/elestataldemexico.com\\\/#\\\/schema\\\/person\\\/6c7813c13d2c1571771f592f0fe866bb\",\"name\":\"admin\",\"image\":{\"@type\":\"ImageObject\",\"inLanguage\":\"es\",\"@id\":\"https:\\\/\\\/secure.gravatar.com\\\/avatar\\\/d5ed2db9923a3ad3c0a47f6b3aec7abcb43924b9322251ade16472fc06f7bb5b?s=96&d=mm&r=g\",\"url\":\"https:\\\/\\\/secure.gravatar.com\\\/avatar\\\/d5ed2db9923a3ad3c0a47f6b3aec7abcb43924b9322251ade16472fc06f7bb5b?s=96&d=mm&r=g\",\"contentUrl\":\"https:\\\/\\\/secure.gravatar.com\\\/avatar\\\/d5ed2db9923a3ad3c0a47f6b3aec7abcb43924b9322251ade16472fc06f7bb5b?s=96&d=mm&r=g\",\"caption\":\"admin\"},\"sameAs\":[\"https:\\\/\\\/elestataldemexico.com\"],\"url\":\"https:\\\/\\\/elestataldemexico.com\\\/index.php\\\/author\\\/info_qk62m3p3\\\/\"}]}<\/script>\n<!-- \/ Yoast SEO plugin. -->","yoast_head_json":{"title":"Eric Clapton regresa a M\u00e9xico con concierto en octubre - El Estatal de M\u00e9xico","robots":{"index":"index","follow":"follow","max-snippet":"max-snippet:-1","max-image-preview":"max-image-preview:large","max-video-preview":"max-video-preview:-1"},"canonical":"https:\/\/elestataldemexico.com\/index.php\/2024\/01\/25\/eric-clapton-regresa-a-mexico-con-concierto-en-octubre\/","og_locale":"es_ES","og_type":"article","og_title":"Eric Clapton regresa a M\u00e9xico con concierto en octubre - El Estatal de M\u00e9xico","og_description":"Eric Clapton regresar\u00e1 a M\u00e9xico con un concierto que ofrecer\u00e1 el pr\u00f3ximo 3 de octubre en el Foro","og_url":"https:\/\/elestataldemexico.com\/index.php\/2024\/01\/25\/eric-clapton-regresa-a-mexico-con-concierto-en-octubre\/","og_site_name":"El Estatal de M\u00e9xico","article_published_time":"2024-01-25T17:57:04+00:00","og_image":[{"width":1140,"height":712,"url":"https:\/\/elestataldemexico.com\/wp-content\/uploads\/2024\/01\/Eric-Clapton.jpg","type":"image\/jpeg"}],"author":"admin","twitter_card":"summary_large_image","twitter_misc":{"Escrito por":"admin","Tiempo de lectura":"1 minuto"},"schema":{"@context":"https:\/\/schema.org","@graph":[{"@type":"Article","@id":"https:\/\/elestataldemexico.com\/index.php\/2024\/01\/25\/eric-clapton-regresa-a-mexico-con-concierto-en-octubre\/#article","isPartOf":{"@id":"https:\/\/elestataldemexico.com\/index.php\/2024\/01\/25\/eric-clapton-regresa-a-mexico-con-concierto-en-octubre\/"},"author":{"name":"admin","@id":"https:\/\/elestataldemexico.com\/#\/schema\/person\/6c7813c13d2c1571771f592f0fe866bb"},"headline":"Eric Clapton regresa a M\u00e9xico con concierto en octubre","datePublished":"2024-01-25T17:57:04+00:00","mainEntityOfPage":{"@id":"https:\/\/elestataldemexico.com\/index.php\/2024\/01\/25\/eric-clapton-regresa-a-mexico-con-concierto-en-octubre\/"},"wordCount":129,"commentCount":0,"publisher":{"@id":"https:\/\/elestataldemexico.com\/#organization"},"image":{"@id":"https:\/\/elestataldemexico.com\/index.php\/2024\/01\/25\/eric-clapton-regresa-a-mexico-con-concierto-en-octubre\/#primaryimage"},"thumbnailUrl":"https:\/\/elestataldemexico.com\/wp-content\/uploads\/2024\/01\/Eric-Clapton.jpg","articleSection":["Espectaculos"],"inLanguage":"es","potentialAction":[{"@type":"CommentAction","name":"Comment","target":["https:\/\/elestataldemexico.com\/index.php\/2024\/01\/25\/eric-clapton-regresa-a-mexico-con-concierto-en-octubre\/#respond"]}]},{"@type":"WebPage","@id":"https:\/\/elestataldemexico.com\/index.php\/2024\/01\/25\/eric-clapton-regresa-a-mexico-con-concierto-en-octubre\/","url":"https:\/\/elestataldemexico.com\/index.php\/2024\/01\/25\/eric-clapton-regresa-a-mexico-con-concierto-en-octubre\/","name":"Eric Clapton regresa a M\u00e9xico con concierto en octubre - El Estatal de M\u00e9xico","isPartOf":{"@id":"https:\/\/elestataldemexico.com\/#website"},"primaryImageOfPage":{"@id":"https:\/\/elestataldemexico.com\/index.php\/2024\/01\/25\/eric-clapton-regresa-a-mexico-con-concierto-en-octubre\/#primaryimage"},"image":{"@id":"https:\/\/elestataldemexico.com\/index.php\/2024\/01\/25\/eric-clapton-regresa-a-mexico-con-concierto-en-octubre\/#primaryimage"},"thumbnailUrl":"https:\/\/elestataldemexico.com\/wp-content\/uploads\/2024\/01\/Eric-Clapton.jpg","datePublished":"2024-01-25T17:57:04+00:00","breadcrumb":{"@id":"https:\/\/elestataldemexico.com\/index.php\/2024\/01\/25\/eric-clapton-regresa-a-mexico-con-concierto-en-octubre\/#breadcrumb"},"inLanguage":"es","potentialAction":[{"@type":"ReadAction","target":["https:\/\/elestataldemexico.com\/index.php\/2024\/01\/25\/eric-clapton-regresa-a-mexico-con-concierto-en-octubre\/"]}]},{"@type":"ImageObject","inLanguage":"es","@id":"https:\/\/elestataldemexico.com\/index.php\/2024\/01\/25\/eric-clapton-regresa-a-mexico-con-concierto-en-octubre\/#primaryimage","url":"https:\/\/elestataldemexico.com\/wp-content\/uploads\/2024\/01\/Eric-Clapton.jpg","contentUrl":"https:\/\/elestataldemexico.com\/wp-content\/uploads\/2024\/01\/Eric-Clapton.jpg","width":1140,"height":712},{"@type":"BreadcrumbList","@id":"https:\/\/elestataldemexico.com\/index.php\/2024\/01\/25\/eric-clapton-regresa-a-mexico-con-concierto-en-octubre\/#breadcrumb","itemListElement":[{"@type":"ListItem","position":1,"name":"Portada","item":"https:\/\/elestataldemexico.com\/"},{"@type":"ListItem","position":2,"name":"Eric Clapton regresa a M\u00e9xico con concierto en octubre"}]},{"@type":"WebSite","@id":"https:\/\/elestataldemexico.com\/#website","url":"https:\/\/elestataldemexico.com\/","name":"El Estatal de M\u00e9xico","description":"","publisher":{"@id":"https:\/\/elestataldemexico.com\/#organization"},"potentialAction":[{"@type":"SearchAction","target":{"@type":"EntryPoint","urlTemplate":"https:\/\/elestataldemexico.com\/?s={search_term_string}"},"query-input":{"@type":"PropertyValueSpecification","valueRequired":true,"valueName":"search_term_string"}}],"inLanguage":"es"},{"@type":"Organization","@id":"https:\/\/elestataldemexico.com\/#organization","name":"El Estatal de M\u00e9xico","url":"https:\/\/elestataldemexico.com\/","logo":{"@type":"ImageObject","inLanguage":"es","@id":"https:\/\/elestataldemexico.com\/#\/schema\/logo\/image\/","url":"https:\/\/elestataldemexico.com\/wp-content\/uploads\/2025\/05\/cropped-elestatal.png","contentUrl":"https:\/\/elestataldemexico.com\/wp-content\/uploads\/2025\/05\/cropped-elestatal.png","width":504,"height":97,"caption":"El Estatal de M\u00e9xico"},"image":{"@id":"https:\/\/elestataldemexico.com\/#\/schema\/logo\/image\/"}},{"@type":"Person","@id":"https:\/\/elestataldemexico.com\/#\/schema\/person\/6c7813c13d2c1571771f592f0fe866bb","name":"admin","image":{"@type":"ImageObject","inLanguage":"es","@id":"https:\/\/secure.gravatar.com\/avatar\/d5ed2db9923a3ad3c0a47f6b3aec7abcb43924b9322251ade16472fc06f7bb5b?s=96&d=mm&r=g","url":"https:\/\/secure.gravatar.com\/avatar\/d5ed2db9923a3ad3c0a47f6b3aec7abcb43924b9322251ade16472fc06f7bb5b?s=96&d=mm&r=g","contentUrl":"https:\/\/secure.gravatar.com\/avatar\/d5ed2db9923a3ad3c0a47f6b3aec7abcb43924b9322251ade16472fc06f7bb5b?s=96&d=mm&r=g","caption":"admin"},"sameAs":["https:\/\/elestataldemexico.com"],"url":"https:\/\/elestataldemexico.com\/index.php\/author\/info_qk62m3p3\/"}]}},"_links":{"self":[{"href":"https:\/\/elestataldemexico.com\/index.php\/wp-json\/wp\/v2\/posts\/20379","targetHints":{"allow":["GET"]}}],"collection":[{"href":"https:\/\/elestataldemexico.com\/index.php\/wp-json\/wp\/v2\/posts"}],"about":[{"href":"https:\/\/elestataldemexico.com\/index.php\/wp-json\/wp\/v2\/types\/post"}],"author":[{"embeddable":true,"href":"https:\/\/elestataldemexico.com\/index.php\/wp-json\/wp\/v2\/users\/1"}],"replies":[{"embeddable":true,"href":"https:\/\/elestataldemexico.com\/index.php\/wp-json\/wp\/v2\/comments?post=20379"}],"version-history":[{"count":0,"href":"https:\/\/elestataldemexico.com\/index.php\/wp-json\/wp\/v2\/posts\/20379\/revisions"}],"wp:featuredmedia":[{"embeddable":true,"href":"https:\/\/elestataldemexico.com\/index.php\/wp-json\/wp\/v2\/media\/20381"}],"wp:attachment":[{"href":"https:\/\/elestataldemexico.com\/index.php\/wp-json\/wp\/v2\/media?parent=20379"}],"wp:term":[{"taxonomy":"category","embeddable":true,"href":"https:\/\/elestataldemexico.com\/index.php\/wp-json\/wp\/v2\/categories?post=20379"},{"taxonomy":"post_tag","embeddable":true,"href":"https:\/\/elestataldemexico.com\/index.php\/wp-json\/wp\/v2\/tags?post=20379"}],"curies":[{"name":"wp","href":"https:\/\/api.w.org\/{rel}","templated":true}]}}