{"id":20021,"date":"2024-01-03T21:05:47","date_gmt":"2024-01-04T02:05:47","guid":{"rendered":"https:\/\/podernacional.com\/?p=20021"},"modified":"2024-01-03T21:05:47","modified_gmt":"2024-01-04T02:05:47","slug":"adios-tv-azteca-reportan-que-produccion-de-ventaneando-saco-del-aire-a-daniel-bisogno","status":"publish","type":"post","link":"https:\/\/elestataldemexico.com\/index.php\/2024\/01\/03\/adios-tv-azteca-reportan-que-produccion-de-ventaneando-saco-del-aire-a-daniel-bisogno\/","title":{"rendered":"Adi\u00f3s TV Azteca: Reportan que producci\u00f3n de &#8216;Ventaneando&#8217; sac\u00f3 del aire a Daniel Bisogno"},"content":{"rendered":"<header class=\"main-article--header\">\n<h4 class=\"bajada\" style=\"text-align: center;\">Aurora Valle asegura que Daniel Bisogno abandon\u00f3 el foro de &#8216;Ventaneando&#8217; por decisi\u00f3n de la producci\u00f3n del programa<\/h4>\n<\/header>\n<div class=\"margen-top1\">\n<p>Hace un par de d\u00edas\u00a0<strong>Daniel Bisogno\u00a0<\/strong>despert\u00f3 rumores de un posible despido de\u00a0<strong>TV Azteca<\/strong>\u00a0debido a un misterioso mensaje que colg\u00f3 en sus redes sociales. Tras la incertidumbre y chismes que surgieron, ahora\u00a0se revel\u00f3 cu\u00e1l es la verdadera raz\u00f3n por la que el llamado &#8216;Mu\u00f1eco&#8217; no ha aparecido en el programa\u00a0<strong><em>Ventaneando<\/em><\/strong>\u00a0durante el arranque de este 2024.<\/p>\n<div class=\"content-banner\"><\/div>\n<p>En d\u00edas pasados el presentador de 50 a\u00f1os comparti\u00f3 un contundente mensaje para anunciar que se tomar\u00eda unas vacaciones, pero las palabras que us\u00f3 despertaron rumores sobre haber sido despedido: \u00abAhora s\u00ed, \u00a1a la ching\u2026 todo y todos! A recargar mente y esp\u00edritu. Pd. Feliz A\u00f1o\u00bb, escribi\u00f3 Bisogno sobre una imagen en la que mostraba que se encontraba en el aeropuerto de la CDMX.<\/p>\n<p>Aunque muchos pensaron que Daniel hab\u00eda sido despedido o que \u00e9l mismo renunci\u00f3, de acuerdo con informaci\u00f3n de Aurora Valle, la producci\u00f3n de\u00a0<em>Ventaneando<\/em>\u00a0s\u00ed sac\u00f3 del aire a este presentador pero no por lo que todos piensan. Al parecer, los jefes de Daniel lo quieren cuidar y por ello le pidieron que se tomara unos d\u00edas de descanso: \u00abYo me enter\u00e9 que la producci\u00f3n de &#8216;Ventaneando&#8217; le hab\u00eda dicho a Bisogno, en buen plan, desde que se enferm\u00f3 y recay\u00f3, le dijeron &#8216;t\u00f3mate unos d\u00edas, no es necesario que est\u00e9s en el programa'\u00bb.<\/p>\n<p>Supuestamente, los ejecutivos de TV Azteca autorizaron que<strong>\u00a0&#8216;El Mu\u00f1eco&#8217; saliera del aire\u00a0<\/strong>con goce de sueldo, pues est\u00e1n interesados en que se recupere por completo luego de haber estado al borde de la muerte en 2023: \u00abAdem\u00e1s le est\u00e1n ofreciendo vacaciones con goce de sueldo,\u00a0<strong>no le van a quitar el trabajo<\/strong>\u00a0porque es importante que est\u00e9 en &#8216;Ventaneando&#8217; pero que est\u00e9 bien\u00bb, expuso Aurora Valle.<\/p>\n<div class=\"content-banner\"><\/div>\n<p>Acto seguido, la presentadora record\u00f3 que cuando ella trabajaba en\u00a0<em>Ventaneando<\/em>\u00a0le hac\u00edan burlas a Daniel porque todo el tiempo quer\u00eda estar trabajando: \u00abNo quer\u00eda dejar de salir en la tele o de trabajar\u00bb. Adem\u00e1s, Aurora mencion\u00f3 que ya hac\u00eda tiempo que le hab\u00edan dicho a Daniel que dejara de trabajar pero \u00e9l se resist\u00eda: \u00abParece que le dijeron, &#8216;t\u00f3mate unos d\u00edas, recup\u00e9rate bien&#8217; y \u00e9l dijo &#8216;no, pero c\u00f3mo, si yo he estado aqu\u00ed tanto tiempo&#8217; y por eso es que sigui\u00f3 yendo aunque f\u00edsicamente no estaba en las condiciones, porque\u00a0<strong>se ve demacrado<\/strong>\u00ab.<\/p>\n<\/div>\n<div class=\"main-article--body\"><\/div>\n","protected":false},"excerpt":{"rendered":"<p>Aurora Valle asegura que Daniel Bisogno abandon\u00f3 el foro de &#8216;Ventaneando&#8217; por decisi\u00f3n de la producci\u00f3n del programa<\/p>\n","protected":false},"author":1,"featured_media":20023,"comment_status":"open","ping_status":"closed","sticky":false,"template":"","format":"standard","meta":{"footnotes":""},"categories":[11],"tags":[],"class_list":["post-20021","post","type-post","status-publish","format-standard","has-post-thumbnail","hentry","category-espectaculos"],"yoast_head":"<!-- This site is optimized with the Yoast SEO plugin v27.5 - https:\/\/yoast.com\/product\/yoast-seo-wordpress\/ -->\n<title>Adi\u00f3s TV Azteca: Reportan que producci\u00f3n de &#039;Ventaneando&#039; sac\u00f3 del aire a Daniel Bisogno - El Estatal de M\u00e9xico<\/title>\n<meta name=\"robots\" content=\"index, follow, max-snippet:-1, max-image-preview:large, max-video-preview:-1\" \/>\n<link rel=\"canonical\" href=\"https:\/\/elestataldemexico.com\/index.php\/2024\/01\/03\/adios-tv-azteca-reportan-que-produccion-de-ventaneando-saco-del-aire-a-daniel-bisogno\/\" \/>\n<meta property=\"og:locale\" content=\"es_ES\" \/>\n<meta property=\"og:type\" content=\"article\" \/>\n<meta property=\"og:title\" content=\"Adi\u00f3s TV Azteca: Reportan que producci\u00f3n de &#039;Ventaneando&#039; sac\u00f3 del aire a Daniel Bisogno - El Estatal de M\u00e9xico\" \/>\n<meta property=\"og:description\" content=\"Aurora Valle asegura que Daniel Bisogno abandon\u00f3 el foro de &#8216;Ventaneando&#8217; por decisi\u00f3n de la producci\u00f3n del programa\" \/>\n<meta property=\"og:url\" content=\"https:\/\/elestataldemexico.com\/index.php\/2024\/01\/03\/adios-tv-azteca-reportan-que-produccion-de-ventaneando-saco-del-aire-a-daniel-bisogno\/\" \/>\n<meta property=\"og:site_name\" content=\"El Estatal de M\u00e9xico\" \/>\n<meta property=\"article:published_time\" content=\"2024-01-04T02:05:47+00:00\" \/>\n<meta property=\"og:image\" content=\"https:\/\/elestataldemexico.com\/wp-content\/uploads\/2024\/01\/WhatsApp-Image-2024-01-03-at-9.05.22-PM.jpeg\" \/>\n\t<meta property=\"og:image:width\" content=\"378\" \/>\n\t<meta property=\"og:image:height\" content=\"205\" \/>\n\t<meta property=\"og:image:type\" content=\"image\/jpeg\" \/>\n<meta name=\"author\" content=\"admin\" \/>\n<meta name=\"twitter:card\" content=\"summary_large_image\" \/>\n<meta name=\"twitter:label1\" content=\"Escrito por\" \/>\n\t<meta name=\"twitter:data1\" content=\"admin\" \/>\n\t<meta name=\"twitter:label2\" content=\"Tiempo de lectura\" \/>\n\t<meta name=\"twitter:data2\" content=\"2 minutos\" \/>\n<script type=\"application\/ld+json\" class=\"yoast-schema-graph\">{\"@context\":\"https:\\\/\\\/schema.org\",\"@graph\":[{\"@type\":\"Article\",\"@id\":\"https:\\\/\\\/elestataldemexico.com\\\/index.php\\\/2024\\\/01\\\/03\\\/adios-tv-azteca-reportan-que-produccion-de-ventaneando-saco-del-aire-a-daniel-bisogno\\\/#article\",\"isPartOf\":{\"@id\":\"https:\\\/\\\/elestataldemexico.com\\\/index.php\\\/2024\\\/01\\\/03\\\/adios-tv-azteca-reportan-que-produccion-de-ventaneando-saco-del-aire-a-daniel-bisogno\\\/\"},\"author\":{\"name\":\"admin\",\"@id\":\"https:\\\/\\\/elestataldemexico.com\\\/#\\\/schema\\\/person\\\/6c7813c13d2c1571771f592f0fe866bb\"},\"headline\":\"Adi\u00f3s TV Azteca: Reportan que producci\u00f3n de &#8216;Ventaneando&#8217; sac\u00f3 del aire a Daniel Bisogno\",\"datePublished\":\"2024-01-04T02:05:47+00:00\",\"mainEntityOfPage\":{\"@id\":\"https:\\\/\\\/elestataldemexico.com\\\/index.php\\\/2024\\\/01\\\/03\\\/adios-tv-azteca-reportan-que-produccion-de-ventaneando-saco-del-aire-a-daniel-bisogno\\\/\"},\"wordCount\":448,\"commentCount\":0,\"publisher\":{\"@id\":\"https:\\\/\\\/elestataldemexico.com\\\/#organization\"},\"image\":{\"@id\":\"https:\\\/\\\/elestataldemexico.com\\\/index.php\\\/2024\\\/01\\\/03\\\/adios-tv-azteca-reportan-que-produccion-de-ventaneando-saco-del-aire-a-daniel-bisogno\\\/#primaryimage\"},\"thumbnailUrl\":\"https:\\\/\\\/elestataldemexico.com\\\/wp-content\\\/uploads\\\/2024\\\/01\\\/WhatsApp-Image-2024-01-03-at-9.05.22-PM.jpeg\",\"articleSection\":[\"Espectaculos\"],\"inLanguage\":\"es\",\"potentialAction\":[{\"@type\":\"CommentAction\",\"name\":\"Comment\",\"target\":[\"https:\\\/\\\/elestataldemexico.com\\\/index.php\\\/2024\\\/01\\\/03\\\/adios-tv-azteca-reportan-que-produccion-de-ventaneando-saco-del-aire-a-daniel-bisogno\\\/#respond\"]}]},{\"@type\":\"WebPage\",\"@id\":\"https:\\\/\\\/elestataldemexico.com\\\/index.php\\\/2024\\\/01\\\/03\\\/adios-tv-azteca-reportan-que-produccion-de-ventaneando-saco-del-aire-a-daniel-bisogno\\\/\",\"url\":\"https:\\\/\\\/elestataldemexico.com\\\/index.php\\\/2024\\\/01\\\/03\\\/adios-tv-azteca-reportan-que-produccion-de-ventaneando-saco-del-aire-a-daniel-bisogno\\\/\",\"name\":\"Adi\u00f3s TV Azteca: Reportan que producci\u00f3n de 'Ventaneando' sac\u00f3 del aire a Daniel Bisogno - El Estatal de M\u00e9xico\",\"isPartOf\":{\"@id\":\"https:\\\/\\\/elestataldemexico.com\\\/#website\"},\"primaryImageOfPage\":{\"@id\":\"https:\\\/\\\/elestataldemexico.com\\\/index.php\\\/2024\\\/01\\\/03\\\/adios-tv-azteca-reportan-que-produccion-de-ventaneando-saco-del-aire-a-daniel-bisogno\\\/#primaryimage\"},\"image\":{\"@id\":\"https:\\\/\\\/elestataldemexico.com\\\/index.php\\\/2024\\\/01\\\/03\\\/adios-tv-azteca-reportan-que-produccion-de-ventaneando-saco-del-aire-a-daniel-bisogno\\\/#primaryimage\"},\"thumbnailUrl\":\"https:\\\/\\\/elestataldemexico.com\\\/wp-content\\\/uploads\\\/2024\\\/01\\\/WhatsApp-Image-2024-01-03-at-9.05.22-PM.jpeg\",\"datePublished\":\"2024-01-04T02:05:47+00:00\",\"breadcrumb\":{\"@id\":\"https:\\\/\\\/elestataldemexico.com\\\/index.php\\\/2024\\\/01\\\/03\\\/adios-tv-azteca-reportan-que-produccion-de-ventaneando-saco-del-aire-a-daniel-bisogno\\\/#breadcrumb\"},\"inLanguage\":\"es\",\"potentialAction\":[{\"@type\":\"ReadAction\",\"target\":[\"https:\\\/\\\/elestataldemexico.com\\\/index.php\\\/2024\\\/01\\\/03\\\/adios-tv-azteca-reportan-que-produccion-de-ventaneando-saco-del-aire-a-daniel-bisogno\\\/\"]}]},{\"@type\":\"ImageObject\",\"inLanguage\":\"es\",\"@id\":\"https:\\\/\\\/elestataldemexico.com\\\/index.php\\\/2024\\\/01\\\/03\\\/adios-tv-azteca-reportan-que-produccion-de-ventaneando-saco-del-aire-a-daniel-bisogno\\\/#primaryimage\",\"url\":\"https:\\\/\\\/elestataldemexico.com\\\/wp-content\\\/uploads\\\/2024\\\/01\\\/WhatsApp-Image-2024-01-03-at-9.05.22-PM.jpeg\",\"contentUrl\":\"https:\\\/\\\/elestataldemexico.com\\\/wp-content\\\/uploads\\\/2024\\\/01\\\/WhatsApp-Image-2024-01-03-at-9.05.22-PM.jpeg\",\"width\":378,\"height\":205},{\"@type\":\"BreadcrumbList\",\"@id\":\"https:\\\/\\\/elestataldemexico.com\\\/index.php\\\/2024\\\/01\\\/03\\\/adios-tv-azteca-reportan-que-produccion-de-ventaneando-saco-del-aire-a-daniel-bisogno\\\/#breadcrumb\",\"itemListElement\":[{\"@type\":\"ListItem\",\"position\":1,\"name\":\"Portada\",\"item\":\"https:\\\/\\\/elestataldemexico.com\\\/\"},{\"@type\":\"ListItem\",\"position\":2,\"name\":\"Adi\u00f3s TV Azteca: Reportan que producci\u00f3n de &#8216;Ventaneando&#8217; sac\u00f3 del aire a Daniel Bisogno\"}]},{\"@type\":\"WebSite\",\"@id\":\"https:\\\/\\\/elestataldemexico.com\\\/#website\",\"url\":\"https:\\\/\\\/elestataldemexico.com\\\/\",\"name\":\"El Estatal de M\u00e9xico\",\"description\":\"\",\"publisher\":{\"@id\":\"https:\\\/\\\/elestataldemexico.com\\\/#organization\"},\"potentialAction\":[{\"@type\":\"SearchAction\",\"target\":{\"@type\":\"EntryPoint\",\"urlTemplate\":\"https:\\\/\\\/elestataldemexico.com\\\/?s={search_term_string}\"},\"query-input\":{\"@type\":\"PropertyValueSpecification\",\"valueRequired\":true,\"valueName\":\"search_term_string\"}}],\"inLanguage\":\"es\"},{\"@type\":\"Organization\",\"@id\":\"https:\\\/\\\/elestataldemexico.com\\\/#organization\",\"name\":\"El Estatal de M\u00e9xico\",\"url\":\"https:\\\/\\\/elestataldemexico.com\\\/\",\"logo\":{\"@type\":\"ImageObject\",\"inLanguage\":\"es\",\"@id\":\"https:\\\/\\\/elestataldemexico.com\\\/#\\\/schema\\\/logo\\\/image\\\/\",\"url\":\"https:\\\/\\\/elestataldemexico.com\\\/wp-content\\\/uploads\\\/2025\\\/05\\\/cropped-elestatal.png\",\"contentUrl\":\"https:\\\/\\\/elestataldemexico.com\\\/wp-content\\\/uploads\\\/2025\\\/05\\\/cropped-elestatal.png\",\"width\":504,\"height\":97,\"caption\":\"El Estatal de M\u00e9xico\"},\"image\":{\"@id\":\"https:\\\/\\\/elestataldemexico.com\\\/#\\\/schema\\\/logo\\\/image\\\/\"}},{\"@type\":\"Person\",\"@id\":\"https:\\\/\\\/elestataldemexico.com\\\/#\\\/schema\\\/person\\\/6c7813c13d2c1571771f592f0fe866bb\",\"name\":\"admin\",\"image\":{\"@type\":\"ImageObject\",\"inLanguage\":\"es\",\"@id\":\"https:\\\/\\\/secure.gravatar.com\\\/avatar\\\/d5ed2db9923a3ad3c0a47f6b3aec7abcb43924b9322251ade16472fc06f7bb5b?s=96&d=mm&r=g\",\"url\":\"https:\\\/\\\/secure.gravatar.com\\\/avatar\\\/d5ed2db9923a3ad3c0a47f6b3aec7abcb43924b9322251ade16472fc06f7bb5b?s=96&d=mm&r=g\",\"contentUrl\":\"https:\\\/\\\/secure.gravatar.com\\\/avatar\\\/d5ed2db9923a3ad3c0a47f6b3aec7abcb43924b9322251ade16472fc06f7bb5b?s=96&d=mm&r=g\",\"caption\":\"admin\"},\"sameAs\":[\"https:\\\/\\\/elestataldemexico.com\"],\"url\":\"https:\\\/\\\/elestataldemexico.com\\\/index.php\\\/author\\\/info_qk62m3p3\\\/\"}]}<\/script>\n<!-- \/ Yoast SEO plugin. -->","yoast_head_json":{"title":"Adi\u00f3s TV Azteca: Reportan que producci\u00f3n de 'Ventaneando' sac\u00f3 del aire a Daniel Bisogno - El Estatal de M\u00e9xico","robots":{"index":"index","follow":"follow","max-snippet":"max-snippet:-1","max-image-preview":"max-image-preview:large","max-video-preview":"max-video-preview:-1"},"canonical":"https:\/\/elestataldemexico.com\/index.php\/2024\/01\/03\/adios-tv-azteca-reportan-que-produccion-de-ventaneando-saco-del-aire-a-daniel-bisogno\/","og_locale":"es_ES","og_type":"article","og_title":"Adi\u00f3s TV Azteca: Reportan que producci\u00f3n de 'Ventaneando' sac\u00f3 del aire a Daniel Bisogno - El Estatal de M\u00e9xico","og_description":"Aurora Valle asegura que Daniel Bisogno abandon\u00f3 el foro de &#8216;Ventaneando&#8217; por decisi\u00f3n de la producci\u00f3n del programa","og_url":"https:\/\/elestataldemexico.com\/index.php\/2024\/01\/03\/adios-tv-azteca-reportan-que-produccion-de-ventaneando-saco-del-aire-a-daniel-bisogno\/","og_site_name":"El Estatal de M\u00e9xico","article_published_time":"2024-01-04T02:05:47+00:00","og_image":[{"width":378,"height":205,"url":"https:\/\/elestataldemexico.com\/wp-content\/uploads\/2024\/01\/WhatsApp-Image-2024-01-03-at-9.05.22-PM.jpeg","type":"image\/jpeg"}],"author":"admin","twitter_card":"summary_large_image","twitter_misc":{"Escrito por":"admin","Tiempo de lectura":"2 minutos"},"schema":{"@context":"https:\/\/schema.org","@graph":[{"@type":"Article","@id":"https:\/\/elestataldemexico.com\/index.php\/2024\/01\/03\/adios-tv-azteca-reportan-que-produccion-de-ventaneando-saco-del-aire-a-daniel-bisogno\/#article","isPartOf":{"@id":"https:\/\/elestataldemexico.com\/index.php\/2024\/01\/03\/adios-tv-azteca-reportan-que-produccion-de-ventaneando-saco-del-aire-a-daniel-bisogno\/"},"author":{"name":"admin","@id":"https:\/\/elestataldemexico.com\/#\/schema\/person\/6c7813c13d2c1571771f592f0fe866bb"},"headline":"Adi\u00f3s TV Azteca: Reportan que producci\u00f3n de &#8216;Ventaneando&#8217; sac\u00f3 del aire a Daniel Bisogno","datePublished":"2024-01-04T02:05:47+00:00","mainEntityOfPage":{"@id":"https:\/\/elestataldemexico.com\/index.php\/2024\/01\/03\/adios-tv-azteca-reportan-que-produccion-de-ventaneando-saco-del-aire-a-daniel-bisogno\/"},"wordCount":448,"commentCount":0,"publisher":{"@id":"https:\/\/elestataldemexico.com\/#organization"},"image":{"@id":"https:\/\/elestataldemexico.com\/index.php\/2024\/01\/03\/adios-tv-azteca-reportan-que-produccion-de-ventaneando-saco-del-aire-a-daniel-bisogno\/#primaryimage"},"thumbnailUrl":"https:\/\/elestataldemexico.com\/wp-content\/uploads\/2024\/01\/WhatsApp-Image-2024-01-03-at-9.05.22-PM.jpeg","articleSection":["Espectaculos"],"inLanguage":"es","potentialAction":[{"@type":"CommentAction","name":"Comment","target":["https:\/\/elestataldemexico.com\/index.php\/2024\/01\/03\/adios-tv-azteca-reportan-que-produccion-de-ventaneando-saco-del-aire-a-daniel-bisogno\/#respond"]}]},{"@type":"WebPage","@id":"https:\/\/elestataldemexico.com\/index.php\/2024\/01\/03\/adios-tv-azteca-reportan-que-produccion-de-ventaneando-saco-del-aire-a-daniel-bisogno\/","url":"https:\/\/elestataldemexico.com\/index.php\/2024\/01\/03\/adios-tv-azteca-reportan-que-produccion-de-ventaneando-saco-del-aire-a-daniel-bisogno\/","name":"Adi\u00f3s TV Azteca: Reportan que producci\u00f3n de 'Ventaneando' sac\u00f3 del aire a Daniel Bisogno - El Estatal de M\u00e9xico","isPartOf":{"@id":"https:\/\/elestataldemexico.com\/#website"},"primaryImageOfPage":{"@id":"https:\/\/elestataldemexico.com\/index.php\/2024\/01\/03\/adios-tv-azteca-reportan-que-produccion-de-ventaneando-saco-del-aire-a-daniel-bisogno\/#primaryimage"},"image":{"@id":"https:\/\/elestataldemexico.com\/index.php\/2024\/01\/03\/adios-tv-azteca-reportan-que-produccion-de-ventaneando-saco-del-aire-a-daniel-bisogno\/#primaryimage"},"thumbnailUrl":"https:\/\/elestataldemexico.com\/wp-content\/uploads\/2024\/01\/WhatsApp-Image-2024-01-03-at-9.05.22-PM.jpeg","datePublished":"2024-01-04T02:05:47+00:00","breadcrumb":{"@id":"https:\/\/elestataldemexico.com\/index.php\/2024\/01\/03\/adios-tv-azteca-reportan-que-produccion-de-ventaneando-saco-del-aire-a-daniel-bisogno\/#breadcrumb"},"inLanguage":"es","potentialAction":[{"@type":"ReadAction","target":["https:\/\/elestataldemexico.com\/index.php\/2024\/01\/03\/adios-tv-azteca-reportan-que-produccion-de-ventaneando-saco-del-aire-a-daniel-bisogno\/"]}]},{"@type":"ImageObject","inLanguage":"es","@id":"https:\/\/elestataldemexico.com\/index.php\/2024\/01\/03\/adios-tv-azteca-reportan-que-produccion-de-ventaneando-saco-del-aire-a-daniel-bisogno\/#primaryimage","url":"https:\/\/elestataldemexico.com\/wp-content\/uploads\/2024\/01\/WhatsApp-Image-2024-01-03-at-9.05.22-PM.jpeg","contentUrl":"https:\/\/elestataldemexico.com\/wp-content\/uploads\/2024\/01\/WhatsApp-Image-2024-01-03-at-9.05.22-PM.jpeg","width":378,"height":205},{"@type":"BreadcrumbList","@id":"https:\/\/elestataldemexico.com\/index.php\/2024\/01\/03\/adios-tv-azteca-reportan-que-produccion-de-ventaneando-saco-del-aire-a-daniel-bisogno\/#breadcrumb","itemListElement":[{"@type":"ListItem","position":1,"name":"Portada","item":"https:\/\/elestataldemexico.com\/"},{"@type":"ListItem","position":2,"name":"Adi\u00f3s TV Azteca: Reportan que producci\u00f3n de &#8216;Ventaneando&#8217; sac\u00f3 del aire a Daniel Bisogno"}]},{"@type":"WebSite","@id":"https:\/\/elestataldemexico.com\/#website","url":"https:\/\/elestataldemexico.com\/","name":"El Estatal de M\u00e9xico","description":"","publisher":{"@id":"https:\/\/elestataldemexico.com\/#organization"},"potentialAction":[{"@type":"SearchAction","target":{"@type":"EntryPoint","urlTemplate":"https:\/\/elestataldemexico.com\/?s={search_term_string}"},"query-input":{"@type":"PropertyValueSpecification","valueRequired":true,"valueName":"search_term_string"}}],"inLanguage":"es"},{"@type":"Organization","@id":"https:\/\/elestataldemexico.com\/#organization","name":"El Estatal de M\u00e9xico","url":"https:\/\/elestataldemexico.com\/","logo":{"@type":"ImageObject","inLanguage":"es","@id":"https:\/\/elestataldemexico.com\/#\/schema\/logo\/image\/","url":"https:\/\/elestataldemexico.com\/wp-content\/uploads\/2025\/05\/cropped-elestatal.png","contentUrl":"https:\/\/elestataldemexico.com\/wp-content\/uploads\/2025\/05\/cropped-elestatal.png","width":504,"height":97,"caption":"El Estatal de M\u00e9xico"},"image":{"@id":"https:\/\/elestataldemexico.com\/#\/schema\/logo\/image\/"}},{"@type":"Person","@id":"https:\/\/elestataldemexico.com\/#\/schema\/person\/6c7813c13d2c1571771f592f0fe866bb","name":"admin","image":{"@type":"ImageObject","inLanguage":"es","@id":"https:\/\/secure.gravatar.com\/avatar\/d5ed2db9923a3ad3c0a47f6b3aec7abcb43924b9322251ade16472fc06f7bb5b?s=96&d=mm&r=g","url":"https:\/\/secure.gravatar.com\/avatar\/d5ed2db9923a3ad3c0a47f6b3aec7abcb43924b9322251ade16472fc06f7bb5b?s=96&d=mm&r=g","contentUrl":"https:\/\/secure.gravatar.com\/avatar\/d5ed2db9923a3ad3c0a47f6b3aec7abcb43924b9322251ade16472fc06f7bb5b?s=96&d=mm&r=g","caption":"admin"},"sameAs":["https:\/\/elestataldemexico.com"],"url":"https:\/\/elestataldemexico.com\/index.php\/author\/info_qk62m3p3\/"}]}},"_links":{"self":[{"href":"https:\/\/elestataldemexico.com\/index.php\/wp-json\/wp\/v2\/posts\/20021","targetHints":{"allow":["GET"]}}],"collection":[{"href":"https:\/\/elestataldemexico.com\/index.php\/wp-json\/wp\/v2\/posts"}],"about":[{"href":"https:\/\/elestataldemexico.com\/index.php\/wp-json\/wp\/v2\/types\/post"}],"author":[{"embeddable":true,"href":"https:\/\/elestataldemexico.com\/index.php\/wp-json\/wp\/v2\/users\/1"}],"replies":[{"embeddable":true,"href":"https:\/\/elestataldemexico.com\/index.php\/wp-json\/wp\/v2\/comments?post=20021"}],"version-history":[{"count":0,"href":"https:\/\/elestataldemexico.com\/index.php\/wp-json\/wp\/v2\/posts\/20021\/revisions"}],"wp:featuredmedia":[{"embeddable":true,"href":"https:\/\/elestataldemexico.com\/index.php\/wp-json\/wp\/v2\/media\/20023"}],"wp:attachment":[{"href":"https:\/\/elestataldemexico.com\/index.php\/wp-json\/wp\/v2\/media?parent=20021"}],"wp:term":[{"taxonomy":"category","embeddable":true,"href":"https:\/\/elestataldemexico.com\/index.php\/wp-json\/wp\/v2\/categories?post=20021"},{"taxonomy":"post_tag","embeddable":true,"href":"https:\/\/elestataldemexico.com\/index.php\/wp-json\/wp\/v2\/tags?post=20021"}],"curies":[{"name":"wp","href":"https:\/\/api.w.org\/{rel}","templated":true}]}}